{"id":5716,"date":"2023-02-27T18:08:00","date_gmt":"2023-02-27T16:08:00","guid":{"rendered":"https:\/\/newweb.hospitalsagratcormartorell.org\/entre-tots\/?p=5716"},"modified":"2023-02-28T14:37:36","modified_gmt":"2023-02-28T12:37:36","slug":"el-xvi-curs-dactualitzacio-en-psicogeriatria-va-abordar-les-conductes-addictives-en-gent-gran","status":"publish","type":"post","link":"https:\/\/fundaciohospitalariesmartorell.org\/entre-tots\/2023\/02\/el-xvi-curs-dactualitzacio-en-psicogeriatria-va-abordar-les-conductes-addictives-en-gent-gran\/","title":{"rendered":"El XVI Curs d\u2019Actualitzaci\u00f3 en Psicogeriatria aborda les conductes addictives en gent gran"},"content":{"rendered":"<figure class=\"wp-block-post-featured-image\"><img loading=\"lazy\" decoding=\"async\" width=\"1078\" height=\"748\" src=\"https:\/\/fundaciohospitalariesmartorell.org\/entre-tots\/wp-content\/uploads\/2023\/02\/23_02_24_SAGRAT-COR_CURS-ACTUALITZACIO-PSICOGERIATRIA-ADDICCIONS-copia.jpg\" class=\"attachment-post-thumbnail size-post-thumbnail wp-post-image\" alt=\"\" style=\"object-fit:cover;\" srcset=\"https:\/\/fundaciohospitalariesmartorell.org\/entre-tots\/wp-content\/uploads\/2023\/02\/23_02_24_SAGRAT-COR_CURS-ACTUALITZACIO-PSICOGERIATRIA-ADDICCIONS-copia.jpg 1078w, https:\/\/fundaciohospitalariesmartorell.org\/entre-tots\/wp-content\/uploads\/2023\/02\/23_02_24_SAGRAT-COR_CURS-ACTUALITZACIO-PSICOGERIATRIA-ADDICCIONS-copia-300x208.jpg 300w, https:\/\/fundaciohospitalariesmartorell.org\/entre-tots\/wp-content\/uploads\/2023\/02\/23_02_24_SAGRAT-COR_CURS-ACTUALITZACIO-PSICOGERIATRIA-ADDICCIONS-copia-1024x711.jpg 1024w, https:\/\/fundaciohospitalariesmartorell.org\/entre-tots\/wp-content\/uploads\/2023\/02\/23_02_24_SAGRAT-COR_CURS-ACTUALITZACIO-PSICOGERIATRIA-ADDICCIONS-copia-768x533.jpg 768w\" sizes=\"auto, (max-width: 1078px) 100vw, 1078px\" \/><\/figure>\n\n\n<p>El passat 24 de febrer es va dur a terme el XVI Curs d\u2019Actualitzaci\u00f3 en Psicogeriatria, una activitat integrada al M\u00e0ster i Diplomatura de Postgrau en Psicogeriatria, que organitzen conjuntament l&#8217;Hospital Sagrat Cor i la Universitat Aut\u00f2noma de Barcelona. El curs, que va abordar en aquesta edici\u00f3 les conductes addictives en persones de la tercera edat, es va realitzar de manera virtual i va reunir m\u00e9s de 700 professionals de tot el m\u00f3n<\/p>\n\n\n\n<p>Encara que pugui semblar que el tema de les addiccions \u00e9s una cosa llunyana en la tercera edat, aquesta no \u00e9s la realitat. Segons destaca el doctor Manuel S\u00e1nchez, subdirector m\u00e8dic de Salut Mental de l&#8217;Hospital Sagrat Cor, \u201camb la nostra experi\u00e8ncia hem vist com \u00e9s possible que es produeixin consums abusius d&#8217;alguns f\u00e0rmacs com els opiacis o els psicotr\u00f2pics, per\u00f2 tamb\u00e9 de l&#8217;alcohol o dels jocs d&#8217;atzar\u201d. \u00c9s per aix\u00f2 que es va plantejar la necessitat d&#8217;organitzar aquesta jornada centrada en aquests consums addictius, per ajudar els professionals tant a identificar-los com al fer-ne el maneig posterior.<\/p>\n\n\n\n<p>Podeu trobar m\u00e9s informaci\u00f3 <a rel=\"noreferrer noopener\" href=\"http:\/\/www.hospitalsagratcormartorell.org\/sala-de-premsa\/noticies\/la-meitat-de-les-persones-grans-que-consumeixen-alcohol-de-manera-abusiva-no-estan-diagnosticades.html\" target=\"_blank\">aqu\u00ed<\/a>.<\/p>\n\n\n\n<p>Aqu\u00ed podeu trobar, a dia d\u2019avui, els impactes als mitjans de comunicaci\u00f3:<\/p>\n\n\n\n<ul class=\"wp-block-list\">\n<li>La Vanguardia: <a href=\"https:\/\/www.lavanguardia.com\/vida\/20230225\/8782902\/mayores-enganchados-adicciones-son-exclusiva-jovenes.html\" target=\"_blank\" rel=\"noreferrer noopener\">Digital<\/a> i <a href=\"https:\/\/www.dropbox.com\/s\/az4rngiuuamart8\/20230225%20La%20Vanguardia%20Curs%20actualitzaci%C3%B3%20psicogeriatria.pdf?dl=0\" target=\"_blank\" rel=\"noreferrer noopener\">paper<\/a><\/li>\n\n\n\n<li><a href=\"https:\/\/www.rac1.cat\/opinio\/20230224\/105733\/portada-anna-vallhonesta-adiccions-en-gran.html\" target=\"_blank\" rel=\"noreferrer noopener\">RAC 1<\/a><\/li>\n\n\n\n<li><a href=\"https:\/\/www.elnacional.cat\/ca\/salut\/alarma-augment-casos-alcoholisme-no-diagnosticat-persones-grans_977016_102.html\" target=\"_blank\" rel=\"noreferrer noopener\">El Nacional<\/a><\/li>\n\n\n\n<li><a href=\"https:\/\/www.geriatricarea.com\/2023\/02\/24\/el-abuso-en-el-consumo-de-alcohol-es-la-adiccion-mas-frecuente-en-personas-mayores\/\" target=\"_blank\" rel=\"noreferrer noopener\">Geriatricarea<\/a><\/li>\n\n\n\n<li><a rel=\"noreferrer noopener\" href=\"https:\/\/www.dropbox.com\/s\/ew6hpcr16she60z\/20230224%20Rac%201%20El%20M%C3%B3n%208%20a%209%20Curs%20Actualitzaci%C3%B3%20Psicogeriatria.mp3?dl=0\" target=\"_blank\">Cadena Ser<\/a><\/li>\n\n\n\n<li><a href=\"https:\/\/www.cope.es\/emisoras\/cataluna\/barcelona-provincia\/barcelona\/herrera-a-cope-catalunya-i-andorra\/noticias\/meitat-les-persones-grans-que-consumeixen-alcohol-manera-abusiva-estan-diagnosticades-20230227_2575474\" target=\"_blank\" rel=\"noreferrer noopener\">Cadena COPE Catalunya i Andorra<\/a><\/li>\n<\/ul>\n","protected":false},"excerpt":{"rendered":"<p>El passat 24 de febrer es va dur a terme el XVI Curs d\u2019Actualitzaci\u00f3 en Psicogeriatria, una activitat integrada al M\u00e0ster i Diplomatura de Postgrau en Psicogeriatria, que organitzen conjuntament l&#8217;Hospital Sagrat Cor i la Universitat Aut\u00f2noma de Barcelona. El curs, que va abordar en aquesta edici\u00f3 les conductes addictives en persones de la tercera [&hellip;]<\/p>\n","protected":false},"author":2,"featured_media":5718,"comment_status":"closed","ping_status":"closed","sticky":false,"template":"","format":"standard","meta":{"footnotes":""},"categories":[27],"tags":[],"class_list":["post-5716","post","type-post","status-publish","format-standard","has-post-thumbnail","hentry","category-actualitat"],"blocksy_meta":{"styles_descriptor":{"styles":{"desktop":"","tablet":"","mobile":""},"google_fonts":[],"version":6}},"featured_image_urls_v2":{"full":["https:\/\/fundaciohospitalariesmartorell.org\/entre-tots\/wp-content\/uploads\/2023\/02\/23_02_24_SAGRAT-COR_CURS-ACTUALITZACIO-PSICOGERIATRIA-ADDICCIONS-copia.jpg",1078,748,false],"thumbnail":["https:\/\/fundaciohospitalariesmartorell.org\/entre-tots\/wp-content\/uploads\/2023\/02\/23_02_24_SAGRAT-COR_CURS-ACTUALITZACIO-PSICOGERIATRIA-ADDICCIONS-copia-150x150.jpg",150,150,true],"medium":["https:\/\/fundaciohospitalariesmartorell.org\/entre-tots\/wp-content\/uploads\/2023\/02\/23_02_24_SAGRAT-COR_CURS-ACTUALITZACIO-PSICOGERIATRIA-ADDICCIONS-copia-300x208.jpg",300,208,true],"medium_large":["https:\/\/fundaciohospitalariesmartorell.org\/entre-tots\/wp-content\/uploads\/2023\/02\/23_02_24_SAGRAT-COR_CURS-ACTUALITZACIO-PSICOGERIATRIA-ADDICCIONS-copia-768x533.jpg",768,533,true],"large":["https:\/\/fundaciohospitalariesmartorell.org\/entre-tots\/wp-content\/uploads\/2023\/02\/23_02_24_SAGRAT-COR_CURS-ACTUALITZACIO-PSICOGERIATRIA-ADDICCIONS-copia-1024x711.jpg",1024,711,true],"1536x1536":["https:\/\/fundaciohospitalariesmartorell.org\/entre-tots\/wp-content\/uploads\/2023\/02\/23_02_24_SAGRAT-COR_CURS-ACTUALITZACIO-PSICOGERIATRIA-ADDICCIONS-copia.jpg",1078,748,false],"2048x2048":["https:\/\/fundaciohospitalariesmartorell.org\/entre-tots\/wp-content\/uploads\/2023\/02\/23_02_24_SAGRAT-COR_CURS-ACTUALITZACIO-PSICOGERIATRIA-ADDICCIONS-copia.jpg",1078,748,false],"mailpoet_newsletter_max":["https:\/\/fundaciohospitalariesmartorell.org\/entre-tots\/wp-content\/uploads\/2023\/02\/23_02_24_SAGRAT-COR_CURS-ACTUALITZACIO-PSICOGERIATRIA-ADDICCIONS-copia.jpg",1078,748,false]},"post_excerpt_stackable_v2":"<p>El passat 24 de febrer es va dur a terme el XVI Curs d\u2019Actualitzaci\u00f3 en Psicogeriatria, una activitat integrada al M\u00e0ster i Diplomatura de Postgrau en Psicogeriatria, que organitzen conjuntament l&#8217;Hospital Sagrat Cor i la Universitat Aut\u00f2noma de Barcelona. El curs, que va abordar en aquesta edici\u00f3 les conductes addictives en persones de la tercera edat, es va realitzar de manera virtual i va reunir m\u00e9s de 700 professionals de tot el m\u00f3n Encara que pugui semblar que el tema de les addiccions \u00e9s una cosa llunyana en la tercera edat, aquesta no \u00e9s la realitat. Segons destaca el doctor&hellip;<\/p>\n","category_list_v2":"<a href=\"https:\/\/fundaciohospitalariesmartorell.org\/entre-tots\/category\/actualitat\/\" rel=\"category tag\">ACTUALITAT<\/a>","author_info_v2":{"name":"Sagrat Cor","url":"https:\/\/fundaciohospitalariesmartorell.org\/entre-tots\/author\/daniel\/"},"comments_num_v2":"0 comments","_links":{"self":[{"href":"https:\/\/fundaciohospitalariesmartorell.org\/entre-tots\/wp-json\/wp\/v2\/posts\/5716","targetHints":{"allow":["GET"]}}],"collection":[{"href":"https:\/\/fundaciohospitalariesmartorell.org\/entre-tots\/wp-json\/wp\/v2\/posts"}],"about":[{"href":"https:\/\/fundaciohospitalariesmartorell.org\/entre-tots\/wp-json\/wp\/v2\/types\/post"}],"author":[{"embeddable":true,"href":"https:\/\/fundaciohospitalariesmartorell.org\/entre-tots\/wp-json\/wp\/v2\/users\/2"}],"replies":[{"embeddable":true,"href":"https:\/\/fundaciohospitalariesmartorell.org\/entre-tots\/wp-json\/wp\/v2\/comments?post=5716"}],"version-history":[{"count":6,"href":"https:\/\/fundaciohospitalariesmartorell.org\/entre-tots\/wp-json\/wp\/v2\/posts\/5716\/revisions"}],"predecessor-version":[{"id":5886,"href":"https:\/\/fundaciohospitalariesmartorell.org\/entre-tots\/wp-json\/wp\/v2\/posts\/5716\/revisions\/5886"}],"wp:featuredmedia":[{"embeddable":true,"href":"https:\/\/fundaciohospitalariesmartorell.org\/entre-tots\/wp-json\/wp\/v2\/media\/5718"}],"wp:attachment":[{"href":"https:\/\/fundaciohospitalariesmartorell.org\/entre-tots\/wp-json\/wp\/v2\/media?parent=5716"}],"wp:term":[{"taxonomy":"category","embeddable":true,"href":"https:\/\/fundaciohospitalariesmartorell.org\/entre-tots\/wp-json\/wp\/v2\/categories?post=5716"},{"taxonomy":"post_tag","embeddable":true,"href":"https:\/\/fundaciohospitalariesmartorell.org\/entre-tots\/wp-json\/wp\/v2\/tags?post=5716"}],"curies":[{"name":"wp","href":"https:\/\/api.w.org\/{rel}","templated":true}]}}