{"id":5722,"date":"2023-02-27T18:23:05","date_gmt":"2023-02-27T16:23:05","guid":{"rendered":"https:\/\/newweb.hospitalsagratcormartorell.org\/entre-tots\/?p=5722"},"modified":"2023-02-28T11:56:08","modified_gmt":"2023-02-28T09:56:08","slug":"la-doctora-anna-carol-perez-es-la-nova-directora-de-projectes-assistencials","status":"publish","type":"post","link":"https:\/\/fundaciohospitalariesmartorell.org\/entre-tots\/2023\/02\/la-doctora-anna-carol-perez-es-la-nova-directora-de-projectes-assistencials\/","title":{"rendered":"La doctora Anna Carol P\u00e9rez \u00e9s la nova directora de Projectes Assistencials"},"content":{"rendered":"<figure class=\"wp-block-post-featured-image\"><img loading=\"lazy\" decoding=\"async\" width=\"1334\" height=\"1600\" src=\"https:\/\/fundaciohospitalariesmartorell.org\/entre-tots\/wp-content\/uploads\/2023\/02\/23_02_21_SAGRAT-COR_NOU-CARREC-ANNA-CAROL-PEREZ.jpg\" class=\"attachment-post-thumbnail size-post-thumbnail wp-post-image\" alt=\"\" style=\"object-fit:cover;\" srcset=\"https:\/\/fundaciohospitalariesmartorell.org\/entre-tots\/wp-content\/uploads\/2023\/02\/23_02_21_SAGRAT-COR_NOU-CARREC-ANNA-CAROL-PEREZ.jpg 1334w, https:\/\/fundaciohospitalariesmartorell.org\/entre-tots\/wp-content\/uploads\/2023\/02\/23_02_21_SAGRAT-COR_NOU-CARREC-ANNA-CAROL-PEREZ-250x300.jpg 250w, https:\/\/fundaciohospitalariesmartorell.org\/entre-tots\/wp-content\/uploads\/2023\/02\/23_02_21_SAGRAT-COR_NOU-CARREC-ANNA-CAROL-PEREZ-854x1024.jpg 854w, https:\/\/fundaciohospitalariesmartorell.org\/entre-tots\/wp-content\/uploads\/2023\/02\/23_02_21_SAGRAT-COR_NOU-CARREC-ANNA-CAROL-PEREZ-768x921.jpg 768w, https:\/\/fundaciohospitalariesmartorell.org\/entre-tots\/wp-content\/uploads\/2023\/02\/23_02_21_SAGRAT-COR_NOU-CARREC-ANNA-CAROL-PEREZ-1281x1536.jpg 1281w, https:\/\/fundaciohospitalariesmartorell.org\/entre-tots\/wp-content\/uploads\/2023\/02\/23_02_21_SAGRAT-COR_NOU-CARREC-ANNA-CAROL-PEREZ-1320x1583.jpg 1320w\" sizes=\"auto, (max-width: 1334px) 100vw, 1334px\" \/><\/figure>\n\n\n<p>Des de l\u20191 de novembre de 2022, la doctora Anna Carol P\u00e9rez \u00e9s la nova directora de Projectes Assistencials de l\u2019Hospital Sagrat Cor, un c\u00e0rrec en el qual comparteix dedicaci\u00f3 amb l\u2019Hospital Sant Rafael. La missi\u00f3 d\u2019aquesta \u00e0rea consisteix a donar suport a les Direccions Assistencials i dirigir i coordinar els projectes transversals i de sinergies entre l\u2019Hospital Sant Rafael de Barcelona i l\u2019Hospital Sagrat Cor, d\u2019acord amb l\u2019estrat\u00e8gia de la instituci\u00f3 i amb la finalitat de contribuir a la millora de l\u2019activitat assistencial en termes de qualitat, de comprom\u00eds \u00e8tic i de projecci\u00f3 institucional.<\/p>\n\n\n\n<p>\u201c\u00c9s una \u00e0rea de nova creaci\u00f3 que neix de la necessitat de donar suport a les Direccions Assistencials, la Direcci\u00f3 M\u00e8dica i la Direcci\u00f3 d\u2019Infermeria, i de generar punts de col\u00b7laboraci\u00f3 en l\u2019\u00e0mbit assistencial entre els centres de Sagrat Cor (seu a Martorell) i de Sant Rafael de Barcelona\u201d, explica la Dra. P\u00e9rez. La nova directora de Projectes Assistencials considera que es troba al davant d\u2019una etapa molt interessant i creativa despr\u00e9s de 14 anys com a directora m\u00e8dica de l\u2019Hospital Sant Rafael, i li fa molta il\u00b7lusi\u00f3 contribuir a fomentar la cooperaci\u00f3 assistencial entre centres a trav\u00e9s de les sinergies i els projectes transversals que aportin valor.<\/p>\n\n\n\n<p>Despr\u00e9s d\u2019una primera fase en la qual s\u2019ha concentrat a con\u00e8ixer millor l\u2019Hospital Sagrat Cor i a relacionar les carteres de serveis dels dos centres, la Dra. P\u00e9rez s\u2019ha enfocat a generar espais de treball i trobades amb els equips de Direcci\u00f3 Assistencial dels dos hospitals i a presentar el projecte als Consells de Direcci\u00f3 i a les reunions de Comandaments de cada centre.<\/p>\n\n\n\n<p>\u201cCrec que estem en un bon moment per dur a terme aquest tipus de projectes i que \u00e9s positiu i necessari generar una cultura de treball de col\u00b7laboraci\u00f3 que ens faci sortir dels l\u00edmits de cada hospital i connectar-nos amb altres centres de Germanes Hospital\u00e0ries del nostre entorn\u201d, explica la Dra. P\u00e9rez, que tamb\u00e9 ha volgut destacar la gran qualitat humana i professional dels equips dels centres i l\u2019immens potencial que tenen per sumar esfor\u00e7os i cr\u00e9ixer.<\/p>\n\n\n\n<p>Els projectes per al 2023 en qu\u00e8 est\u00e0 treballant la nova directora de Projectes Assistencials de l\u2019Hospital Sagrat Cor, juntament amb les Direccions Assistencials de Sagrat Cor i Sant Rafael, tenen com a punt de partida generar una estructura del sistema de qualitat assistencial que faciliti la creaci\u00f3 de sinergies i fer-ne un seguiment i una avaluaci\u00f3 en els \u00e0mbits de la qualitat assistencial, la seguretat del pacient, l\u2019\u00e8tica assistencial, la promoci\u00f3 de la salut, la doc\u00e8ncia, la recerca i la innovaci\u00f3.<\/p>\n\n\n\n<p>\u201cEn aquests moments, estem creant la base de relaci\u00f3 i de treball a l\u2019\u00e0rea de qualitat i seguretat del pacient\u201d, comenta la Dra. P\u00e9rez. Tamb\u00e9 assenyala com a l\u2019\u00e0rea de doc\u00e8ncia han comen\u00e7at a concretar col\u00b7laboracions en les sessions dels programes docents, en estades de residents, en eines d\u2019actualitzaci\u00f3 i de cerca bibliogr\u00e0fica o en la preparaci\u00f3 de jornades compartides. A l\u2019\u00e0rea assistencial, estan configurant les vies de relaci\u00f3 professional bidireccional perqu\u00e8 es coneguin els equips i per facilitar possibles ingressos o derivacions de pacients, consultes, protocols, procediments, experi\u00e8ncies i vinculaci\u00f3 entre comissions cl\u00edniques. \u201cVolem que aquests exemples citats i d\u2019altres projectes i iniciatives en qu\u00e8 estem treballant o que vagin sorgint aportin valor als i les professionals i siguin enriquidors per a tothom\u201d.<\/p>\n","protected":false},"excerpt":{"rendered":"<p>Des de l\u20191 de novembre de 2022, la doctora Anna Carol P\u00e9rez \u00e9s la nova directora de Projectes Assistencials de l\u2019Hospital Sagrat Cor, un c\u00e0rrec en el qual comparteix dedicaci\u00f3 amb l\u2019Hospital Sant Rafael. La missi\u00f3 d\u2019aquesta \u00e0rea consisteix a donar suport a les Direccions Assistencials i dirigir i coordinar els projectes transversals i de [&hellip;]<\/p>\n","protected":false},"author":2,"featured_media":5723,"comment_status":"closed","ping_status":"closed","sticky":false,"template":"","format":"standard","meta":{"footnotes":""},"categories":[27],"tags":[],"class_list":["post-5722","post","type-post","status-publish","format-standard","has-post-thumbnail","hentry","category-actualitat"],"blocksy_meta":{"styles_descriptor":{"styles":{"desktop":"","tablet":"","mobile":""},"google_fonts":[],"version":6}},"featured_image_urls_v2":{"full":["https:\/\/fundaciohospitalariesmartorell.org\/entre-tots\/wp-content\/uploads\/2023\/02\/23_02_21_SAGRAT-COR_NOU-CARREC-ANNA-CAROL-PEREZ.jpg",1334,1600,false],"thumbnail":["https:\/\/fundaciohospitalariesmartorell.org\/entre-tots\/wp-content\/uploads\/2023\/02\/23_02_21_SAGRAT-COR_NOU-CARREC-ANNA-CAROL-PEREZ-150x150.jpg",150,150,true],"medium":["https:\/\/fundaciohospitalariesmartorell.org\/entre-tots\/wp-content\/uploads\/2023\/02\/23_02_21_SAGRAT-COR_NOU-CARREC-ANNA-CAROL-PEREZ-250x300.jpg",250,300,true],"medium_large":["https:\/\/fundaciohospitalariesmartorell.org\/entre-tots\/wp-content\/uploads\/2023\/02\/23_02_21_SAGRAT-COR_NOU-CARREC-ANNA-CAROL-PEREZ-768x921.jpg",768,921,true],"large":["https:\/\/fundaciohospitalariesmartorell.org\/entre-tots\/wp-content\/uploads\/2023\/02\/23_02_21_SAGRAT-COR_NOU-CARREC-ANNA-CAROL-PEREZ-854x1024.jpg",854,1024,true],"1536x1536":["https:\/\/fundaciohospitalariesmartorell.org\/entre-tots\/wp-content\/uploads\/2023\/02\/23_02_21_SAGRAT-COR_NOU-CARREC-ANNA-CAROL-PEREZ-1281x1536.jpg",1281,1536,true],"2048x2048":["https:\/\/fundaciohospitalariesmartorell.org\/entre-tots\/wp-content\/uploads\/2023\/02\/23_02_21_SAGRAT-COR_NOU-CARREC-ANNA-CAROL-PEREZ.jpg",1334,1600,false],"mailpoet_newsletter_max":["https:\/\/fundaciohospitalariesmartorell.org\/entre-tots\/wp-content\/uploads\/2023\/02\/23_02_21_SAGRAT-COR_NOU-CARREC-ANNA-CAROL-PEREZ-1320x1583.jpg",1320,1583,true]},"post_excerpt_stackable_v2":"<p>Des de l\u20191 de novembre de 2022, la doctora Anna Carol P\u00e9rez \u00e9s la nova directora de Projectes Assistencials de l\u2019Hospital Sagrat Cor, un c\u00e0rrec en el qual comparteix dedicaci\u00f3 amb l\u2019Hospital Sant Rafael. La missi\u00f3 d\u2019aquesta \u00e0rea consisteix a donar suport a les Direccions Assistencials i dirigir i coordinar els projectes transversals i de sinergies entre l\u2019Hospital Sant Rafael de Barcelona i l\u2019Hospital Sagrat Cor, d\u2019acord amb l\u2019estrat\u00e8gia de la instituci\u00f3 i amb la finalitat de contribuir a la millora de l\u2019activitat assistencial en termes de qualitat, de comprom\u00eds \u00e8tic i de projecci\u00f3 institucional. \u201c\u00c9s una \u00e0rea de nova&hellip;<\/p>\n","category_list_v2":"<a href=\"https:\/\/fundaciohospitalariesmartorell.org\/entre-tots\/category\/actualitat\/\" rel=\"category tag\">ACTUALITAT<\/a>","author_info_v2":{"name":"Sagrat Cor","url":"https:\/\/fundaciohospitalariesmartorell.org\/entre-tots\/author\/daniel\/"},"comments_num_v2":"0 comments","_links":{"self":[{"href":"https:\/\/fundaciohospitalariesmartorell.org\/entre-tots\/wp-json\/wp\/v2\/posts\/5722","targetHints":{"allow":["GET"]}}],"collection":[{"href":"https:\/\/fundaciohospitalariesmartorell.org\/entre-tots\/wp-json\/wp\/v2\/posts"}],"about":[{"href":"https:\/\/fundaciohospitalariesmartorell.org\/entre-tots\/wp-json\/wp\/v2\/types\/post"}],"author":[{"embeddable":true,"href":"https:\/\/fundaciohospitalariesmartorell.org\/entre-tots\/wp-json\/wp\/v2\/users\/2"}],"replies":[{"embeddable":true,"href":"https:\/\/fundaciohospitalariesmartorell.org\/entre-tots\/wp-json\/wp\/v2\/comments?post=5722"}],"version-history":[{"count":2,"href":"https:\/\/fundaciohospitalariesmartorell.org\/entre-tots\/wp-json\/wp\/v2\/posts\/5722\/revisions"}],"predecessor-version":[{"id":5726,"href":"https:\/\/fundaciohospitalariesmartorell.org\/entre-tots\/wp-json\/wp\/v2\/posts\/5722\/revisions\/5726"}],"wp:featuredmedia":[{"embeddable":true,"href":"https:\/\/fundaciohospitalariesmartorell.org\/entre-tots\/wp-json\/wp\/v2\/media\/5723"}],"wp:attachment":[{"href":"https:\/\/fundaciohospitalariesmartorell.org\/entre-tots\/wp-json\/wp\/v2\/media?parent=5722"}],"wp:term":[{"taxonomy":"category","embeddable":true,"href":"https:\/\/fundaciohospitalariesmartorell.org\/entre-tots\/wp-json\/wp\/v2\/categories?post=5722"},{"taxonomy":"post_tag","embeddable":true,"href":"https:\/\/fundaciohospitalariesmartorell.org\/entre-tots\/wp-json\/wp\/v2\/tags?post=5722"}],"curies":[{"name":"wp","href":"https:\/\/api.w.org\/{rel}","templated":true}]}}