{"id":5725,"date":"2023-02-27T18:23:45","date_gmt":"2023-02-27T16:23:45","guid":{"rendered":"https:\/\/newweb.hospitalsagratcormartorell.org\/entre-tots\/?p=5725"},"modified":"2023-02-28T17:59:18","modified_gmt":"2023-02-28T15:59:18","slug":"reprenem-les-visites-als-equipaments-comunitaris","status":"publish","type":"post","link":"https:\/\/fundaciohospitalariesmartorell.org\/entre-tots\/2023\/02\/reprenem-les-visites-als-equipaments-comunitaris\/","title":{"rendered":"Reprenem les visites als equipaments comunitaris"},"content":{"rendered":"<figure class=\"wp-block-post-featured-image\"><img loading=\"lazy\" decoding=\"async\" width=\"993\" height=\"1000\" src=\"https:\/\/fundaciohospitalariesmartorell.org\/entre-tots\/wp-content\/uploads\/2023\/02\/23_02_21_SAGRAT-COR_Mapa-visitas-consell-direccio_V2.jpg\" class=\"attachment-post-thumbnail size-post-thumbnail wp-post-image\" alt=\"\" style=\"object-fit:cover;\" srcset=\"https:\/\/fundaciohospitalariesmartorell.org\/entre-tots\/wp-content\/uploads\/2023\/02\/23_02_21_SAGRAT-COR_Mapa-visitas-consell-direccio_V2.jpg 993w, https:\/\/fundaciohospitalariesmartorell.org\/entre-tots\/wp-content\/uploads\/2023\/02\/23_02_21_SAGRAT-COR_Mapa-visitas-consell-direccio_V2-298x300.jpg 298w, https:\/\/fundaciohospitalariesmartorell.org\/entre-tots\/wp-content\/uploads\/2023\/02\/23_02_21_SAGRAT-COR_Mapa-visitas-consell-direccio_V2-150x150.jpg 150w, https:\/\/fundaciohospitalariesmartorell.org\/entre-tots\/wp-content\/uploads\/2023\/02\/23_02_21_SAGRAT-COR_Mapa-visitas-consell-direccio_V2-768x773.jpg 768w\" sizes=\"auto, (max-width: 993px) 100vw, 993px\" \/><\/figure>\n\n\n<p>La pand\u00e8mia de covid-19 va obligar a suspendre temporalment les visites del Consell de Direcci\u00f3 de l\u2019Hospital Sagrat Cor als equipaments comunitaris. Finalment, aquests despla\u00e7aments als diferents territoris on es disposa d\u2019instal\u00b7lacions d\u2019atenci\u00f3 comunit\u00e0ria s\u2019han pogut reprendre aquest any.<\/p>\n\n\n\n<p>La primera cita va ser el 30 de gener, als serveis de salut mental comunitaris del Bergued\u00e0.&nbsp;La coordinadora dels Serveis, la doctora Montse Guitart, va ser l\u2019encarregada de rebre el Consell de Direcci\u00f3 i d\u2019acompanyar-ne els membres a visitar el CSMA, el CASD, l\u2019Hospital de Dia i el Servei de Rehabilitaci\u00f3 Comunit\u00e0ria (SRC). Seguidament, es va fer una trobada conjunta amb professionals de tots aquests serveis, on es van compartir projectes i preocupacions, en un ambient molt acollidor i constructiu.<\/p>\n\n\n\n<figure class=\"wp-block-image size-large\"><img loading=\"lazy\" decoding=\"async\" width=\"1024\" height=\"768\" src=\"https:\/\/hospitalsagratcormartorell.org\/entre-tots\/wp-content\/uploads\/2023\/02\/23_01_30_Visita-comite-direccio-a-Berga-1024x768.jpeg\" alt=\"\" class=\"wp-image-5731\" srcset=\"https:\/\/fundaciohospitalariesmartorell.org\/entre-tots\/wp-content\/uploads\/2023\/02\/23_01_30_Visita-comite-direccio-a-Berga-1024x768.jpeg 1024w, https:\/\/fundaciohospitalariesmartorell.org\/entre-tots\/wp-content\/uploads\/2023\/02\/23_01_30_Visita-comite-direccio-a-Berga-300x225.jpeg 300w, https:\/\/fundaciohospitalariesmartorell.org\/entre-tots\/wp-content\/uploads\/2023\/02\/23_01_30_Visita-comite-direccio-a-Berga-768x576.jpeg 768w, https:\/\/fundaciohospitalariesmartorell.org\/entre-tots\/wp-content\/uploads\/2023\/02\/23_01_30_Visita-comite-direccio-a-Berga-1536x1152.jpeg 1536w, https:\/\/fundaciohospitalariesmartorell.org\/entre-tots\/wp-content\/uploads\/2023\/02\/23_01_30_Visita-comite-direccio-a-Berga-1320x990.jpeg 1320w, https:\/\/fundaciohospitalariesmartorell.org\/entre-tots\/wp-content\/uploads\/2023\/02\/23_01_30_Visita-comite-direccio-a-Berga.jpeg 2048w\" sizes=\"auto, (max-width: 1024px) 100vw, 1024px\" \/><figcaption class=\"wp-element-caption\"> <\/figcaption><\/figure>\n\n\n\n<p>El 8 de febrer, el Consell de Direcci\u00f3 es va despla\u00e7ar fins a Sant Feliu de Llobregat. La coordinadora dels Serveis Comunitaris del Baix Llobregat Centre de l&#8217;Hospital Sagrat Cor,&nbsp;la doctora \u00c0gueda Solivellas, va acompanyar els membres del Consell durant la visita. A primera hora es van reunir amb l\u2019equip del CSMA de Sant Feliu a l&#8217;ABS del Pla i, posteriorment, van anar a la finca Pins d\u2019Or per trobar-se amb els equips de professionals de l&#8217;Hospital de Dia Sociosanitari i del Servei de Rehabilitaci\u00f3 Comunit\u00e0ria. La parada seg\u00fcent va ser a Molins de Rei, on els esperaven la coordinadora de l&#8217;\u00c0rea Infantil i Juvenil de l&#8217;Hospital Sagrat Cor, Rosa Almi\u00f1ana, i l\u2019equip del CSMIJ del municipi.&nbsp;<\/p>\n\n\n\n<figure class=\"wp-block-image size-large\"><img loading=\"lazy\" decoding=\"async\" width=\"1024\" height=\"768\" src=\"https:\/\/hospitalsagratcormartorell.org\/entre-tots\/wp-content\/uploads\/2023\/02\/23_02_08_SAGRAT-COR_VISITA-DIRECCIO-SANT-FELIU_03-1024x768.jpeg\" alt=\"\" class=\"wp-image-5734\" srcset=\"https:\/\/fundaciohospitalariesmartorell.org\/entre-tots\/wp-content\/uploads\/2023\/02\/23_02_08_SAGRAT-COR_VISITA-DIRECCIO-SANT-FELIU_03-1024x768.jpeg 1024w, https:\/\/fundaciohospitalariesmartorell.org\/entre-tots\/wp-content\/uploads\/2023\/02\/23_02_08_SAGRAT-COR_VISITA-DIRECCIO-SANT-FELIU_03-300x225.jpeg 300w, https:\/\/fundaciohospitalariesmartorell.org\/entre-tots\/wp-content\/uploads\/2023\/02\/23_02_08_SAGRAT-COR_VISITA-DIRECCIO-SANT-FELIU_03-768x576.jpeg 768w, https:\/\/fundaciohospitalariesmartorell.org\/entre-tots\/wp-content\/uploads\/2023\/02\/23_02_08_SAGRAT-COR_VISITA-DIRECCIO-SANT-FELIU_03-1536x1152.jpeg 1536w, https:\/\/fundaciohospitalariesmartorell.org\/entre-tots\/wp-content\/uploads\/2023\/02\/23_02_08_SAGRAT-COR_VISITA-DIRECCIO-SANT-FELIU_03-1320x990.jpeg 1320w, https:\/\/fundaciohospitalariesmartorell.org\/entre-tots\/wp-content\/uploads\/2023\/02\/23_02_08_SAGRAT-COR_VISITA-DIRECCIO-SANT-FELIU_03.jpeg 1600w\" sizes=\"auto, (max-width: 1024px) 100vw, 1024px\" \/><\/figure>\n\n\n\n<p>Finalment, el 17 de febrer el Consell de Direcci\u00f3 va visitar les comarques de l\u2019Alt Pened\u00e8s i el Garraf. La visita es va iniciar a Vilafranca, on la coordinadora dels Serveis de Salut Mental, la doctora Pilar Muley, va fer l\u2019acollida als membres del Consell i els va fer cinc c\u00e8ntims de les problem\u00e0tiques i els projectes als quals est\u00e0 fent front el personal professional a l&#8217;Alt Pened\u00e8s. Despr\u00e9s de visitar les instal\u00b7lacions de l\u2019Hospital de Dia i de l&#8217;SRC, el Consell de Direcci\u00f3 es va traslladar al CAP Nord, on es troben el CSMA i el CASD de Vilafranca.&nbsp;All\u00e0, es van reunir amb professionals dels diferents dispositius i van compartir impressions sobre la situaci\u00f3 general de la sanitat a Catalunya i, en particular, sobre q\u00fcestions que afecten la realitat del nostre Hospital, que ens condicionen i, probablement, ens condicionaran els propers anys.<\/p>\n\n\n\n<figure class=\"wp-block-image size-large\"><img loading=\"lazy\" decoding=\"async\" width=\"769\" height=\"1024\" src=\"https:\/\/hospitalsagratcormartorell.org\/entre-tots\/wp-content\/uploads\/2023\/02\/23_02_08_SAGRAT-COR_VISITA-DIRECCIO-PINS-DOR_02-769x1024.jpeg\" alt=\"\" class=\"wp-image-5743\" srcset=\"https:\/\/fundaciohospitalariesmartorell.org\/entre-tots\/wp-content\/uploads\/2023\/02\/23_02_08_SAGRAT-COR_VISITA-DIRECCIO-PINS-DOR_02-769x1024.jpeg 769w, https:\/\/fundaciohospitalariesmartorell.org\/entre-tots\/wp-content\/uploads\/2023\/02\/23_02_08_SAGRAT-COR_VISITA-DIRECCIO-PINS-DOR_02-225x300.jpeg 225w, https:\/\/fundaciohospitalariesmartorell.org\/entre-tots\/wp-content\/uploads\/2023\/02\/23_02_08_SAGRAT-COR_VISITA-DIRECCIO-PINS-DOR_02-768x1023.jpeg 768w, https:\/\/fundaciohospitalariesmartorell.org\/entre-tots\/wp-content\/uploads\/2023\/02\/23_02_08_SAGRAT-COR_VISITA-DIRECCIO-PINS-DOR_02-1153x1536.jpeg 1153w, https:\/\/fundaciohospitalariesmartorell.org\/entre-tots\/wp-content\/uploads\/2023\/02\/23_02_08_SAGRAT-COR_VISITA-DIRECCIO-PINS-DOR_02-1320x1759.jpeg 1320w, https:\/\/fundaciohospitalariesmartorell.org\/entre-tots\/wp-content\/uploads\/2023\/02\/23_02_08_SAGRAT-COR_VISITA-DIRECCIO-PINS-DOR_02.jpeg 1537w\" sizes=\"auto, (max-width: 769px) 100vw, 769px\" \/><\/figure>\n\n\n\n<figure class=\"wp-block-image size-full\"><img loading=\"lazy\" decoding=\"async\" width=\"1024\" height=\"576\" src=\"https:\/\/hospitalsagratcormartorell.org\/entre-tots\/wp-content\/uploads\/2023\/02\/23_02_17_SAGRAT-COR_VISITA-COMITE-DIRECCIO-VILAFRANCA.jpg\" alt=\"\" class=\"wp-image-5741\" srcset=\"https:\/\/fundaciohospitalariesmartorell.org\/entre-tots\/wp-content\/uploads\/2023\/02\/23_02_17_SAGRAT-COR_VISITA-COMITE-DIRECCIO-VILAFRANCA.jpg 1024w, https:\/\/fundaciohospitalariesmartorell.org\/entre-tots\/wp-content\/uploads\/2023\/02\/23_02_17_SAGRAT-COR_VISITA-COMITE-DIRECCIO-VILAFRANCA-300x169.jpg 300w, https:\/\/fundaciohospitalariesmartorell.org\/entre-tots\/wp-content\/uploads\/2023\/02\/23_02_17_SAGRAT-COR_VISITA-COMITE-DIRECCIO-VILAFRANCA-768x432.jpg 768w\" sizes=\"auto, (max-width: 1024px) 100vw, 1024px\" \/><figcaption class=\"wp-element-caption\"> <\/figcaption><\/figure>\n\n\n\n<p>Seguidament, el Consell de Direcci\u00f3 es va despla\u00e7ar fins al Garraf, on va visitar el CASD de Vilanova. L\u2019equip del CASD li va traslladar algunes de les seves experi\u00e8ncies d&#8217;hospitalitat, com ara donar suport i caliu a persones usu\u00e0ries que viuen en la marginalitat m\u00e9s extrema.<\/p>\n\n\n\n<figure class=\"wp-block-image size-large\"><img loading=\"lazy\" decoding=\"async\" width=\"1024\" height=\"777\" src=\"https:\/\/hospitalsagratcormartorell.org\/entre-tots\/wp-content\/uploads\/2023\/02\/23_02_17_SAGRAT-COR_VISITA-COMITE-DIRECCIO-VILANOVA-1024x777.jpg\" alt=\"\" class=\"wp-image-5742\" srcset=\"https:\/\/fundaciohospitalariesmartorell.org\/entre-tots\/wp-content\/uploads\/2023\/02\/23_02_17_SAGRAT-COR_VISITA-COMITE-DIRECCIO-VILANOVA-1024x777.jpg 1024w, https:\/\/fundaciohospitalariesmartorell.org\/entre-tots\/wp-content\/uploads\/2023\/02\/23_02_17_SAGRAT-COR_VISITA-COMITE-DIRECCIO-VILANOVA-300x228.jpg 300w, https:\/\/fundaciohospitalariesmartorell.org\/entre-tots\/wp-content\/uploads\/2023\/02\/23_02_17_SAGRAT-COR_VISITA-COMITE-DIRECCIO-VILANOVA-768x583.jpg 768w, https:\/\/fundaciohospitalariesmartorell.org\/entre-tots\/wp-content\/uploads\/2023\/02\/23_02_17_SAGRAT-COR_VISITA-COMITE-DIRECCIO-VILANOVA.jpg 1281w\" sizes=\"auto, (max-width: 1024px) 100vw, 1024px\" \/><figcaption class=\"wp-element-caption\"> <\/figcaption><\/figure>\n\n\n\n<p>En totes aquestes visites es va fer evident la import\u00e0ncia de&nbsp;compartir <em>in situ<\/em> les preocupacions dels equips i els projectes a curt i llarg termini per continuar avan\u00e7ant entre totes i tots.<\/p>\n","protected":false},"excerpt":{"rendered":"<p>La pand\u00e8mia de covid-19 va obligar a suspendre temporalment les visites del Consell de Direcci\u00f3 de l\u2019Hospital Sagrat Cor als equipaments comunitaris. Finalment, aquests despla\u00e7aments als diferents territoris on es disposa d\u2019instal\u00b7lacions d\u2019atenci\u00f3 comunit\u00e0ria s\u2019han pogut reprendre aquest any. La primera cita va ser el 30 de gener, als serveis de salut mental comunitaris del [&hellip;]<\/p>\n","protected":false},"author":2,"featured_media":5892,"comment_status":"closed","ping_status":"closed","sticky":false,"template":"","format":"standard","meta":{"footnotes":""},"categories":[27],"tags":[],"class_list":["post-5725","post","type-post","status-publish","format-standard","has-post-thumbnail","hentry","category-actualitat"],"blocksy_meta":{"styles_descriptor":{"styles":{"desktop":"","tablet":"","mobile":""},"google_fonts":[],"version":6}},"featured_image_urls_v2":{"full":["https:\/\/fundaciohospitalariesmartorell.org\/entre-tots\/wp-content\/uploads\/2023\/02\/23_02_21_SAGRAT-COR_Mapa-visitas-consell-direccio_V2.jpg",993,1000,false],"thumbnail":["https:\/\/fundaciohospitalariesmartorell.org\/entre-tots\/wp-content\/uploads\/2023\/02\/23_02_21_SAGRAT-COR_Mapa-visitas-consell-direccio_V2-150x150.jpg",150,150,true],"medium":["https:\/\/fundaciohospitalariesmartorell.org\/entre-tots\/wp-content\/uploads\/2023\/02\/23_02_21_SAGRAT-COR_Mapa-visitas-consell-direccio_V2-298x300.jpg",298,300,true],"medium_large":["https:\/\/fundaciohospitalariesmartorell.org\/entre-tots\/wp-content\/uploads\/2023\/02\/23_02_21_SAGRAT-COR_Mapa-visitas-consell-direccio_V2-768x773.jpg",768,773,true],"large":["https:\/\/fundaciohospitalariesmartorell.org\/entre-tots\/wp-content\/uploads\/2023\/02\/23_02_21_SAGRAT-COR_Mapa-visitas-consell-direccio_V2.jpg",993,1000,false],"1536x1536":["https:\/\/fundaciohospitalariesmartorell.org\/entre-tots\/wp-content\/uploads\/2023\/02\/23_02_21_SAGRAT-COR_Mapa-visitas-consell-direccio_V2.jpg",993,1000,false],"2048x2048":["https:\/\/fundaciohospitalariesmartorell.org\/entre-tots\/wp-content\/uploads\/2023\/02\/23_02_21_SAGRAT-COR_Mapa-visitas-consell-direccio_V2.jpg",993,1000,false],"mailpoet_newsletter_max":["https:\/\/fundaciohospitalariesmartorell.org\/entre-tots\/wp-content\/uploads\/2023\/02\/23_02_21_SAGRAT-COR_Mapa-visitas-consell-direccio_V2.jpg",993,1000,false]},"post_excerpt_stackable_v2":"<p>La pand\u00e8mia de covid-19 va obligar a suspendre temporalment les visites del Consell de Direcci\u00f3 de l\u2019Hospital Sagrat Cor als equipaments comunitaris. Finalment, aquests despla\u00e7aments als diferents territoris on es disposa d\u2019instal\u00b7lacions d\u2019atenci\u00f3 comunit\u00e0ria s\u2019han pogut reprendre aquest any. La primera cita va ser el 30 de gener, als serveis de salut mental comunitaris del Bergued\u00e0.&nbsp;La coordinadora dels Serveis, la doctora Montse Guitart, va ser l\u2019encarregada de rebre el Consell de Direcci\u00f3 i d\u2019acompanyar-ne els membres a visitar el CSMA, el CASD, l\u2019Hospital de Dia i el Servei de Rehabilitaci\u00f3 Comunit\u00e0ria (SRC). Seguidament, es va fer una trobada conjunta amb&hellip;<\/p>\n","category_list_v2":"<a href=\"https:\/\/fundaciohospitalariesmartorell.org\/entre-tots\/category\/actualitat\/\" rel=\"category tag\">ACTUALITAT<\/a>","author_info_v2":{"name":"Sagrat Cor","url":"https:\/\/fundaciohospitalariesmartorell.org\/entre-tots\/author\/daniel\/"},"comments_num_v2":"0 comments","_links":{"self":[{"href":"https:\/\/fundaciohospitalariesmartorell.org\/entre-tots\/wp-json\/wp\/v2\/posts\/5725","targetHints":{"allow":["GET"]}}],"collection":[{"href":"https:\/\/fundaciohospitalariesmartorell.org\/entre-tots\/wp-json\/wp\/v2\/posts"}],"about":[{"href":"https:\/\/fundaciohospitalariesmartorell.org\/entre-tots\/wp-json\/wp\/v2\/types\/post"}],"author":[{"embeddable":true,"href":"https:\/\/fundaciohospitalariesmartorell.org\/entre-tots\/wp-json\/wp\/v2\/users\/2"}],"replies":[{"embeddable":true,"href":"https:\/\/fundaciohospitalariesmartorell.org\/entre-tots\/wp-json\/wp\/v2\/comments?post=5725"}],"version-history":[{"count":11,"href":"https:\/\/fundaciohospitalariesmartorell.org\/entre-tots\/wp-json\/wp\/v2\/posts\/5725\/revisions"}],"predecessor-version":[{"id":5891,"href":"https:\/\/fundaciohospitalariesmartorell.org\/entre-tots\/wp-json\/wp\/v2\/posts\/5725\/revisions\/5891"}],"wp:featuredmedia":[{"embeddable":true,"href":"https:\/\/fundaciohospitalariesmartorell.org\/entre-tots\/wp-json\/wp\/v2\/media\/5892"}],"wp:attachment":[{"href":"https:\/\/fundaciohospitalariesmartorell.org\/entre-tots\/wp-json\/wp\/v2\/media?parent=5725"}],"wp:term":[{"taxonomy":"category","embeddable":true,"href":"https:\/\/fundaciohospitalariesmartorell.org\/entre-tots\/wp-json\/wp\/v2\/categories?post=5725"},{"taxonomy":"post_tag","embeddable":true,"href":"https:\/\/fundaciohospitalariesmartorell.org\/entre-tots\/wp-json\/wp\/v2\/tags?post=5725"}],"curies":[{"name":"wp","href":"https:\/\/api.w.org\/{rel}","templated":true}]}}