{"id":5748,"date":"2023-02-27T18:50:29","date_gmt":"2023-02-27T16:50:29","guid":{"rendered":"https:\/\/newweb.hospitalsagratcormartorell.org\/entre-tots\/?p=5748"},"modified":"2023-02-28T15:17:24","modified_gmt":"2023-02-28T13:17:24","slug":"adhesio-a-la-xarxa-dhospitals-i-centres-promotors-de-la-salut","status":"publish","type":"post","link":"https:\/\/fundaciohospitalariesmartorell.org\/entre-tots\/2023\/02\/adhesio-a-la-xarxa-dhospitals-i-centres-promotors-de-la-salut\/","title":{"rendered":"Adhesi\u00f3 a la Xarxa d\u2019Hospitals i Centres Promotors de la Salut"},"content":{"rendered":"<figure class=\"wp-block-post-featured-image\"><img loading=\"lazy\" decoding=\"async\" width=\"518\" height=\"224\" src=\"https:\/\/fundaciohospitalariesmartorell.org\/entre-tots\/wp-content\/uploads\/2023\/02\/image.png\" class=\"attachment-post-thumbnail size-post-thumbnail wp-post-image\" alt=\"\" style=\"object-fit:cover;\" srcset=\"https:\/\/fundaciohospitalariesmartorell.org\/entre-tots\/wp-content\/uploads\/2023\/02\/image.png 518w, https:\/\/fundaciohospitalariesmartorell.org\/entre-tots\/wp-content\/uploads\/2023\/02\/image-300x130.png 300w\" sizes=\"auto, (max-width: 518px) 100vw, 518px\" \/><\/figure>\n\n\n<p>L\u2019Hospital Sagrat Cor es va adherir a la Xarxa Catalana d\u2019Hospitals i Centres Promotors de la Salut al desembre de 2022, una xarxa formada per centres del territori catal\u00e0 que col\u00b7laboren per promoure el coneixement de les persones sobre la seva salut, millorar la comunicaci\u00f3 entre els i les professionals de la salut i les persones ateses, aconseguir un entorn laboral m\u00e9s saludable i tenir implantat un sistema de treball que promogui la salut en les organitzacions sanit\u00e0ries.<\/p>\n\n\n\n<p>La missi\u00f3 i el valor central de l\u2019hospitalitat del Centre constitueixen la base del seu comprom\u00eds amb la promoci\u00f3 de la salut amb la qual es volen impulsar activitats que condueixin a augmentar la capacitat de les persones, pacients, familiars i cuidadors, per a ser agents actius i responsables de la seva pr\u00f2pia salut.&nbsp;<\/p>\n\n\n\n<p>L&#8217;Hospital Sagrat Cor ent\u00e9n el comprom\u00eds de la promoci\u00f3 de la salut de forma global i orientat a tots els \u00e0mbits de l\u2019Organitzaci\u00f3, fonamentalment als i les professionals que hi treballen a trav\u00e9s d\u2019activitats impulsades i operativitzades amb el Programa \u201cCuida\u2019t per Cuidar\u201d, per\u00f2 tamb\u00e9 a la comunitat, a la societat i al medi ambient.&nbsp;<\/p>\n\n\n\n<p>Els objectius del nostre Centre s\u00f3n posar en valor les pr\u00e0ctiques de promoci\u00f3 de la salut que ja estem portant a terme, potenciar la cultura de promoci\u00f3 de la salut entre els i les nostres pacients i professionals, i establir un model integral de promoci\u00f3 de la salut.<\/p>\n\n\n\n<p>Formant part d\u2019aquesta Xarxa, l&#8217;Hospital Sagrat Cor vol compartir amb altres organitzacions sanit\u00e0ries les bones pr\u00e0ctiques en l\u2019\u00e0mbit de la promoci\u00f3 de la salut, tant pel que fa als i les pacients, com als i les professionals, aix\u00ed com a la societat en general.<\/p>\n","protected":false},"excerpt":{"rendered":"<p>L\u2019Hospital Sagrat Cor es va adherir a la Xarxa Catalana d\u2019Hospitals i Centres Promotors de la Salut al desembre de 2022, una xarxa formada per centres del territori catal\u00e0 que col\u00b7laboren per promoure el coneixement de les persones sobre la seva salut, millorar la comunicaci\u00f3 entre els i les professionals de la salut i les [&hellip;]<\/p>\n","protected":false},"author":2,"featured_media":5750,"comment_status":"closed","ping_status":"closed","sticky":false,"template":"","format":"standard","meta":{"footnotes":""},"categories":[27],"tags":[],"class_list":["post-5748","post","type-post","status-publish","format-standard","has-post-thumbnail","hentry","category-actualitat"],"blocksy_meta":{"styles_descriptor":{"styles":{"desktop":"","tablet":"","mobile":""},"google_fonts":[],"version":6}},"featured_image_urls_v2":{"full":["https:\/\/fundaciohospitalariesmartorell.org\/entre-tots\/wp-content\/uploads\/2023\/02\/image.png",518,224,false],"thumbnail":["https:\/\/fundaciohospitalariesmartorell.org\/entre-tots\/wp-content\/uploads\/2023\/02\/image-150x150.png",150,150,true],"medium":["https:\/\/fundaciohospitalariesmartorell.org\/entre-tots\/wp-content\/uploads\/2023\/02\/image-300x130.png",300,130,true],"medium_large":["https:\/\/fundaciohospitalariesmartorell.org\/entre-tots\/wp-content\/uploads\/2023\/02\/image.png",518,224,false],"large":["https:\/\/fundaciohospitalariesmartorell.org\/entre-tots\/wp-content\/uploads\/2023\/02\/image.png",518,224,false],"1536x1536":["https:\/\/fundaciohospitalariesmartorell.org\/entre-tots\/wp-content\/uploads\/2023\/02\/image.png",518,224,false],"2048x2048":["https:\/\/fundaciohospitalariesmartorell.org\/entre-tots\/wp-content\/uploads\/2023\/02\/image.png",518,224,false],"mailpoet_newsletter_max":["https:\/\/fundaciohospitalariesmartorell.org\/entre-tots\/wp-content\/uploads\/2023\/02\/image.png",518,224,false]},"post_excerpt_stackable_v2":"<p>L\u2019Hospital Sagrat Cor es va adherir a la Xarxa Catalana d\u2019Hospitals i Centres Promotors de la Salut al desembre de 2022, una xarxa formada per centres del territori catal\u00e0 que col\u00b7laboren per promoure el coneixement de les persones sobre la seva salut, millorar la comunicaci\u00f3 entre els i les professionals de la salut i les persones ateses, aconseguir un entorn laboral m\u00e9s saludable i tenir implantat un sistema de treball que promogui la salut en les organitzacions sanit\u00e0ries. La missi\u00f3 i el valor central de l\u2019hospitalitat del Centre constitueixen la base del seu comprom\u00eds amb la promoci\u00f3 de la salut&hellip;<\/p>\n","category_list_v2":"<a href=\"https:\/\/fundaciohospitalariesmartorell.org\/entre-tots\/category\/actualitat\/\" rel=\"category tag\">ACTUALITAT<\/a>","author_info_v2":{"name":"Sagrat Cor","url":"https:\/\/fundaciohospitalariesmartorell.org\/entre-tots\/author\/daniel\/"},"comments_num_v2":"0 comments","_links":{"self":[{"href":"https:\/\/fundaciohospitalariesmartorell.org\/entre-tots\/wp-json\/wp\/v2\/posts\/5748","targetHints":{"allow":["GET"]}}],"collection":[{"href":"https:\/\/fundaciohospitalariesmartorell.org\/entre-tots\/wp-json\/wp\/v2\/posts"}],"about":[{"href":"https:\/\/fundaciohospitalariesmartorell.org\/entre-tots\/wp-json\/wp\/v2\/types\/post"}],"author":[{"embeddable":true,"href":"https:\/\/fundaciohospitalariesmartorell.org\/entre-tots\/wp-json\/wp\/v2\/users\/2"}],"replies":[{"embeddable":true,"href":"https:\/\/fundaciohospitalariesmartorell.org\/entre-tots\/wp-json\/wp\/v2\/comments?post=5748"}],"version-history":[{"count":5,"href":"https:\/\/fundaciohospitalariesmartorell.org\/entre-tots\/wp-json\/wp\/v2\/posts\/5748\/revisions"}],"predecessor-version":[{"id":5887,"href":"https:\/\/fundaciohospitalariesmartorell.org\/entre-tots\/wp-json\/wp\/v2\/posts\/5748\/revisions\/5887"}],"wp:featuredmedia":[{"embeddable":true,"href":"https:\/\/fundaciohospitalariesmartorell.org\/entre-tots\/wp-json\/wp\/v2\/media\/5750"}],"wp:attachment":[{"href":"https:\/\/fundaciohospitalariesmartorell.org\/entre-tots\/wp-json\/wp\/v2\/media?parent=5748"}],"wp:term":[{"taxonomy":"category","embeddable":true,"href":"https:\/\/fundaciohospitalariesmartorell.org\/entre-tots\/wp-json\/wp\/v2\/categories?post=5748"},{"taxonomy":"post_tag","embeddable":true,"href":"https:\/\/fundaciohospitalariesmartorell.org\/entre-tots\/wp-json\/wp\/v2\/tags?post=5748"}],"curies":[{"name":"wp","href":"https:\/\/api.w.org\/{rel}","templated":true}]}}