{"id":5752,"date":"2023-02-27T18:54:14","date_gmt":"2023-02-27T16:54:14","guid":{"rendered":"https:\/\/newweb.hospitalsagratcormartorell.org\/entre-tots\/?p=5752"},"modified":"2023-02-28T11:55:43","modified_gmt":"2023-02-28T09:55:43","slug":"expliquem-els-nostres-recursos-de-salut-mental-a-martorell-a-la-jornada-fem-xarxa","status":"publish","type":"post","link":"https:\/\/fundaciohospitalariesmartorell.org\/entre-tots\/2023\/02\/expliquem-els-nostres-recursos-de-salut-mental-a-martorell-a-la-jornada-fem-xarxa\/","title":{"rendered":"Expliquem els nostres recursos de salut mental a Martorell a la jornada \u2018Fem Xarxa\u2019"},"content":{"rendered":"<figure class=\"wp-block-post-featured-image\"><img loading=\"lazy\" decoding=\"async\" width=\"2560\" height=\"1964\" src=\"https:\/\/fundaciohospitalariesmartorell.org\/entre-tots\/wp-content\/uploads\/2023\/02\/23_02_21_SAGRAT-COR_JORNADA-FEM-XARXA-scaled.jpg\" class=\"attachment-post-thumbnail size-post-thumbnail wp-post-image\" alt=\"\" style=\"object-fit:cover;\" srcset=\"https:\/\/fundaciohospitalariesmartorell.org\/entre-tots\/wp-content\/uploads\/2023\/02\/23_02_21_SAGRAT-COR_JORNADA-FEM-XARXA-scaled.jpg 2560w, https:\/\/fundaciohospitalariesmartorell.org\/entre-tots\/wp-content\/uploads\/2023\/02\/23_02_21_SAGRAT-COR_JORNADA-FEM-XARXA-300x230.jpg 300w, https:\/\/fundaciohospitalariesmartorell.org\/entre-tots\/wp-content\/uploads\/2023\/02\/23_02_21_SAGRAT-COR_JORNADA-FEM-XARXA-1024x786.jpg 1024w, https:\/\/fundaciohospitalariesmartorell.org\/entre-tots\/wp-content\/uploads\/2023\/02\/23_02_21_SAGRAT-COR_JORNADA-FEM-XARXA-768x589.jpg 768w, https:\/\/fundaciohospitalariesmartorell.org\/entre-tots\/wp-content\/uploads\/2023\/02\/23_02_21_SAGRAT-COR_JORNADA-FEM-XARXA-1536x1178.jpg 1536w, https:\/\/fundaciohospitalariesmartorell.org\/entre-tots\/wp-content\/uploads\/2023\/02\/23_02_21_SAGRAT-COR_JORNADA-FEM-XARXA-2048x1571.jpg 2048w, https:\/\/fundaciohospitalariesmartorell.org\/entre-tots\/wp-content\/uploads\/2023\/02\/23_02_21_SAGRAT-COR_JORNADA-FEM-XARXA-1320x1013.jpg 1320w\" sizes=\"auto, (max-width: 2560px) 100vw, 2560px\" \/><\/figure>\n\n\n<p>Treballadors i treballadores socials referents de cada servei\/unitat de l\u2019Hospital Sagrat Cor a Martorell van explicar, el 10 de febrer, els recursos de salut mental que el Centre t\u00e9 al Baix Llobregat Nord en el marc de la jornada \u2018Fem xarxa. Coneixent els recursos de salut mental i addiccions\u2019, organitzada per l\u2019Associaci\u00f3 per la Salut Mental Baix Llobregat Nord.&nbsp;<\/p>\n\n\n\n<p>En el marc de l\u2019acte, que va reunir gaireb\u00e9 una quarantena de professionals dels serveis socials del territori al Centre Cultural de Martorell, treballadors i treballadores socials de l\u2019Hospital Sagrat Cor van presentar la tasca que es desenvolupa als diferents recursos de la zona, com el CSMA, Hospital de dia, SRC, Unitat d\u2019Aguts, Unitat Subaguts, Unitat de Rehabilitaci\u00f3 i Unitat de Patologia Dual.&nbsp; Mercedes P\u00e9rez, treballadora social de la Unitat de Rehabilitaci\u00f3 i nova coordinadora de Voluntariat de l\u2019Hospital Sagrat Cor, destaca que va ser una jornada en la qual hi va haver una \u201cgran interacci\u00f3\u201d entre ponents i assistents, i que va servir per \u201cseguir donant a con\u00e8ixer la feina que fem en salut mental\u201d. Aix\u00ed mateix, P\u00e9rez assenyala que actes com aquest fomenten les relacions interpersonals i el treball en xarxa, imprescindibles per anar cap a un model d\u2019atenci\u00f3 comunitari.<\/p>\n","protected":false},"excerpt":{"rendered":"<p>Treballadors i treballadores socials referents de cada servei\/unitat de l\u2019Hospital Sagrat Cor a Martorell van explicar, el 10 de febrer, els recursos de salut mental que el Centre t\u00e9 al Baix Llobregat Nord en el marc de la jornada \u2018Fem xarxa. Coneixent els recursos de salut mental i addiccions\u2019, organitzada per l\u2019Associaci\u00f3 per la Salut [&hellip;]<\/p>\n","protected":false},"author":2,"featured_media":5754,"comment_status":"closed","ping_status":"closed","sticky":false,"template":"","format":"standard","meta":{"footnotes":""},"categories":[27],"tags":[],"class_list":["post-5752","post","type-post","status-publish","format-standard","has-post-thumbnail","hentry","category-actualitat"],"blocksy_meta":{"styles_descriptor":{"styles":{"desktop":"","tablet":"","mobile":""},"google_fonts":[],"version":6}},"featured_image_urls_v2":{"full":["https:\/\/fundaciohospitalariesmartorell.org\/entre-tots\/wp-content\/uploads\/2023\/02\/23_02_21_SAGRAT-COR_JORNADA-FEM-XARXA-scaled.jpg",2560,1964,false],"thumbnail":["https:\/\/fundaciohospitalariesmartorell.org\/entre-tots\/wp-content\/uploads\/2023\/02\/23_02_21_SAGRAT-COR_JORNADA-FEM-XARXA-150x150.jpg",150,150,true],"medium":["https:\/\/fundaciohospitalariesmartorell.org\/entre-tots\/wp-content\/uploads\/2023\/02\/23_02_21_SAGRAT-COR_JORNADA-FEM-XARXA-300x230.jpg",300,230,true],"medium_large":["https:\/\/fundaciohospitalariesmartorell.org\/entre-tots\/wp-content\/uploads\/2023\/02\/23_02_21_SAGRAT-COR_JORNADA-FEM-XARXA-768x589.jpg",768,589,true],"large":["https:\/\/fundaciohospitalariesmartorell.org\/entre-tots\/wp-content\/uploads\/2023\/02\/23_02_21_SAGRAT-COR_JORNADA-FEM-XARXA-1024x786.jpg",1024,786,true],"1536x1536":["https:\/\/fundaciohospitalariesmartorell.org\/entre-tots\/wp-content\/uploads\/2023\/02\/23_02_21_SAGRAT-COR_JORNADA-FEM-XARXA-1536x1178.jpg",1536,1178,true],"2048x2048":["https:\/\/fundaciohospitalariesmartorell.org\/entre-tots\/wp-content\/uploads\/2023\/02\/23_02_21_SAGRAT-COR_JORNADA-FEM-XARXA-2048x1571.jpg",2048,1571,true],"mailpoet_newsletter_max":["https:\/\/fundaciohospitalariesmartorell.org\/entre-tots\/wp-content\/uploads\/2023\/02\/23_02_21_SAGRAT-COR_JORNADA-FEM-XARXA-1320x1013.jpg",1320,1013,true]},"post_excerpt_stackable_v2":"<p>Treballadors i treballadores socials referents de cada servei\/unitat de l\u2019Hospital Sagrat Cor a Martorell van explicar, el 10 de febrer, els recursos de salut mental que el Centre t\u00e9 al Baix Llobregat Nord en el marc de la jornada \u2018Fem xarxa. Coneixent els recursos de salut mental i addiccions\u2019, organitzada per l\u2019Associaci\u00f3 per la Salut Mental Baix Llobregat Nord.&nbsp; En el marc de l\u2019acte, que va reunir gaireb\u00e9 una quarantena de professionals dels serveis socials del territori al Centre Cultural de Martorell, treballadors i treballadores socials de l\u2019Hospital Sagrat Cor van presentar la tasca que es desenvolupa als diferents recursos&hellip;<\/p>\n","category_list_v2":"<a href=\"https:\/\/fundaciohospitalariesmartorell.org\/entre-tots\/category\/actualitat\/\" rel=\"category tag\">ACTUALITAT<\/a>","author_info_v2":{"name":"Sagrat Cor","url":"https:\/\/fundaciohospitalariesmartorell.org\/entre-tots\/author\/daniel\/"},"comments_num_v2":"0 comments","_links":{"self":[{"href":"https:\/\/fundaciohospitalariesmartorell.org\/entre-tots\/wp-json\/wp\/v2\/posts\/5752","targetHints":{"allow":["GET"]}}],"collection":[{"href":"https:\/\/fundaciohospitalariesmartorell.org\/entre-tots\/wp-json\/wp\/v2\/posts"}],"about":[{"href":"https:\/\/fundaciohospitalariesmartorell.org\/entre-tots\/wp-json\/wp\/v2\/types\/post"}],"author":[{"embeddable":true,"href":"https:\/\/fundaciohospitalariesmartorell.org\/entre-tots\/wp-json\/wp\/v2\/users\/2"}],"replies":[{"embeddable":true,"href":"https:\/\/fundaciohospitalariesmartorell.org\/entre-tots\/wp-json\/wp\/v2\/comments?post=5752"}],"version-history":[{"count":2,"href":"https:\/\/fundaciohospitalariesmartorell.org\/entre-tots\/wp-json\/wp\/v2\/posts\/5752\/revisions"}],"predecessor-version":[{"id":5755,"href":"https:\/\/fundaciohospitalariesmartorell.org\/entre-tots\/wp-json\/wp\/v2\/posts\/5752\/revisions\/5755"}],"wp:featuredmedia":[{"embeddable":true,"href":"https:\/\/fundaciohospitalariesmartorell.org\/entre-tots\/wp-json\/wp\/v2\/media\/5754"}],"wp:attachment":[{"href":"https:\/\/fundaciohospitalariesmartorell.org\/entre-tots\/wp-json\/wp\/v2\/media?parent=5752"}],"wp:term":[{"taxonomy":"category","embeddable":true,"href":"https:\/\/fundaciohospitalariesmartorell.org\/entre-tots\/wp-json\/wp\/v2\/categories?post=5752"},{"taxonomy":"post_tag","embeddable":true,"href":"https:\/\/fundaciohospitalariesmartorell.org\/entre-tots\/wp-json\/wp\/v2\/tags?post=5752"}],"curies":[{"name":"wp","href":"https:\/\/api.w.org\/{rel}","templated":true}]}}