{"id":5756,"date":"2023-02-27T18:55:59","date_gmt":"2023-02-27T16:55:59","guid":{"rendered":"https:\/\/newweb.hospitalsagratcormartorell.org\/entre-tots\/?p=5756"},"modified":"2023-02-28T11:55:36","modified_gmt":"2023-02-28T09:55:36","slug":"lhospital-sagrat-cor-torna-a-involucrar-se-amb-les-persones-amb-malaltia-mental-i-sense-sostre-al-camerun","status":"publish","type":"post","link":"https:\/\/fundaciohospitalariesmartorell.org\/entre-tots\/2023\/02\/lhospital-sagrat-cor-torna-a-involucrar-se-amb-les-persones-amb-malaltia-mental-i-sense-sostre-al-camerun\/","title":{"rendered":"L\u2019Hospital Sagrat Cor torna a involucrar-se amb les persones amb malaltia mental i sense sostre al Camerun"},"content":{"rendered":"<figure class=\"wp-block-post-featured-image\"><img loading=\"lazy\" decoding=\"async\" width=\"622\" height=\"359\" src=\"https:\/\/fundaciohospitalariesmartorell.org\/entre-tots\/wp-content\/uploads\/2023\/02\/23_02_SAGRAT-COR_PROJECTE-SOLIDARI_CAMERUN_01.jpeg\" class=\"attachment-post-thumbnail size-post-thumbnail wp-post-image\" alt=\"\" style=\"object-fit:cover;\" srcset=\"https:\/\/fundaciohospitalariesmartorell.org\/entre-tots\/wp-content\/uploads\/2023\/02\/23_02_SAGRAT-COR_PROJECTE-SOLIDARI_CAMERUN_01.jpeg 622w, https:\/\/fundaciohospitalariesmartorell.org\/entre-tots\/wp-content\/uploads\/2023\/02\/23_02_SAGRAT-COR_PROJECTE-SOLIDARI_CAMERUN_01-300x173.jpeg 300w\" sizes=\"auto, (max-width: 622px) 100vw, 622px\" \/><\/figure>\n\n\n<p>Aquest 2023, totes les accions solid\u00e0ries de l\u2019Hospital Sagrat Cor aniran destinades a recaptar fons per a un projecte de la <a href=\"https:\/\/www.fbmenni.org\/\" target=\"_blank\" rel=\"noreferrer noopener\">Fundaci\u00f3 Benito Menni<\/a> de Germanes Hospital\u00e0ries adre\u00e7at a ajudar persones amb malaltia mental i sense sostre a Yauond\u00e9, al Camerun. D\u2019aquesta manera es continua amb la col\u00b7laboraci\u00f3 que ja es va fer l\u2019any 2022 amb aquest projecte solidari.<\/p>\n\n\n\n<p>Amb el nom d\u2019\u2018Integraci\u00f3 sociofamiliar i rehabilitaci\u00f3 de persones amb malaltia mental i sense sostre a Yaound\u00e9, Camerun\u2019, aquesta iniciativa t\u00e9 l\u2019objectiu de reintegrar en el seu ambient familiar i comunitari les persones amb malaltia mental i sense llar, sobretot dones i joves.<\/p>\n\n\n\n<figure class=\"wp-block-image size-full\"><img loading=\"lazy\" decoding=\"async\" width=\"650\" height=\"515\" src=\"https:\/\/hospitalsagratcormartorell.org\/entre-tots\/wp-content\/uploads\/2023\/02\/23_02_SAGRAT-COR_PROJECTE-SOLIDARI_CAMERUN_02.jpeg\" alt=\"\" class=\"wp-image-5759\" srcset=\"https:\/\/fundaciohospitalariesmartorell.org\/entre-tots\/wp-content\/uploads\/2023\/02\/23_02_SAGRAT-COR_PROJECTE-SOLIDARI_CAMERUN_02.jpeg 650w, https:\/\/fundaciohospitalariesmartorell.org\/entre-tots\/wp-content\/uploads\/2023\/02\/23_02_SAGRAT-COR_PROJECTE-SOLIDARI_CAMERUN_02-300x238.jpeg 300w\" sizes=\"auto, (max-width: 650px) 100vw, 650px\" \/><\/figure>\n\n\n\n<p>Durant el 2022 es va aconseguir recaptar un total de 1.832 euros de les diferents accions solid\u00e0ries dutes a terme per l\u2019Hospital Sagrat Cor, com la venda de roses per Sant Jordi, de polseres solid\u00e0ries o de loteria de Nadal.<\/p>\n","protected":false},"excerpt":{"rendered":"<p>Aquest 2023, totes les accions solid\u00e0ries de l\u2019Hospital Sagrat Cor aniran destinades a recaptar fons per a un projecte de la Fundaci\u00f3 Benito Menni de Germanes Hospital\u00e0ries adre\u00e7at a ajudar persones amb malaltia mental i sense sostre a Yauond\u00e9, al Camerun. D\u2019aquesta manera es continua amb la col\u00b7laboraci\u00f3 que ja es va fer l\u2019any 2022 [&hellip;]<\/p>\n","protected":false},"author":2,"featured_media":5758,"comment_status":"closed","ping_status":"closed","sticky":false,"template":"","format":"standard","meta":{"footnotes":""},"categories":[27],"tags":[],"class_list":["post-5756","post","type-post","status-publish","format-standard","has-post-thumbnail","hentry","category-actualitat"],"blocksy_meta":{"styles_descriptor":{"styles":{"desktop":"","tablet":"","mobile":""},"google_fonts":[],"version":6}},"featured_image_urls_v2":{"full":["https:\/\/fundaciohospitalariesmartorell.org\/entre-tots\/wp-content\/uploads\/2023\/02\/23_02_SAGRAT-COR_PROJECTE-SOLIDARI_CAMERUN_01.jpeg",622,359,false],"thumbnail":["https:\/\/fundaciohospitalariesmartorell.org\/entre-tots\/wp-content\/uploads\/2023\/02\/23_02_SAGRAT-COR_PROJECTE-SOLIDARI_CAMERUN_01-150x150.jpeg",150,150,true],"medium":["https:\/\/fundaciohospitalariesmartorell.org\/entre-tots\/wp-content\/uploads\/2023\/02\/23_02_SAGRAT-COR_PROJECTE-SOLIDARI_CAMERUN_01-300x173.jpeg",300,173,true],"medium_large":["https:\/\/fundaciohospitalariesmartorell.org\/entre-tots\/wp-content\/uploads\/2023\/02\/23_02_SAGRAT-COR_PROJECTE-SOLIDARI_CAMERUN_01.jpeg",622,359,false],"large":["https:\/\/fundaciohospitalariesmartorell.org\/entre-tots\/wp-content\/uploads\/2023\/02\/23_02_SAGRAT-COR_PROJECTE-SOLIDARI_CAMERUN_01.jpeg",622,359,false],"1536x1536":["https:\/\/fundaciohospitalariesmartorell.org\/entre-tots\/wp-content\/uploads\/2023\/02\/23_02_SAGRAT-COR_PROJECTE-SOLIDARI_CAMERUN_01.jpeg",622,359,false],"2048x2048":["https:\/\/fundaciohospitalariesmartorell.org\/entre-tots\/wp-content\/uploads\/2023\/02\/23_02_SAGRAT-COR_PROJECTE-SOLIDARI_CAMERUN_01.jpeg",622,359,false],"mailpoet_newsletter_max":["https:\/\/fundaciohospitalariesmartorell.org\/entre-tots\/wp-content\/uploads\/2023\/02\/23_02_SAGRAT-COR_PROJECTE-SOLIDARI_CAMERUN_01.jpeg",622,359,false]},"post_excerpt_stackable_v2":"<p>Aquest 2023, totes les accions solid\u00e0ries de l\u2019Hospital Sagrat Cor aniran destinades a recaptar fons per a un projecte de la Fundaci\u00f3 Benito Menni de Germanes Hospital\u00e0ries adre\u00e7at a ajudar persones amb malaltia mental i sense sostre a Yauond\u00e9, al Camerun. D\u2019aquesta manera es continua amb la col\u00b7laboraci\u00f3 que ja es va fer l\u2019any 2022 amb aquest projecte solidari. Amb el nom d\u2019\u2018Integraci\u00f3 sociofamiliar i rehabilitaci\u00f3 de persones amb malaltia mental i sense sostre a Yaound\u00e9, Camerun\u2019, aquesta iniciativa t\u00e9 l\u2019objectiu de reintegrar en el seu ambient familiar i comunitari les persones amb malaltia mental i sense llar, sobretot dones&hellip;<\/p>\n","category_list_v2":"<a href=\"https:\/\/fundaciohospitalariesmartorell.org\/entre-tots\/category\/actualitat\/\" rel=\"category tag\">ACTUALITAT<\/a>","author_info_v2":{"name":"Sagrat Cor","url":"https:\/\/fundaciohospitalariesmartorell.org\/entre-tots\/author\/daniel\/"},"comments_num_v2":"0 comments","_links":{"self":[{"href":"https:\/\/fundaciohospitalariesmartorell.org\/entre-tots\/wp-json\/wp\/v2\/posts\/5756","targetHints":{"allow":["GET"]}}],"collection":[{"href":"https:\/\/fundaciohospitalariesmartorell.org\/entre-tots\/wp-json\/wp\/v2\/posts"}],"about":[{"href":"https:\/\/fundaciohospitalariesmartorell.org\/entre-tots\/wp-json\/wp\/v2\/types\/post"}],"author":[{"embeddable":true,"href":"https:\/\/fundaciohospitalariesmartorell.org\/entre-tots\/wp-json\/wp\/v2\/users\/2"}],"replies":[{"embeddable":true,"href":"https:\/\/fundaciohospitalariesmartorell.org\/entre-tots\/wp-json\/wp\/v2\/comments?post=5756"}],"version-history":[{"count":2,"href":"https:\/\/fundaciohospitalariesmartorell.org\/entre-tots\/wp-json\/wp\/v2\/posts\/5756\/revisions"}],"predecessor-version":[{"id":5760,"href":"https:\/\/fundaciohospitalariesmartorell.org\/entre-tots\/wp-json\/wp\/v2\/posts\/5756\/revisions\/5760"}],"wp:featuredmedia":[{"embeddable":true,"href":"https:\/\/fundaciohospitalariesmartorell.org\/entre-tots\/wp-json\/wp\/v2\/media\/5758"}],"wp:attachment":[{"href":"https:\/\/fundaciohospitalariesmartorell.org\/entre-tots\/wp-json\/wp\/v2\/media?parent=5756"}],"wp:term":[{"taxonomy":"category","embeddable":true,"href":"https:\/\/fundaciohospitalariesmartorell.org\/entre-tots\/wp-json\/wp\/v2\/categories?post=5756"},{"taxonomy":"post_tag","embeddable":true,"href":"https:\/\/fundaciohospitalariesmartorell.org\/entre-tots\/wp-json\/wp\/v2\/tags?post=5756"}],"curies":[{"name":"wp","href":"https:\/\/api.w.org\/{rel}","templated":true}]}}