{"id":5761,"date":"2023-02-27T18:59:05","date_gmt":"2023-02-27T16:59:05","guid":{"rendered":"https:\/\/newweb.hospitalsagratcormartorell.org\/entre-tots\/?p=5761"},"modified":"2023-02-28T12:42:39","modified_gmt":"2023-02-28T10:42:39","slug":"ajuda-per-als-afectats-del-terratremol-de-turquia-i-siria","status":"publish","type":"post","link":"https:\/\/fundaciohospitalariesmartorell.org\/entre-tots\/2023\/02\/ajuda-per-als-afectats-del-terratremol-de-turquia-i-siria\/","title":{"rendered":"Ajuda per a les persones afectades del terratr\u00e8mol de Turquia i S\u00edria"},"content":{"rendered":"<figure class=\"wp-block-post-featured-image\"><img loading=\"lazy\" decoding=\"async\" width=\"311\" height=\"222\" src=\"https:\/\/fundaciohospitalariesmartorell.org\/entre-tots\/wp-content\/uploads\/2023\/02\/image002.jpg\" class=\"attachment-post-thumbnail size-post-thumbnail wp-post-image\" alt=\"\" style=\"object-fit:cover;\" srcset=\"https:\/\/fundaciohospitalariesmartorell.org\/entre-tots\/wp-content\/uploads\/2023\/02\/image002.jpg 311w, https:\/\/fundaciohospitalariesmartorell.org\/entre-tots\/wp-content\/uploads\/2023\/02\/image002-300x214.jpg 300w\" sizes=\"auto, (max-width: 311px) 100vw, 311px\" \/><\/figure>\n\n\n<p>Davant d\u2019aquesta situaci\u00f3, des de la Fundaci\u00f3 Benito Menni&nbsp;s&#8217;ha&nbsp;activat una recollida de fons per poder ajudar en aquesta emerg\u00e8ncia humanit\u00e0ria. La Comissi\u00f3 de Solidaritat de&nbsp;l\u2019Hospital Sagrat Cor&nbsp;anima&nbsp;el personal col\u00b7laborador a contribuir en una recollida de fons que \u00e9s molt necess\u00e0ria en aquests moments.<\/p>\n\n\n\n<p>Podeu fer un ingr\u00e9s directe al seg\u00fcent n\u00famero de compte, indicant \u201cTerratr\u00e8mol S\u00edria Turquia\u201d al concepte.<\/p>\n\n\n\n<p><strong>FUNDACI\u00d3 BENITO MENNI<br>Banco Santander ES70 0049 1834 1921 1018 5816<br>BIC\/SWIFT BSCESMM<\/strong><\/p>\n\n\n\n<p>Tamb\u00e9 podeu fer una contribuci\u00f3 per Bizum, fent servir el n\u00famero de tel\u00e8fon 02732.<\/p>\n","protected":false},"excerpt":{"rendered":"<p>Davant d\u2019aquesta situaci\u00f3, des de la Fundaci\u00f3 Benito Menni&nbsp;s&#8217;ha&nbsp;activat una recollida de fons per poder ajudar en aquesta emerg\u00e8ncia humanit\u00e0ria. La Comissi\u00f3 de Solidaritat de&nbsp;l\u2019Hospital Sagrat Cor&nbsp;anima&nbsp;el personal col\u00b7laborador a contribuir en una recollida de fons que \u00e9s molt necess\u00e0ria en aquests moments. Podeu fer un ingr\u00e9s directe al seg\u00fcent n\u00famero de compte, indicant \u201cTerratr\u00e8mol [&hellip;]<\/p>\n","protected":false},"author":2,"featured_media":5763,"comment_status":"closed","ping_status":"closed","sticky":false,"template":"","format":"standard","meta":{"footnotes":""},"categories":[27],"tags":[],"class_list":["post-5761","post","type-post","status-publish","format-standard","has-post-thumbnail","hentry","category-actualitat"],"blocksy_meta":{"styles_descriptor":{"styles":{"desktop":"","tablet":"","mobile":""},"google_fonts":[],"version":6}},"featured_image_urls_v2":{"full":["https:\/\/fundaciohospitalariesmartorell.org\/entre-tots\/wp-content\/uploads\/2023\/02\/image002.jpg",311,222,false],"thumbnail":["https:\/\/fundaciohospitalariesmartorell.org\/entre-tots\/wp-content\/uploads\/2023\/02\/image002-150x150.jpg",150,150,true],"medium":["https:\/\/fundaciohospitalariesmartorell.org\/entre-tots\/wp-content\/uploads\/2023\/02\/image002-300x214.jpg",300,214,true],"medium_large":["https:\/\/fundaciohospitalariesmartorell.org\/entre-tots\/wp-content\/uploads\/2023\/02\/image002.jpg",311,222,false],"large":["https:\/\/fundaciohospitalariesmartorell.org\/entre-tots\/wp-content\/uploads\/2023\/02\/image002.jpg",311,222,false],"1536x1536":["https:\/\/fundaciohospitalariesmartorell.org\/entre-tots\/wp-content\/uploads\/2023\/02\/image002.jpg",311,222,false],"2048x2048":["https:\/\/fundaciohospitalariesmartorell.org\/entre-tots\/wp-content\/uploads\/2023\/02\/image002.jpg",311,222,false],"mailpoet_newsletter_max":["https:\/\/fundaciohospitalariesmartorell.org\/entre-tots\/wp-content\/uploads\/2023\/02\/image002.jpg",311,222,false]},"post_excerpt_stackable_v2":"<p>Davant d\u2019aquesta situaci\u00f3, des de la Fundaci\u00f3 Benito Menni&nbsp;s&#8217;ha&nbsp;activat una recollida de fons per poder ajudar en aquesta emerg\u00e8ncia humanit\u00e0ria. La Comissi\u00f3 de Solidaritat de&nbsp;l\u2019Hospital Sagrat Cor&nbsp;anima&nbsp;el personal col\u00b7laborador a contribuir en una recollida de fons que \u00e9s molt necess\u00e0ria en aquests moments. Podeu fer un ingr\u00e9s directe al seg\u00fcent n\u00famero de compte, indicant \u201cTerratr\u00e8mol S\u00edria Turquia\u201d al concepte. FUNDACI\u00d3 BENITO MENNIBanco Santander ES70 0049 1834 1921 1018 5816BIC\/SWIFT BSCESMM Tamb\u00e9 podeu fer una contribuci\u00f3 per Bizum, fent servir el n\u00famero de tel\u00e8fon 02732.<\/p>\n","category_list_v2":"<a href=\"https:\/\/fundaciohospitalariesmartorell.org\/entre-tots\/category\/actualitat\/\" rel=\"category tag\">ACTUALITAT<\/a>","author_info_v2":{"name":"Sagrat Cor","url":"https:\/\/fundaciohospitalariesmartorell.org\/entre-tots\/author\/daniel\/"},"comments_num_v2":"0 comments","_links":{"self":[{"href":"https:\/\/fundaciohospitalariesmartorell.org\/entre-tots\/wp-json\/wp\/v2\/posts\/5761","targetHints":{"allow":["GET"]}}],"collection":[{"href":"https:\/\/fundaciohospitalariesmartorell.org\/entre-tots\/wp-json\/wp\/v2\/posts"}],"about":[{"href":"https:\/\/fundaciohospitalariesmartorell.org\/entre-tots\/wp-json\/wp\/v2\/types\/post"}],"author":[{"embeddable":true,"href":"https:\/\/fundaciohospitalariesmartorell.org\/entre-tots\/wp-json\/wp\/v2\/users\/2"}],"replies":[{"embeddable":true,"href":"https:\/\/fundaciohospitalariesmartorell.org\/entre-tots\/wp-json\/wp\/v2\/comments?post=5761"}],"version-history":[{"count":4,"href":"https:\/\/fundaciohospitalariesmartorell.org\/entre-tots\/wp-json\/wp\/v2\/posts\/5761\/revisions"}],"predecessor-version":[{"id":5872,"href":"https:\/\/fundaciohospitalariesmartorell.org\/entre-tots\/wp-json\/wp\/v2\/posts\/5761\/revisions\/5872"}],"wp:featuredmedia":[{"embeddable":true,"href":"https:\/\/fundaciohospitalariesmartorell.org\/entre-tots\/wp-json\/wp\/v2\/media\/5763"}],"wp:attachment":[{"href":"https:\/\/fundaciohospitalariesmartorell.org\/entre-tots\/wp-json\/wp\/v2\/media?parent=5761"}],"wp:term":[{"taxonomy":"category","embeddable":true,"href":"https:\/\/fundaciohospitalariesmartorell.org\/entre-tots\/wp-json\/wp\/v2\/categories?post=5761"},{"taxonomy":"post_tag","embeddable":true,"href":"https:\/\/fundaciohospitalariesmartorell.org\/entre-tots\/wp-json\/wp\/v2\/tags?post=5761"}],"curies":[{"name":"wp","href":"https:\/\/api.w.org\/{rel}","templated":true}]}}