{"id":5765,"date":"2023-02-27T19:02:20","date_gmt":"2023-02-27T17:02:20","guid":{"rendered":"https:\/\/newweb.hospitalsagratcormartorell.org\/entre-tots\/?p=5765"},"modified":"2023-02-28T11:55:24","modified_gmt":"2023-02-28T09:55:24","slug":"lhospital-sagrat-cor-a-la-revista-informaciones-psiquiatricas-2","status":"publish","type":"post","link":"https:\/\/fundaciohospitalariesmartorell.org\/entre-tots\/2023\/02\/lhospital-sagrat-cor-a-la-revista-informaciones-psiquiatricas-2\/","title":{"rendered":"L\u2019Hospital Sagrat Cor, a la revista <i>Informaciones Psiqui\u00e1tricas<\/i>"},"content":{"rendered":"<figure class=\"wp-block-post-featured-image\"><img loading=\"lazy\" decoding=\"async\" width=\"1144\" height=\"1628\" src=\"https:\/\/fundaciohospitalariesmartorell.org\/entre-tots\/wp-content\/uploads\/2023\/02\/Captura-de-pantalla-2023-02-23-a-las-12.55.21.png\" class=\"attachment-post-thumbnail size-post-thumbnail wp-post-image\" alt=\"\" style=\"object-fit:cover;\" srcset=\"https:\/\/fundaciohospitalariesmartorell.org\/entre-tots\/wp-content\/uploads\/2023\/02\/Captura-de-pantalla-2023-02-23-a-las-12.55.21.png 1144w, https:\/\/fundaciohospitalariesmartorell.org\/entre-tots\/wp-content\/uploads\/2023\/02\/Captura-de-pantalla-2023-02-23-a-las-12.55.21-211x300.png 211w, https:\/\/fundaciohospitalariesmartorell.org\/entre-tots\/wp-content\/uploads\/2023\/02\/Captura-de-pantalla-2023-02-23-a-las-12.55.21-720x1024.png 720w, https:\/\/fundaciohospitalariesmartorell.org\/entre-tots\/wp-content\/uploads\/2023\/02\/Captura-de-pantalla-2023-02-23-a-las-12.55.21-768x1093.png 768w, https:\/\/fundaciohospitalariesmartorell.org\/entre-tots\/wp-content\/uploads\/2023\/02\/Captura-de-pantalla-2023-02-23-a-las-12.55.21-1079x1536.png 1079w\" sizes=\"auto, (max-width: 1144px) 100vw, 1144px\" \/><\/figure>\n\n\n<p>Al darrer n\u00famero de 2022 de la revista especialitzada <em>Informaciones Psiqui\u00e1tricas<\/em> de Germanes Hospital\u00e0ries hi ha un article en el qual ha participat un professional de l\u2019Hospital Sagrat Cor.\u00a0El doctor Manel S\u00e1nchez, subdirector m\u00e8dic\u00a0i coordinador de l&#8217;\u00c0rea d&#8217;Hospitalizaci\u00f3 en Salut Mental\u00a0del Centre,\u00a0\u00e9s un dels autors de l\u2019article titulat \u201cPrescripci\u00f3 potencialment inapropiada i polifarm\u00e0cia en adults grans amb dem\u00e8ncia moderada i severa\u201d. La conclusi\u00f3 d\u2019aquest article \u00e9s que en persones ateses amb dem\u00e8ncia moderada i severa la polifarm\u00e0cia augmenta el risc de prescripcions potencialment inapropiades. Per aix\u00f2 es recomana revisar constantment la medicaci\u00f3 en aquesta poblaci\u00f3 per tal de reduir els riscs\u00a0per\u00a0a la salut.<\/p>\n\n\n\n<p>Us deixem <a rel=\"noreferrer noopener\" href=\"https:\/\/informacionespsiquiatricas.com\/informe249\/26\/\" target=\"_blank\">aqu\u00ed<\/a> l\u2019enlla\u00e7 a l\u2019article.<\/p>\n","protected":false},"excerpt":{"rendered":"<p>Al darrer n\u00famero de 2022 de la revista especialitzada Informaciones Psiqui\u00e1tricas de Germanes Hospital\u00e0ries hi ha un article en el qual ha participat un professional de l\u2019Hospital Sagrat Cor.\u00a0El doctor Manel S\u00e1nchez, subdirector m\u00e8dic\u00a0i coordinador de l&#8217;\u00c0rea d&#8217;Hospitalizaci\u00f3 en Salut Mental\u00a0del Centre,\u00a0\u00e9s un dels autors de l\u2019article titulat \u201cPrescripci\u00f3 potencialment inapropiada i polifarm\u00e0cia en adults [&hellip;]<\/p>\n","protected":false},"author":2,"featured_media":5767,"comment_status":"closed","ping_status":"closed","sticky":false,"template":"","format":"standard","meta":{"footnotes":""},"categories":[27],"tags":[],"class_list":["post-5765","post","type-post","status-publish","format-standard","has-post-thumbnail","hentry","category-actualitat"],"blocksy_meta":{"styles_descriptor":{"styles":{"desktop":"","tablet":"","mobile":""},"google_fonts":[],"version":6}},"featured_image_urls_v2":{"full":["https:\/\/fundaciohospitalariesmartorell.org\/entre-tots\/wp-content\/uploads\/2023\/02\/Captura-de-pantalla-2023-02-23-a-las-12.55.21.png",1144,1628,false],"thumbnail":["https:\/\/fundaciohospitalariesmartorell.org\/entre-tots\/wp-content\/uploads\/2023\/02\/Captura-de-pantalla-2023-02-23-a-las-12.55.21-150x150.png",150,150,true],"medium":["https:\/\/fundaciohospitalariesmartorell.org\/entre-tots\/wp-content\/uploads\/2023\/02\/Captura-de-pantalla-2023-02-23-a-las-12.55.21-211x300.png",211,300,true],"medium_large":["https:\/\/fundaciohospitalariesmartorell.org\/entre-tots\/wp-content\/uploads\/2023\/02\/Captura-de-pantalla-2023-02-23-a-las-12.55.21-768x1093.png",768,1093,true],"large":["https:\/\/fundaciohospitalariesmartorell.org\/entre-tots\/wp-content\/uploads\/2023\/02\/Captura-de-pantalla-2023-02-23-a-las-12.55.21-720x1024.png",720,1024,true],"1536x1536":["https:\/\/fundaciohospitalariesmartorell.org\/entre-tots\/wp-content\/uploads\/2023\/02\/Captura-de-pantalla-2023-02-23-a-las-12.55.21-1079x1536.png",1079,1536,true],"2048x2048":["https:\/\/fundaciohospitalariesmartorell.org\/entre-tots\/wp-content\/uploads\/2023\/02\/Captura-de-pantalla-2023-02-23-a-las-12.55.21.png",1144,1628,false],"mailpoet_newsletter_max":["https:\/\/fundaciohospitalariesmartorell.org\/entre-tots\/wp-content\/uploads\/2023\/02\/Captura-de-pantalla-2023-02-23-a-las-12.55.21.png",1144,1628,false]},"post_excerpt_stackable_v2":"<p>Al darrer n\u00famero de 2022 de la revista especialitzada Informaciones Psiqui\u00e1tricas de Germanes Hospital\u00e0ries hi ha un article en el qual ha participat un professional de l\u2019Hospital Sagrat Cor.\u00a0El doctor Manel S\u00e1nchez, subdirector m\u00e8dic\u00a0i coordinador de l&#8217;\u00c0rea d&#8217;Hospitalizaci\u00f3 en Salut Mental\u00a0del Centre,\u00a0\u00e9s un dels autors de l\u2019article titulat \u201cPrescripci\u00f3 potencialment inapropiada i polifarm\u00e0cia en adults grans amb dem\u00e8ncia moderada i severa\u201d. La conclusi\u00f3 d\u2019aquest article \u00e9s que en persones ateses amb dem\u00e8ncia moderada i severa la polifarm\u00e0cia augmenta el risc de prescripcions potencialment inapropiades. Per aix\u00f2 es recomana revisar constantment la medicaci\u00f3 en aquesta poblaci\u00f3 per tal de reduir els&hellip;<\/p>\n","category_list_v2":"<a href=\"https:\/\/fundaciohospitalariesmartorell.org\/entre-tots\/category\/actualitat\/\" rel=\"category tag\">ACTUALITAT<\/a>","author_info_v2":{"name":"Sagrat Cor","url":"https:\/\/fundaciohospitalariesmartorell.org\/entre-tots\/author\/daniel\/"},"comments_num_v2":"0 comments","_links":{"self":[{"href":"https:\/\/fundaciohospitalariesmartorell.org\/entre-tots\/wp-json\/wp\/v2\/posts\/5765","targetHints":{"allow":["GET"]}}],"collection":[{"href":"https:\/\/fundaciohospitalariesmartorell.org\/entre-tots\/wp-json\/wp\/v2\/posts"}],"about":[{"href":"https:\/\/fundaciohospitalariesmartorell.org\/entre-tots\/wp-json\/wp\/v2\/types\/post"}],"author":[{"embeddable":true,"href":"https:\/\/fundaciohospitalariesmartorell.org\/entre-tots\/wp-json\/wp\/v2\/users\/2"}],"replies":[{"embeddable":true,"href":"https:\/\/fundaciohospitalariesmartorell.org\/entre-tots\/wp-json\/wp\/v2\/comments?post=5765"}],"version-history":[{"count":3,"href":"https:\/\/fundaciohospitalariesmartorell.org\/entre-tots\/wp-json\/wp\/v2\/posts\/5765\/revisions"}],"predecessor-version":[{"id":5849,"href":"https:\/\/fundaciohospitalariesmartorell.org\/entre-tots\/wp-json\/wp\/v2\/posts\/5765\/revisions\/5849"}],"wp:featuredmedia":[{"embeddable":true,"href":"https:\/\/fundaciohospitalariesmartorell.org\/entre-tots\/wp-json\/wp\/v2\/media\/5767"}],"wp:attachment":[{"href":"https:\/\/fundaciohospitalariesmartorell.org\/entre-tots\/wp-json\/wp\/v2\/media?parent=5765"}],"wp:term":[{"taxonomy":"category","embeddable":true,"href":"https:\/\/fundaciohospitalariesmartorell.org\/entre-tots\/wp-json\/wp\/v2\/categories?post=5765"},{"taxonomy":"post_tag","embeddable":true,"href":"https:\/\/fundaciohospitalariesmartorell.org\/entre-tots\/wp-json\/wp\/v2\/tags?post=5765"}],"curies":[{"name":"wp","href":"https:\/\/api.w.org\/{rel}","templated":true}]}}