{"id":5770,"date":"2023-02-27T19:05:15","date_gmt":"2023-02-27T17:05:15","guid":{"rendered":"https:\/\/newweb.hospitalsagratcormartorell.org\/entre-tots\/?p=5770"},"modified":"2023-02-28T15:19:42","modified_gmt":"2023-02-28T13:19:42","slug":"una-carta-dagraiment-per-al-personal-del-centre","status":"publish","type":"post","link":"https:\/\/fundaciohospitalariesmartorell.org\/entre-tots\/2023\/02\/una-carta-dagraiment-per-al-personal-del-centre\/","title":{"rendered":"Una carta d\u2019agra\u00efment per al personal del Centre"},"content":{"rendered":"<figure class=\"wp-block-post-featured-image\"><img loading=\"lazy\" decoding=\"async\" width=\"2560\" height=\"1920\" src=\"https:\/\/fundaciohospitalariesmartorell.org\/entre-tots\/wp-content\/uploads\/2023\/02\/23_01_24_SAGRAT-COR_AGRADECIMIENTO-SARA-scaled.jpg\" class=\"attachment-post-thumbnail size-post-thumbnail wp-post-image\" alt=\"\" style=\"object-fit:cover;\" srcset=\"https:\/\/fundaciohospitalariesmartorell.org\/entre-tots\/wp-content\/uploads\/2023\/02\/23_01_24_SAGRAT-COR_AGRADECIMIENTO-SARA-scaled.jpg 2560w, https:\/\/fundaciohospitalariesmartorell.org\/entre-tots\/wp-content\/uploads\/2023\/02\/23_01_24_SAGRAT-COR_AGRADECIMIENTO-SARA-300x225.jpg 300w, https:\/\/fundaciohospitalariesmartorell.org\/entre-tots\/wp-content\/uploads\/2023\/02\/23_01_24_SAGRAT-COR_AGRADECIMIENTO-SARA-1024x768.jpg 1024w, https:\/\/fundaciohospitalariesmartorell.org\/entre-tots\/wp-content\/uploads\/2023\/02\/23_01_24_SAGRAT-COR_AGRADECIMIENTO-SARA-768x576.jpg 768w, https:\/\/fundaciohospitalariesmartorell.org\/entre-tots\/wp-content\/uploads\/2023\/02\/23_01_24_SAGRAT-COR_AGRADECIMIENTO-SARA-1536x1152.jpg 1536w, https:\/\/fundaciohospitalariesmartorell.org\/entre-tots\/wp-content\/uploads\/2023\/02\/23_01_24_SAGRAT-COR_AGRADECIMIENTO-SARA-2048x1536.jpg 2048w, https:\/\/fundaciohospitalariesmartorell.org\/entre-tots\/wp-content\/uploads\/2023\/02\/23_01_24_SAGRAT-COR_AGRADECIMIENTO-SARA-1320x990.jpg 1320w\" sizes=\"auto, (max-width: 2560px) 100vw, 2560px\" \/><\/figure>\n\n\n<p>La cura de qui t\u00e9 qualsevol problema de salut va molt m\u00e9s enll\u00e0 de nom\u00e9s\u00a0atendre els\u00a0s\u00edmptomes f\u00edsics o mentals. Hi ha un component emocional, una dedicaci\u00f3 i un esfor\u00e7 per part\u00a0dels i les\u00a0professionals que\u00a0volen\u00a0veure com les persones ateses\u00a0al seu servei\u00a0milloren i aconsegueixen tirar endavant. I aix\u00f2 fa que moltes vegades es formi un vincle entre\u00a0aquests i aquestes\u00a0professionals i les persones usu\u00e0ries.<\/p>\n\n\n\n<p>La Sara va ser una d\u2019aquestes persones, que ha estat ingressada al nostre Hospital&nbsp;i que aquest febrer finalment ha rebut l\u2019alta. Per aconseguir aquesta alta, va&nbsp;caldre&nbsp;un llarg trajecte que no sempre va ser f\u00e0cil, com reconeixen&nbsp;els i les&nbsp;professionals que la van tractar. Per\u00f2 tamb\u00e9 \u00e9s ben cert que ella es va implicar molt amb el Centre. Una mostra d\u2019aix\u00f2 va ser la seva iniciativa per <a rel=\"noreferrer noopener\" href=\"https:\/\/hospitalsagratcormartorell.org\/entre-tots\/2022\/09\/una-usuaria-de-rh1-du-a-terme-una-iniciativa-per-conscienciar-sobre-lelevat-volum-de-cigarretes-que-es-llencen-a-terra\/?utm_source=mailpoet&amp;utm_medium=email&amp;utm_campaign=entre-tots-or-num-00-or-setembre-2022_3\" target=\"_blank\">conscienciar sobre el nombre elevat de cigarretes que es llencen a terra<\/a>.<\/p>\n\n\n\n<p>A continuaci\u00f3 recollim l&#8217;opini\u00f3&nbsp;d&#8217;alguns&nbsp;i algunes&nbsp;professionals que l\u2019han tractada<\/p>\n\n\n\n<p><strong>Eva \u00c1lvarez Moya, psic\u00f2loga cl\u00ednica de l\u2019\u00c0rea de Rehabilitaci\u00f3 en Salut Mental<\/strong><\/p>\n\n\n\n<ul class=\"wp-block-list\">\n<li>&#8220;Sara no ha sido una paciente f\u00e1cil, pero nos ha ense\u00f1ado probablemente m\u00e1s de lo que nosotros le hemos ense\u00f1ado a ella. Nos ha ense\u00f1ado que la flexibilidad ayuda m\u00e1s que el control, que el cari\u00f1o ayuda m\u00e1s que el odio, que la aceptaci\u00f3n ayuda m\u00e1s que el se\u00f1alamiento y que desde la confianza todo es posible. Muchas gracias y mucha suerte, Sara\u201d.<\/li>\n<\/ul>\n\n\n\n<p><strong>Jos\u00e9 Ricardo Ram\u00edrez, infermer de l\u2019\u00c0rea de Rehabilitaci\u00f3 en Salut Mental<\/strong><\/p>\n\n\n\n<ul class=\"wp-block-list\">\n<li>&#8220;Cuidar es confiar, ofrecer nuevas posibilidades, esperar un futuro mejor, compartir una sonrisa y acompa\u00f1ar en el sufrimiento. Todo esto lo hemos hecho con Sara en un viaje de largo recorrido y con muchas dificultades por el trayecto. Finalmente se logr\u00f3 su objetivo, y es un esfuerzo de todos que solo sustentado desde el v\u00ednculo con las personas como ella se puede conseguir.&nbsp;Enhorabuena Sara, esperemos que perduren tu aprendizaje y tu objetivo\u201d.<\/li>\n<\/ul>\n\n\n\n<p>Ara que la Sara t\u00e9 l\u2019alta, no vol marxar sense deixar una carta de agra\u00efment. Aqu\u00ed us deixem les seves paraules:<\/p>\n\n\n\n<p><em>\u201cHola, soy Sara A. y muchos de vosotros y vosotras ya me conoc\u00e9is. Estoy haciendo esto para agradecer todo mi proceso y el avance que he logrado gracias a todo el personal sanitario. Despu\u00e9s de un a\u00f1o continuo aqu\u00ed ingresada, me he dado cuenta de que sois imprescindibles en mi vida. En serio, muchas gracias por haber apostado por m\u00ed y por haber confiado en m\u00ed, cuando yo misma no lo hac\u00eda. Desprend\u00e9is seguridad y amor todos y todas. Y eso se agradece.<\/em><\/p>\n\n\n\n<ul class=\"wp-block-list\">\n<li><em>A todo el personal de Recepci\u00f3n y Seguridad. Gracias por hacer mis ma\u00f1anas y tardes m\u00e1s entretenidas.<\/em><\/li>\n\n\n\n<li><em>A todo el Departamento de Psiquiatr\u00eda. Conmigo os hab\u00e9is esforzado mucho en los ajustes de medicaci\u00f3n y estoy mucho mejor gracias a ello.<\/em><\/li>\n\n\n\n<li><em>A todos los trabajadores y las trabajadoras sociales. Seguid guiando a cada uno seg\u00fan su disposici\u00f3n, lo est\u00e1is haciendo muy bien.<\/em><\/li>\n\n\n\n<li><em>A todo el personal terapeuta. Sin Xavi, Sandra y Loli la estancia ser\u00eda m\u00e1s perezosa. En cambio, con vuestras actividades podemos pasar buenos ratos y disfrutar con charlas llenas de sabidur\u00eda.<\/em><\/li>\n\n\n\n<li><em>A todo el personal auxiliar. Sin vuestra labor y vuestro amor por los pacientes y las pacientes, nada de esto hubiera sido posible: mi alta. En especial a Mireia Mora, una auxiliar que tanto me ha ayudado\u2026 S\u00ed, puede que me haya echado las broncas del siglo, pero sigue siendo una gran persona que nunca olvidar\u00e9.<\/em><\/li>\n\n\n\n<li><em>A todos los profesionales de Enfermer\u00eda. Gracias por escucharme cuando m\u00e1s lo he necesitado y estar ah\u00ed siempre para ayudarme. \u00a1Ricardo, eres un grande!<\/em><\/li>\n<\/ul>\n\n\n\n<p><em>Y bueno\u2026 el personal de Psicolog\u00eda que no falte: Jos\u00e9 Luis, eres una gran fuente de ayuda y desahogo para todos nosotros.<\/em><\/p>\n\n\n\n<p><em>Y Eva\u2026 t\u00fa eres la octava maravilla del mundo. Te debo mucho amor porque te lo mereces por ayudarme a dar este gran paso.<\/em><\/p>\n\n\n\n<p><em>Y pienso: Ahora que estar\u00e9 fuera, \u00bfa qui\u00e9n le llevar\u00e9 bombones?<\/em><\/p>\n\n\n\n<p><em>Gracias por todo vuestro amor.\u201d<\/em><\/p>\n","protected":false},"excerpt":{"rendered":"<p>La cura de qui t\u00e9 qualsevol problema de salut va molt m\u00e9s enll\u00e0 de nom\u00e9s\u00a0atendre els\u00a0s\u00edmptomes f\u00edsics o mentals. Hi ha un component emocional, una dedicaci\u00f3 i un esfor\u00e7 per part\u00a0dels i les\u00a0professionals que\u00a0volen\u00a0veure com les persones ateses\u00a0al seu servei\u00a0milloren i aconsegueixen tirar endavant. I aix\u00f2 fa que moltes vegades es formi un vincle entre\u00a0aquests [&hellip;]<\/p>\n","protected":false},"author":2,"featured_media":5772,"comment_status":"closed","ping_status":"closed","sticky":false,"template":"","format":"standard","meta":{"footnotes":""},"categories":[27],"tags":[],"class_list":["post-5770","post","type-post","status-publish","format-standard","has-post-thumbnail","hentry","category-actualitat"],"blocksy_meta":{"styles_descriptor":{"styles":{"desktop":"","tablet":"","mobile":""},"google_fonts":[],"version":6}},"featured_image_urls_v2":{"full":["https:\/\/fundaciohospitalariesmartorell.org\/entre-tots\/wp-content\/uploads\/2023\/02\/23_01_24_SAGRAT-COR_AGRADECIMIENTO-SARA-scaled.jpg",2560,1920,false],"thumbnail":["https:\/\/fundaciohospitalariesmartorell.org\/entre-tots\/wp-content\/uploads\/2023\/02\/23_01_24_SAGRAT-COR_AGRADECIMIENTO-SARA-150x150.jpg",150,150,true],"medium":["https:\/\/fundaciohospitalariesmartorell.org\/entre-tots\/wp-content\/uploads\/2023\/02\/23_01_24_SAGRAT-COR_AGRADECIMIENTO-SARA-300x225.jpg",300,225,true],"medium_large":["https:\/\/fundaciohospitalariesmartorell.org\/entre-tots\/wp-content\/uploads\/2023\/02\/23_01_24_SAGRAT-COR_AGRADECIMIENTO-SARA-768x576.jpg",768,576,true],"large":["https:\/\/fundaciohospitalariesmartorell.org\/entre-tots\/wp-content\/uploads\/2023\/02\/23_01_24_SAGRAT-COR_AGRADECIMIENTO-SARA-1024x768.jpg",1024,768,true],"1536x1536":["https:\/\/fundaciohospitalariesmartorell.org\/entre-tots\/wp-content\/uploads\/2023\/02\/23_01_24_SAGRAT-COR_AGRADECIMIENTO-SARA-1536x1152.jpg",1536,1152,true],"2048x2048":["https:\/\/fundaciohospitalariesmartorell.org\/entre-tots\/wp-content\/uploads\/2023\/02\/23_01_24_SAGRAT-COR_AGRADECIMIENTO-SARA-2048x1536.jpg",2048,1536,true],"mailpoet_newsletter_max":["https:\/\/fundaciohospitalariesmartorell.org\/entre-tots\/wp-content\/uploads\/2023\/02\/23_01_24_SAGRAT-COR_AGRADECIMIENTO-SARA-1320x990.jpg",1320,990,true]},"post_excerpt_stackable_v2":"<p>La cura de qui t\u00e9 qualsevol problema de salut va molt m\u00e9s enll\u00e0 de nom\u00e9s\u00a0atendre els\u00a0s\u00edmptomes f\u00edsics o mentals. Hi ha un component emocional, una dedicaci\u00f3 i un esfor\u00e7 per part\u00a0dels i les\u00a0professionals que\u00a0volen\u00a0veure com les persones ateses\u00a0al seu servei\u00a0milloren i aconsegueixen tirar endavant. I aix\u00f2 fa que moltes vegades es formi un vincle entre\u00a0aquests i aquestes\u00a0professionals i les persones usu\u00e0ries. La Sara va ser una d\u2019aquestes persones, que ha estat ingressada al nostre Hospital&nbsp;i que aquest febrer finalment ha rebut l\u2019alta. Per aconseguir aquesta alta, va&nbsp;caldre&nbsp;un llarg trajecte que no sempre va ser f\u00e0cil, com reconeixen&nbsp;els i les&nbsp;professionals que&hellip;<\/p>\n","category_list_v2":"<a href=\"https:\/\/fundaciohospitalariesmartorell.org\/entre-tots\/category\/actualitat\/\" rel=\"category tag\">ACTUALITAT<\/a>","author_info_v2":{"name":"Sagrat Cor","url":"https:\/\/fundaciohospitalariesmartorell.org\/entre-tots\/author\/daniel\/"},"comments_num_v2":"0 comments","_links":{"self":[{"href":"https:\/\/fundaciohospitalariesmartorell.org\/entre-tots\/wp-json\/wp\/v2\/posts\/5770","targetHints":{"allow":["GET"]}}],"collection":[{"href":"https:\/\/fundaciohospitalariesmartorell.org\/entre-tots\/wp-json\/wp\/v2\/posts"}],"about":[{"href":"https:\/\/fundaciohospitalariesmartorell.org\/entre-tots\/wp-json\/wp\/v2\/types\/post"}],"author":[{"embeddable":true,"href":"https:\/\/fundaciohospitalariesmartorell.org\/entre-tots\/wp-json\/wp\/v2\/users\/2"}],"replies":[{"embeddable":true,"href":"https:\/\/fundaciohospitalariesmartorell.org\/entre-tots\/wp-json\/wp\/v2\/comments?post=5770"}],"version-history":[{"count":5,"href":"https:\/\/fundaciohospitalariesmartorell.org\/entre-tots\/wp-json\/wp\/v2\/posts\/5770\/revisions"}],"predecessor-version":[{"id":5888,"href":"https:\/\/fundaciohospitalariesmartorell.org\/entre-tots\/wp-json\/wp\/v2\/posts\/5770\/revisions\/5888"}],"wp:featuredmedia":[{"embeddable":true,"href":"https:\/\/fundaciohospitalariesmartorell.org\/entre-tots\/wp-json\/wp\/v2\/media\/5772"}],"wp:attachment":[{"href":"https:\/\/fundaciohospitalariesmartorell.org\/entre-tots\/wp-json\/wp\/v2\/media?parent=5770"}],"wp:term":[{"taxonomy":"category","embeddable":true,"href":"https:\/\/fundaciohospitalariesmartorell.org\/entre-tots\/wp-json\/wp\/v2\/categories?post=5770"},{"taxonomy":"post_tag","embeddable":true,"href":"https:\/\/fundaciohospitalariesmartorell.org\/entre-tots\/wp-json\/wp\/v2\/tags?post=5770"}],"curies":[{"name":"wp","href":"https:\/\/api.w.org\/{rel}","templated":true}]}}