{"id":5855,"date":"2023-02-27T18:40:03","date_gmt":"2023-02-27T16:40:03","guid":{"rendered":"https:\/\/newweb.hospitalsagratcormartorell.org\/entre-tots\/?p=5855"},"modified":"2023-02-28T11:55:56","modified_gmt":"2023-02-28T09:55:56","slug":"estrenyent-llacos-entre-veins","status":"publish","type":"post","link":"https:\/\/fundaciohospitalariesmartorell.org\/entre-tots\/2023\/02\/estrenyent-llacos-entre-veins\/","title":{"rendered":"Estrenyent lla\u00e7os entre ve\u00efns"},"content":{"rendered":"<figure class=\"wp-block-post-featured-image\"><img loading=\"lazy\" decoding=\"async\" width=\"2048\" height=\"1827\" src=\"https:\/\/fundaciohospitalariesmartorell.org\/entre-tots\/wp-content\/uploads\/2023\/02\/IMG-20230224-WA0040.jpg\" class=\"attachment-post-thumbnail size-post-thumbnail wp-post-image\" alt=\"\" style=\"object-fit:cover;\" srcset=\"https:\/\/fundaciohospitalariesmartorell.org\/entre-tots\/wp-content\/uploads\/2023\/02\/IMG-20230224-WA0040.jpg 2048w, https:\/\/fundaciohospitalariesmartorell.org\/entre-tots\/wp-content\/uploads\/2023\/02\/IMG-20230224-WA0040-300x268.jpg 300w, https:\/\/fundaciohospitalariesmartorell.org\/entre-tots\/wp-content\/uploads\/2023\/02\/IMG-20230224-WA0040-1024x914.jpg 1024w, https:\/\/fundaciohospitalariesmartorell.org\/entre-tots\/wp-content\/uploads\/2023\/02\/IMG-20230224-WA0040-768x685.jpg 768w, https:\/\/fundaciohospitalariesmartorell.org\/entre-tots\/wp-content\/uploads\/2023\/02\/IMG-20230224-WA0040-1536x1370.jpg 1536w, https:\/\/fundaciohospitalariesmartorell.org\/entre-tots\/wp-content\/uploads\/2023\/02\/IMG-20230224-WA0040-1320x1178.jpg 1320w\" sizes=\"auto, (max-width: 2048px) 100vw, 2048px\" \/><\/figure>\n\n\n<p>Els nostres ve\u00efns de Seat SA, representats per David Sancha, responsable de Salut Mental a Seat, i Mireia S\u00e1nchez, responsable de Salut Laboral a la mateixa companyia, ens van visitar el divendres 24 de febrer. Part del Consell de Direcci\u00f3, juntament amb Santi Bernades, coordinador m\u00e8dic de l\u2019\u00c0rea Sociosanit\u00e0ria de l\u2019Hospital, van ser els encarregats de fer una presentaci\u00f3 de la instituci\u00f3 i mostrar-ne alguns espais, com la sala <em>snoezelen<\/em>, on Esther Romaguera, terapeuta ocupacional, va ensenyar els diferents elements que la componen i va explicar els objectius d\u2019aquesta ter\u00e0pia, o el nou edifici assistencial en Salut Mental i Sociosanitari.<\/p>\n\n\n\n<figure class=\"wp-block-image alignleft size-large is-resized\"><img loading=\"lazy\" decoding=\"async\" src=\"https:\/\/hospitalsagratcormartorell.org\/entre-tots\/wp-content\/uploads\/2023\/02\/20230224-Visita-SEAT-sala-multisensorial-1024x928.jpg\" alt=\"\" class=\"wp-image-5858\" width=\"323\" height=\"293\" srcset=\"https:\/\/fundaciohospitalariesmartorell.org\/entre-tots\/wp-content\/uploads\/2023\/02\/20230224-Visita-SEAT-sala-multisensorial-1024x928.jpg 1024w, https:\/\/fundaciohospitalariesmartorell.org\/entre-tots\/wp-content\/uploads\/2023\/02\/20230224-Visita-SEAT-sala-multisensorial-300x272.jpg 300w, https:\/\/fundaciohospitalariesmartorell.org\/entre-tots\/wp-content\/uploads\/2023\/02\/20230224-Visita-SEAT-sala-multisensorial-768x696.jpg 768w, https:\/\/fundaciohospitalariesmartorell.org\/entre-tots\/wp-content\/uploads\/2023\/02\/20230224-Visita-SEAT-sala-multisensorial-1536x1392.jpg 1536w, https:\/\/fundaciohospitalariesmartorell.org\/entre-tots\/wp-content\/uploads\/2023\/02\/20230224-Visita-SEAT-sala-multisensorial-2048x1857.jpg 2048w, https:\/\/fundaciohospitalariesmartorell.org\/entre-tots\/wp-content\/uploads\/2023\/02\/20230224-Visita-SEAT-sala-multisensorial-1320x1197.jpg 1320w\" sizes=\"auto, (max-width: 323px) 100vw, 323px\" \/><\/figure>\n\n\n\n<p><em>\u00abEs un placer contar con un lugar tan bien adaptado a las necesidades de los pacientes, que vela por la salud de la persona enferma a trav\u00e9s de una atenci\u00f3n integral y humana\u00bb<\/em>, va explicar David Sanca. Mireia S\u00e1nchez tamb\u00e9 va explicar que <em>\u00abha sido una grata experiencia conocer las instalaciones y a profesionales de vuestro Hospital, as\u00ed como descubrir t\u00e9cnicas que llev\u00e1is a cabo y que no conoc\u00eda, como el trabajo en la sala multisensorial\u00bb<\/em>.<\/p>\n\n\n\n<figure class=\"wp-block-image alignright size-large is-resized\"><img loading=\"lazy\" decoding=\"async\" src=\"https:\/\/hospitalsagratcormartorell.org\/entre-tots\/wp-content\/uploads\/2023\/02\/20230123-Visita-SEAT-849x1024.jpg\" alt=\"\" class=\"wp-image-5857\" width=\"260\" height=\"314\" srcset=\"https:\/\/fundaciohospitalariesmartorell.org\/entre-tots\/wp-content\/uploads\/2023\/02\/20230123-Visita-SEAT-849x1024.jpg 849w, https:\/\/fundaciohospitalariesmartorell.org\/entre-tots\/wp-content\/uploads\/2023\/02\/20230123-Visita-SEAT-249x300.jpg 249w, https:\/\/fundaciohospitalariesmartorell.org\/entre-tots\/wp-content\/uploads\/2023\/02\/20230123-Visita-SEAT-768x927.jpg 768w, https:\/\/fundaciohospitalariesmartorell.org\/entre-tots\/wp-content\/uploads\/2023\/02\/20230123-Visita-SEAT.jpg 1080w\" sizes=\"auto, (max-width: 260px) 100vw, 260px\" \/><\/figure>\n\n\n\n<p>Pr\u00e8viament, una representaci\u00f3 del Consell de Direcci\u00f3 de l\u2019Hospital es va despla\u00e7ar fins al Centre d\u2019Atenci\u00f3 i Rehabilitaci\u00f3 Sanit\u00e0ria (CARS) de Seat a Martorell, per mantenir una trobada molt satisfact\u00f2ria amb Jos\u00e9 Mar\u00eda Navarrete, cap de Salut, Seguretat i Emerg\u00e8ncies de la companyia del Grup Volkswagen a Espanya, a fi de compartir coneixement i experi\u00e8ncies, i de potenciar les relacions de ve\u00efnatge.<\/p>\n\n\n\n<p>Aquesta experi\u00e8ncia va ser molt satisfact\u00f2ria per a totes dues entitats i esperem tornar-nos a trobar en un futur no gaire lluny\u00e0.<\/p>\n","protected":false},"excerpt":{"rendered":"<p>Els nostres ve\u00efns de Seat SA, representats per David Sancha, responsable de Salut Mental a Seat, i Mireia S\u00e1nchez, responsable de Salut Laboral a la mateixa companyia, ens van visitar el divendres 24 de febrer. Part del Consell de Direcci\u00f3, juntament amb Santi Bernades, coordinador m\u00e8dic de l\u2019\u00c0rea Sociosanit\u00e0ria de l\u2019Hospital, van ser els encarregats [&hellip;]<\/p>\n","protected":false},"author":2,"featured_media":5860,"comment_status":"closed","ping_status":"closed","sticky":false,"template":"","format":"standard","meta":{"footnotes":""},"categories":[27],"tags":[],"class_list":["post-5855","post","type-post","status-publish","format-standard","has-post-thumbnail","hentry","category-actualitat"],"blocksy_meta":{"styles_descriptor":{"styles":{"desktop":"","tablet":"","mobile":""},"google_fonts":[],"version":6}},"featured_image_urls_v2":{"full":["https:\/\/fundaciohospitalariesmartorell.org\/entre-tots\/wp-content\/uploads\/2023\/02\/IMG-20230224-WA0040.jpg",2048,1827,false],"thumbnail":["https:\/\/fundaciohospitalariesmartorell.org\/entre-tots\/wp-content\/uploads\/2023\/02\/IMG-20230224-WA0040-150x150.jpg",150,150,true],"medium":["https:\/\/fundaciohospitalariesmartorell.org\/entre-tots\/wp-content\/uploads\/2023\/02\/IMG-20230224-WA0040-300x268.jpg",300,268,true],"medium_large":["https:\/\/fundaciohospitalariesmartorell.org\/entre-tots\/wp-content\/uploads\/2023\/02\/IMG-20230224-WA0040-768x685.jpg",768,685,true],"large":["https:\/\/fundaciohospitalariesmartorell.org\/entre-tots\/wp-content\/uploads\/2023\/02\/IMG-20230224-WA0040-1024x914.jpg",1024,914,true],"1536x1536":["https:\/\/fundaciohospitalariesmartorell.org\/entre-tots\/wp-content\/uploads\/2023\/02\/IMG-20230224-WA0040-1536x1370.jpg",1536,1370,true],"2048x2048":["https:\/\/fundaciohospitalariesmartorell.org\/entre-tots\/wp-content\/uploads\/2023\/02\/IMG-20230224-WA0040.jpg",2048,1827,false],"mailpoet_newsletter_max":["https:\/\/fundaciohospitalariesmartorell.org\/entre-tots\/wp-content\/uploads\/2023\/02\/IMG-20230224-WA0040-1320x1178.jpg",1320,1178,true]},"post_excerpt_stackable_v2":"<p>Els nostres ve\u00efns de Seat SA, representats per David Sancha, responsable de Salut Mental a Seat, i Mireia S\u00e1nchez, responsable de Salut Laboral a la mateixa companyia, ens van visitar el divendres 24 de febrer. Part del Consell de Direcci\u00f3, juntament amb Santi Bernades, coordinador m\u00e8dic de l\u2019\u00c0rea Sociosanit\u00e0ria de l\u2019Hospital, van ser els encarregats de fer una presentaci\u00f3 de la instituci\u00f3 i mostrar-ne alguns espais, com la sala snoezelen, on Esther Romaguera, terapeuta ocupacional, va ensenyar els diferents elements que la componen i va explicar els objectius d\u2019aquesta ter\u00e0pia, o el nou edifici assistencial en Salut Mental i Sociosanitari.&hellip;<\/p>\n","category_list_v2":"<a href=\"https:\/\/fundaciohospitalariesmartorell.org\/entre-tots\/category\/actualitat\/\" rel=\"category tag\">ACTUALITAT<\/a>","author_info_v2":{"name":"Sagrat Cor","url":"https:\/\/fundaciohospitalariesmartorell.org\/entre-tots\/author\/daniel\/"},"comments_num_v2":"0 comments","_links":{"self":[{"href":"https:\/\/fundaciohospitalariesmartorell.org\/entre-tots\/wp-json\/wp\/v2\/posts\/5855","targetHints":{"allow":["GET"]}}],"collection":[{"href":"https:\/\/fundaciohospitalariesmartorell.org\/entre-tots\/wp-json\/wp\/v2\/posts"}],"about":[{"href":"https:\/\/fundaciohospitalariesmartorell.org\/entre-tots\/wp-json\/wp\/v2\/types\/post"}],"author":[{"embeddable":true,"href":"https:\/\/fundaciohospitalariesmartorell.org\/entre-tots\/wp-json\/wp\/v2\/users\/2"}],"replies":[{"embeddable":true,"href":"https:\/\/fundaciohospitalariesmartorell.org\/entre-tots\/wp-json\/wp\/v2\/comments?post=5855"}],"version-history":[{"count":4,"href":"https:\/\/fundaciohospitalariesmartorell.org\/entre-tots\/wp-json\/wp\/v2\/posts\/5855\/revisions"}],"predecessor-version":[{"id":5864,"href":"https:\/\/fundaciohospitalariesmartorell.org\/entre-tots\/wp-json\/wp\/v2\/posts\/5855\/revisions\/5864"}],"wp:featuredmedia":[{"embeddable":true,"href":"https:\/\/fundaciohospitalariesmartorell.org\/entre-tots\/wp-json\/wp\/v2\/media\/5860"}],"wp:attachment":[{"href":"https:\/\/fundaciohospitalariesmartorell.org\/entre-tots\/wp-json\/wp\/v2\/media?parent=5855"}],"wp:term":[{"taxonomy":"category","embeddable":true,"href":"https:\/\/fundaciohospitalariesmartorell.org\/entre-tots\/wp-json\/wp\/v2\/categories?post=5855"},{"taxonomy":"post_tag","embeddable":true,"href":"https:\/\/fundaciohospitalariesmartorell.org\/entre-tots\/wp-json\/wp\/v2\/tags?post=5855"}],"curies":[{"name":"wp","href":"https:\/\/api.w.org\/{rel}","templated":true}]}}