{"id":5898,"date":"2023-03-29T10:01:27","date_gmt":"2023-03-29T08:01:27","guid":{"rendered":"https:\/\/newweb.hospitalsagratcormartorell.org\/entre-tots\/?p=5898"},"modified":"2023-03-30T12:47:30","modified_gmt":"2023-03-30T10:47:30","slug":"primera-jornada-de-portes-obertes-presencial-per-a-futurs-residents-despres-de-la-pandemia","status":"publish","type":"post","link":"https:\/\/fundaciohospitalariesmartorell.org\/entre-tots\/2023\/03\/primera-jornada-de-portes-obertes-presencial-per-a-futurs-residents-despres-de-la-pandemia\/","title":{"rendered":"Primera jornada de portes obertes presencial per a futurs residents despr\u00e9s de la pand\u00e8mia"},"content":{"rendered":"<figure class=\"wp-block-post-featured-image\"><img loading=\"lazy\" decoding=\"async\" width=\"2048\" height=\"1860\" src=\"https:\/\/fundaciohospitalariesmartorell.org\/entre-tots\/wp-content\/uploads\/2023\/03\/23_03_15_SAGRAT-COR_JORNADA-PORTES-OBERTES-RESIDENTS_01.jpg\" class=\"attachment-post-thumbnail size-post-thumbnail wp-post-image\" alt=\"\" style=\"object-fit:cover;\" \/><\/figure>\n\n\n<p>El 15 de mar\u00e7 es va celebrar a l\u2019Hospital Sagrat Cor una jornada de portes obertes per a futurs residents MIR, PIR i IIR. Aquesta va ser la primera que es va fer presencial des que la pand\u00e8mia de covid-19 va obligar a suspendre totes les activitats no assistencials als centres m\u00e8dics. En total van participar-hi onze futurs residents que van poder con\u00e8ixer l\u2019Hospital de primera m\u00e0.<\/p>\n\n\n\n<p>Despr\u00e9s de rebre els candidats i donar-los la benvinguda, se\u2019ls va fer una visita per les instal\u00b7lacions. A continuaci\u00f3 va tenir lloc un col\u00b7loqui a la sala de formaci\u00f3, que va comptar amb la participaci\u00f3 del cap d\u2019estudis, Fernando Boatas; la tutora PIR, Francesca Amores; la tutora MIR, \u00c0gueda Solivellas; la tutora IIR, Mar\u00eda Plana, i diversos residents. &#8220;Va ser un col\u00b7loqui molt am\u00e8, on es van resoldre els dubtes dels futurs residents i on es van destacar, entre els punts forts que ofereix el Centre, la versatilitat completa de la formaci\u00f3 i el valor de l\u2019Hospitalitat amb el qual es troben els residents&#8221;, assenyala el Dr. Boatas.<\/p>\n\n\n\n<p>\u201cEl fet que els residents van explicar-ho gaire b\u00e9 tot i que van fer-ho de manera molt propera va causar una bona impressi\u00f3 als candidats\u201d, explica Gara Alias, resident PIR de l\u2019Hospital Sagrat Cor i una de les organitzadores d\u2019aquesta jornada. Alias tamb\u00e9 comenta com els futurs residents van destacar l\u2019ambient familiar que van poder comprovar durant la visita: \u201cMolts d\u2019ells no sabien ben b\u00e9 el que venien a veure i ens van dir que els havia agradat molt la bona imatge del Centre i com l\u2019Hospital estava molt pendent dels residents\u201d.<\/p>\n\n\n\n<figure class=\"wp-block-image size-full\"><img loading=\"lazy\" decoding=\"async\" width=\"1589\" height=\"1211\" src=\"https:\/\/hospitalsagratcormartorell.org\/entre-tots\/wp-content\/uploads\/2023\/03\/23_03_15_SAGRAT-COR_JORNADA-PORTES-OBERTES-RESIDENTS_02.jpg\" alt=\"\" class=\"wp-image-5902\"\/><\/figure>\n","protected":false},"excerpt":{"rendered":"<p>El 15 de mar\u00e7 es va celebrar a l\u2019Hospital Sagrat Cor una jornada de portes obertes per a futurs residents MIR, PIR i IIR. Aquesta va ser la primera que es va fer presencial des que la pand\u00e8mia de covid-19 va obligar a suspendre totes les activitats no assistencials als centres m\u00e8dics. En total van [&hellip;]<\/p>\n","protected":false},"author":2,"featured_media":5901,"comment_status":"closed","ping_status":"closed","sticky":false,"template":"","format":"standard","meta":{"footnotes":""},"categories":[27],"tags":[],"class_list":["post-5898","post","type-post","status-publish","format-standard","has-post-thumbnail","hentry","category-actualitat"],"blocksy_meta":{"styles_descriptor":{"styles":{"desktop":"","tablet":"","mobile":""},"google_fonts":[],"version":6}},"featured_image_urls_v2":{"full":["https:\/\/fundaciohospitalariesmartorell.org\/entre-tots\/wp-content\/uploads\/2023\/03\/23_03_15_SAGRAT-COR_JORNADA-PORTES-OBERTES-RESIDENTS_01.jpg",2048,1860,false],"thumbnail":["https:\/\/fundaciohospitalariesmartorell.org\/entre-tots\/wp-content\/uploads\/2023\/03\/23_03_15_SAGRAT-COR_JORNADA-PORTES-OBERTES-RESIDENTS_01.jpg",150,136,false],"medium":["https:\/\/fundaciohospitalariesmartorell.org\/entre-tots\/wp-content\/uploads\/2023\/03\/23_03_15_SAGRAT-COR_JORNADA-PORTES-OBERTES-RESIDENTS_01.jpg",300,272,false],"medium_large":["https:\/\/fundaciohospitalariesmartorell.org\/entre-tots\/wp-content\/uploads\/2023\/03\/23_03_15_SAGRAT-COR_JORNADA-PORTES-OBERTES-RESIDENTS_01.jpg",768,698,false],"large":["https:\/\/fundaciohospitalariesmartorell.org\/entre-tots\/wp-content\/uploads\/2023\/03\/23_03_15_SAGRAT-COR_JORNADA-PORTES-OBERTES-RESIDENTS_01.jpg",1024,930,false],"1536x1536":["https:\/\/fundaciohospitalariesmartorell.org\/entre-tots\/wp-content\/uploads\/2023\/03\/23_03_15_SAGRAT-COR_JORNADA-PORTES-OBERTES-RESIDENTS_01.jpg",1536,1395,false],"2048x2048":["https:\/\/fundaciohospitalariesmartorell.org\/entre-tots\/wp-content\/uploads\/2023\/03\/23_03_15_SAGRAT-COR_JORNADA-PORTES-OBERTES-RESIDENTS_01.jpg",2048,1860,false],"mailpoet_newsletter_max":["https:\/\/fundaciohospitalariesmartorell.org\/entre-tots\/wp-content\/uploads\/2023\/03\/23_03_15_SAGRAT-COR_JORNADA-PORTES-OBERTES-RESIDENTS_01.jpg",1320,1199,false]},"post_excerpt_stackable_v2":"<p>El 15 de mar\u00e7 es va celebrar a l\u2019Hospital Sagrat Cor una jornada de portes obertes per a futurs residents MIR, PIR i IIR. Aquesta va ser la primera que es va fer presencial des que la pand\u00e8mia de covid-19 va obligar a suspendre totes les activitats no assistencials als centres m\u00e8dics. En total van participar-hi onze futurs residents que van poder con\u00e8ixer l\u2019Hospital de primera m\u00e0. Despr\u00e9s de rebre els candidats i donar-los la benvinguda, se\u2019ls va fer una visita per les instal\u00b7lacions. A continuaci\u00f3 va tenir lloc un col\u00b7loqui a la sala de formaci\u00f3, que va comptar amb&hellip;<\/p>\n","category_list_v2":"<a href=\"https:\/\/fundaciohospitalariesmartorell.org\/entre-tots\/category\/actualitat\/\" rel=\"category tag\">ACTUALITAT<\/a>","author_info_v2":{"name":"Sagrat Cor","url":"https:\/\/fundaciohospitalariesmartorell.org\/entre-tots\/author\/daniel\/"},"comments_num_v2":"0 comments","_links":{"self":[{"href":"https:\/\/fundaciohospitalariesmartorell.org\/entre-tots\/wp-json\/wp\/v2\/posts\/5898","targetHints":{"allow":["GET"]}}],"collection":[{"href":"https:\/\/fundaciohospitalariesmartorell.org\/entre-tots\/wp-json\/wp\/v2\/posts"}],"about":[{"href":"https:\/\/fundaciohospitalariesmartorell.org\/entre-tots\/wp-json\/wp\/v2\/types\/post"}],"author":[{"embeddable":true,"href":"https:\/\/fundaciohospitalariesmartorell.org\/entre-tots\/wp-json\/wp\/v2\/users\/2"}],"replies":[{"embeddable":true,"href":"https:\/\/fundaciohospitalariesmartorell.org\/entre-tots\/wp-json\/wp\/v2\/comments?post=5898"}],"version-history":[{"count":5,"href":"https:\/\/fundaciohospitalariesmartorell.org\/entre-tots\/wp-json\/wp\/v2\/posts\/5898\/revisions"}],"predecessor-version":[{"id":6079,"href":"https:\/\/fundaciohospitalariesmartorell.org\/entre-tots\/wp-json\/wp\/v2\/posts\/5898\/revisions\/6079"}],"wp:featuredmedia":[{"embeddable":true,"href":"https:\/\/fundaciohospitalariesmartorell.org\/entre-tots\/wp-json\/wp\/v2\/media\/5901"}],"wp:attachment":[{"href":"https:\/\/fundaciohospitalariesmartorell.org\/entre-tots\/wp-json\/wp\/v2\/media?parent=5898"}],"wp:term":[{"taxonomy":"category","embeddable":true,"href":"https:\/\/fundaciohospitalariesmartorell.org\/entre-tots\/wp-json\/wp\/v2\/categories?post=5898"},{"taxonomy":"post_tag","embeddable":true,"href":"https:\/\/fundaciohospitalariesmartorell.org\/entre-tots\/wp-json\/wp\/v2\/tags?post=5898"}],"curies":[{"name":"wp","href":"https:\/\/api.w.org\/{rel}","templated":true}]}}