{"id":5904,"date":"2023-03-29T10:05:53","date_gmt":"2023-03-29T08:05:53","guid":{"rendered":"https:\/\/newweb.hospitalsagratcormartorell.org\/entre-tots\/?p=5904"},"modified":"2023-03-30T09:48:03","modified_gmt":"2023-03-30T07:48:03","slug":"acabem-les-visites-als-equipaments-comunitaris","status":"publish","type":"post","link":"https:\/\/fundaciohospitalariesmartorell.org\/entre-tots\/2023\/03\/acabem-les-visites-als-equipaments-comunitaris\/","title":{"rendered":"Finalitzen les visites del CD als equipaments comunitaris"},"content":{"rendered":"\n<figure class=\"wp-block-image size-full\"><img loading=\"lazy\" decoding=\"async\" width=\"1162\" height=\"588\" src=\"https:\/\/hospitalsagratcormartorell.org\/entre-tots\/wp-content\/uploads\/2023\/03\/foto-HD-i-SRC.jpg\" alt=\"\" class=\"wp-image-5907\"\/><\/figure>\n\n\n\n<p>Aquest any s\u2019han repr\u00e8s les visites als equipaments comunitaris que la pand\u00e8mia de covid-19 va obligar a suspendre. Al mes de mar\u00e7, el Consell de Direcci\u00f3 (CD) de l\u2019Hospital Sagrat Cor va realitzar les dues visites anuals que encara estaven pendents i va finalitzar aix\u00ed els despla\u00e7aments als diferents territoris on disposa d\u2019instal\u00b7lacions d\u2019atenci\u00f3 comunit\u00e0ria.<\/p>\n\n\n\n<p>La primera cita programada per part del Consell de Direcci\u00f3 va ser als serveis de salut mental comunitaris de Martorell i va tenir lloc el divendres 3 de mar\u00e7. El doctor Fernando Boatas, coordinador dels Serveis de Salut Mental d\u2019Adults del Baix Llobregat Nord, va fer l\u2019acollida als membres del Consell de Direcci\u00f3 i els va acompanyar&nbsp;a visitar les instal\u00b7lacions del Centre de Salut Mental d\u2019Adults (CSMA), l&#8217;Hospital de Dia (HD) i el Servei de Rehabilitaci\u00f3 Comunit\u00e0ria (SRC). A continuaci\u00f3 es va reunir amb els&nbsp;professionals del CSMA, on es va posar en valor la capacitat dels equips per afrontar les diverses dificultats sobrevingudes durant el darrer any i la import\u00e0ncia del lideratge per tal de conduir la situaci\u00f3 i donar suport a les&nbsp;persones que treballen al Centre.<\/p>\n\n\n\n<p>Posteriorment, el&nbsp;Consell de Direcci\u00f3 es va&nbsp;reunir amb els professionals de l&#8217;SRC i de l&#8217;HD. En aquesta reuni\u00f3, igual que amb la que va mantenir amb l\u2019equip del CSMA, es van evidenciar els problemes d\u2019espai d\u2019aquests serveis i, per tant, la necessitat de trobar nous empla\u00e7aments que permetin ampliar&nbsp;els actuals. Cal destacar com tots els professionals van valorar molt positivament la capacitat dels equips d&#8217;acollir les noves incorporacions, i com les persones m\u00e9s veteranes de la casa i les nouvingudes reconeixen les aportacions que totes elles fan per oferir la millor atenci\u00f3 a pacients i a les seves fam\u00edlies.<\/p>\n\n\n<figure class=\"wp-block-post-featured-image\"><img loading=\"lazy\" decoding=\"async\" width=\"1185\" height=\"718\" src=\"https:\/\/fundaciohospitalariesmartorell.org\/entre-tots\/wp-content\/uploads\/2023\/03\/foto-CSMA.jpg\" class=\"attachment-post-thumbnail size-post-thumbnail wp-post-image\" alt=\"\" style=\"object-fit:cover;\" \/><\/figure>\n\n\n<p>La segona visita va tenir lloc el dilluns 27 de mar\u00e7. En primer lloc es va fer una visita al Centre de Salut Mental Infantojuvenil (CSMIJ) de Martorell, on el CD es va reunir amb l\u2019equip de professionals del servei i amb la seva coordinadora, la Rosa Almi\u00f1ana. En el marc de la trobada, que es va produir en un ambient dist\u00e8s i constructiu, es van&nbsp;compartir preocupacions i projectes, i es van mostrar al CD les diferents estrat\u00e8gies que s&#8217;utilitzen per tal de prioritzar l\u2019assist\u00e8ncia als casos m\u00e9s necessitats.<\/p>\n\n\n\n<p>Posteriorment, el CD i la coordinadora es van traslladar a l\u2019Hospital de Dia d&#8217;Adolescents i tamb\u00e9 van compartir una estona amb l\u2019equip. En aquesta trobada es va analitzar conjuntament la situaci\u00f3 de la salut mental infantojuvenil amb una visi\u00f3 m\u00e9s enll\u00e0 de l\u2019\u00e0mbit purament assistencial. Aix\u00ed, malgrat totes les dificultats del moment actual, amb un increment de la demanda i de la gravetat dels casos, afegit a una manca de professionals, es va posar en valor la tasca que fan cada dia els professionals de l&#8217;Hospital de Dia per tal d\u2019alleugerir el patiment mental de les persones ateses i les seves fam\u00edlies.&nbsp; Es van aprofitar ambdues trobades per ressaltar el paper excel\u00b7lent que ha exercit la Rosa Almi\u00f1ana \u2013que es jubila properament\u2013com a coordinadora de l\u2019\u00c0rea&nbsp;Infantojuvenil&nbsp; i se\u2019n va destacar la professionalitat i&nbsp;el comprom\u00eds amb els pacients, amb els companys i companyes i amb la Instituci\u00f3.<\/p>\n","protected":false},"excerpt":{"rendered":"<p>Aquest any s\u2019han repr\u00e8s les visites als equipaments comunitaris que la pand\u00e8mia de covid-19 va obligar a suspendre. Al mes de mar\u00e7, el Consell de Direcci\u00f3 (CD) de l\u2019Hospital Sagrat Cor va realitzar les dues visites anuals que encara estaven pendents i va finalitzar aix\u00ed els despla\u00e7aments als diferents territoris on disposa d\u2019instal\u00b7lacions d\u2019atenci\u00f3 comunit\u00e0ria. [&hellip;]<\/p>\n","protected":false},"author":2,"featured_media":5906,"comment_status":"closed","ping_status":"closed","sticky":false,"template":"","format":"standard","meta":{"footnotes":""},"categories":[27],"tags":[],"class_list":["post-5904","post","type-post","status-publish","format-standard","has-post-thumbnail","hentry","category-actualitat"],"blocksy_meta":{"styles_descriptor":{"styles":{"desktop":"","tablet":"","mobile":""},"google_fonts":[],"version":6}},"featured_image_urls_v2":{"full":["https:\/\/fundaciohospitalariesmartorell.org\/entre-tots\/wp-content\/uploads\/2023\/03\/foto-CSMA.jpg",1185,718,false],"thumbnail":["https:\/\/fundaciohospitalariesmartorell.org\/entre-tots\/wp-content\/uploads\/2023\/03\/foto-CSMA.jpg",150,91,false],"medium":["https:\/\/fundaciohospitalariesmartorell.org\/entre-tots\/wp-content\/uploads\/2023\/03\/foto-CSMA.jpg",300,182,false],"medium_large":["https:\/\/fundaciohospitalariesmartorell.org\/entre-tots\/wp-content\/uploads\/2023\/03\/foto-CSMA.jpg",768,465,false],"large":["https:\/\/fundaciohospitalariesmartorell.org\/entre-tots\/wp-content\/uploads\/2023\/03\/foto-CSMA.jpg",1024,620,false],"1536x1536":["https:\/\/fundaciohospitalariesmartorell.org\/entre-tots\/wp-content\/uploads\/2023\/03\/foto-CSMA.jpg",1185,718,false],"2048x2048":["https:\/\/fundaciohospitalariesmartorell.org\/entre-tots\/wp-content\/uploads\/2023\/03\/foto-CSMA.jpg",1185,718,false],"mailpoet_newsletter_max":["https:\/\/fundaciohospitalariesmartorell.org\/entre-tots\/wp-content\/uploads\/2023\/03\/foto-CSMA.jpg",1185,718,false]},"post_excerpt_stackable_v2":"<p>Aquest any s\u2019han repr\u00e8s les visites als equipaments comunitaris que la pand\u00e8mia de covid-19 va obligar a suspendre. Al mes de mar\u00e7, el Consell de Direcci\u00f3 (CD) de l\u2019Hospital Sagrat Cor va realitzar les dues visites anuals que encara estaven pendents i va finalitzar aix\u00ed els despla\u00e7aments als diferents territoris on disposa d\u2019instal\u00b7lacions d\u2019atenci\u00f3 comunit\u00e0ria. La primera cita programada per part del Consell de Direcci\u00f3 va ser als serveis de salut mental comunitaris de Martorell i va tenir lloc el divendres 3 de mar\u00e7. El doctor Fernando Boatas, coordinador dels Serveis de Salut Mental d\u2019Adults del Baix Llobregat Nord, va&hellip;<\/p>\n","category_list_v2":"<a href=\"https:\/\/fundaciohospitalariesmartorell.org\/entre-tots\/category\/actualitat\/\" rel=\"category tag\">ACTUALITAT<\/a>","author_info_v2":{"name":"Sagrat Cor","url":"https:\/\/fundaciohospitalariesmartorell.org\/entre-tots\/author\/daniel\/"},"comments_num_v2":"0 comments","_links":{"self":[{"href":"https:\/\/fundaciohospitalariesmartorell.org\/entre-tots\/wp-json\/wp\/v2\/posts\/5904","targetHints":{"allow":["GET"]}}],"collection":[{"href":"https:\/\/fundaciohospitalariesmartorell.org\/entre-tots\/wp-json\/wp\/v2\/posts"}],"about":[{"href":"https:\/\/fundaciohospitalariesmartorell.org\/entre-tots\/wp-json\/wp\/v2\/types\/post"}],"author":[{"embeddable":true,"href":"https:\/\/fundaciohospitalariesmartorell.org\/entre-tots\/wp-json\/wp\/v2\/users\/2"}],"replies":[{"embeddable":true,"href":"https:\/\/fundaciohospitalariesmartorell.org\/entre-tots\/wp-json\/wp\/v2\/comments?post=5904"}],"version-history":[{"count":3,"href":"https:\/\/fundaciohospitalariesmartorell.org\/entre-tots\/wp-json\/wp\/v2\/posts\/5904\/revisions"}],"predecessor-version":[{"id":6060,"href":"https:\/\/fundaciohospitalariesmartorell.org\/entre-tots\/wp-json\/wp\/v2\/posts\/5904\/revisions\/6060"}],"wp:featuredmedia":[{"embeddable":true,"href":"https:\/\/fundaciohospitalariesmartorell.org\/entre-tots\/wp-json\/wp\/v2\/media\/5906"}],"wp:attachment":[{"href":"https:\/\/fundaciohospitalariesmartorell.org\/entre-tots\/wp-json\/wp\/v2\/media?parent=5904"}],"wp:term":[{"taxonomy":"category","embeddable":true,"href":"https:\/\/fundaciohospitalariesmartorell.org\/entre-tots\/wp-json\/wp\/v2\/categories?post=5904"},{"taxonomy":"post_tag","embeddable":true,"href":"https:\/\/fundaciohospitalariesmartorell.org\/entre-tots\/wp-json\/wp\/v2\/tags?post=5904"}],"curies":[{"name":"wp","href":"https:\/\/api.w.org\/{rel}","templated":true}]}}