{"id":5909,"date":"2023-03-29T10:09:52","date_gmt":"2023-03-29T08:09:52","guid":{"rendered":"https:\/\/newweb.hospitalsagratcormartorell.org\/entre-tots\/?p=5909"},"modified":"2023-03-30T12:27:22","modified_gmt":"2023-03-30T10:27:22","slug":"acord-de-collaboracio-amb-mas-alborna","status":"publish","type":"post","link":"https:\/\/fundaciohospitalariesmartorell.org\/entre-tots\/2023\/03\/acord-de-collaboracio-amb-mas-alborna\/","title":{"rendered":"Acord de col.laboraci\u00f3 amb Mas Alborn\u00e0"},"content":{"rendered":"<figure class=\"wp-block-post-featured-image\"><img loading=\"lazy\" decoding=\"async\" width=\"650\" height=\"488\" src=\"https:\/\/fundaciohospitalariesmartorell.org\/entre-tots\/wp-content\/uploads\/2023\/03\/23_03_14_SAGRAT-COR_ACORD-COLABORACIO-MAS-ALBORNA.jpeg\" class=\"attachment-post-thumbnail size-post-thumbnail wp-post-image\" alt=\"\" style=\"object-fit:cover;\" \/><\/figure>\n\n\n<p>L&#8217;Hospital Sagrat Cor i&nbsp;<a rel=\"noreferrer noopener\" href=\"https:\/\/masalborna.org\/\" target=\"_blank\">Mas Alborn\u00e0<\/a>, fundaci\u00f3 adre\u00e7ada a la integraci\u00f3 laboral i social de les persones amb discapacitat i\/o trastorn mental de la comarca de l&#8217;Alt Pened\u00e8s, van signar, l&#8217;1 de mar\u00e7, un acord de col\u00b7laboraci\u00f3 pel qual dues persones del seu centre especial de treball realitzaran tasques de suport als serveis centrals de l&#8217;Hospital.<\/p>\n\n\n\n<p>Aix\u00ed, des d&#8217;aquest mes de mar\u00e7, dos treballadors vindran di\u00e0riament a la seu de l&#8217;Hospital Sagrat Cor, a Martorell, i duran a terme diferents funcions, principalment, suport al&nbsp;<em>picking&nbsp;<\/em>a la bugaderia i a tasques de manteniment i neteja d&#8217;espais. Els primers quinze dies, aquestes persones tamb\u00e9 rebran formaci\u00f3 a fi de con\u00e8ixer amb profunditat la feina a desenvolupar, els espais, etc.<\/p>\n\n\n\n<p>A banda del fet que l&#8217;Hospital Sagrat Cor \u00e9s el centre de refer\u00e8ncia en salut mental de Mas Alborn\u00e0, les dues entitats ja van comen\u00e7ar a col\u00b7laborar laboralment, l&#8217;any 2018, amb accions puntuals de suport al servei de bugaderia del Centre, una relaci\u00f3 que es va fer m\u00e9s estreta durant la pand\u00e8mia, quan es van intensificar les tasques de neteja.<\/p>\n","protected":false},"excerpt":{"rendered":"<p>L&#8217;Hospital Sagrat Cor i&nbsp;Mas Alborn\u00e0, fundaci\u00f3 adre\u00e7ada a la integraci\u00f3 laboral i social de les persones amb discapacitat i\/o trastorn mental de la comarca de l&#8217;Alt Pened\u00e8s, van signar, l&#8217;1 de mar\u00e7, un acord de col\u00b7laboraci\u00f3 pel qual dues persones del seu centre especial de treball realitzaran tasques de suport als serveis centrals de l&#8217;Hospital. [&hellip;]<\/p>\n","protected":false},"author":2,"featured_media":5911,"comment_status":"closed","ping_status":"closed","sticky":false,"template":"","format":"standard","meta":{"footnotes":""},"categories":[27],"tags":[],"class_list":["post-5909","post","type-post","status-publish","format-standard","has-post-thumbnail","hentry","category-actualitat"],"blocksy_meta":{"styles_descriptor":{"styles":{"desktop":"","tablet":"","mobile":""},"google_fonts":[],"version":6}},"featured_image_urls_v2":{"full":["https:\/\/fundaciohospitalariesmartorell.org\/entre-tots\/wp-content\/uploads\/2023\/03\/23_03_14_SAGRAT-COR_ACORD-COLABORACIO-MAS-ALBORNA.jpeg",650,488,false],"thumbnail":["https:\/\/fundaciohospitalariesmartorell.org\/entre-tots\/wp-content\/uploads\/2023\/03\/23_03_14_SAGRAT-COR_ACORD-COLABORACIO-MAS-ALBORNA.jpeg",150,113,false],"medium":["https:\/\/fundaciohospitalariesmartorell.org\/entre-tots\/wp-content\/uploads\/2023\/03\/23_03_14_SAGRAT-COR_ACORD-COLABORACIO-MAS-ALBORNA.jpeg",300,225,false],"medium_large":["https:\/\/fundaciohospitalariesmartorell.org\/entre-tots\/wp-content\/uploads\/2023\/03\/23_03_14_SAGRAT-COR_ACORD-COLABORACIO-MAS-ALBORNA.jpeg",650,488,false],"large":["https:\/\/fundaciohospitalariesmartorell.org\/entre-tots\/wp-content\/uploads\/2023\/03\/23_03_14_SAGRAT-COR_ACORD-COLABORACIO-MAS-ALBORNA.jpeg",650,488,false],"1536x1536":["https:\/\/fundaciohospitalariesmartorell.org\/entre-tots\/wp-content\/uploads\/2023\/03\/23_03_14_SAGRAT-COR_ACORD-COLABORACIO-MAS-ALBORNA.jpeg",650,488,false],"2048x2048":["https:\/\/fundaciohospitalariesmartorell.org\/entre-tots\/wp-content\/uploads\/2023\/03\/23_03_14_SAGRAT-COR_ACORD-COLABORACIO-MAS-ALBORNA.jpeg",650,488,false],"mailpoet_newsletter_max":["https:\/\/fundaciohospitalariesmartorell.org\/entre-tots\/wp-content\/uploads\/2023\/03\/23_03_14_SAGRAT-COR_ACORD-COLABORACIO-MAS-ALBORNA.jpeg",650,488,false]},"post_excerpt_stackable_v2":"<p>L&#8217;Hospital Sagrat Cor i&nbsp;Mas Alborn\u00e0, fundaci\u00f3 adre\u00e7ada a la integraci\u00f3 laboral i social de les persones amb discapacitat i\/o trastorn mental de la comarca de l&#8217;Alt Pened\u00e8s, van signar, l&#8217;1 de mar\u00e7, un acord de col\u00b7laboraci\u00f3 pel qual dues persones del seu centre especial de treball realitzaran tasques de suport als serveis centrals de l&#8217;Hospital. Aix\u00ed, des d&#8217;aquest mes de mar\u00e7, dos treballadors vindran di\u00e0riament a la seu de l&#8217;Hospital Sagrat Cor, a Martorell, i duran a terme diferents funcions, principalment, suport al&nbsp;picking&nbsp;a la bugaderia i a tasques de manteniment i neteja d&#8217;espais. Els primers quinze dies, aquestes persones tamb\u00e9&hellip;<\/p>\n","category_list_v2":"<a href=\"https:\/\/fundaciohospitalariesmartorell.org\/entre-tots\/category\/actualitat\/\" rel=\"category tag\">ACTUALITAT<\/a>","author_info_v2":{"name":"Sagrat Cor","url":"https:\/\/fundaciohospitalariesmartorell.org\/entre-tots\/author\/daniel\/"},"comments_num_v2":"0 comments","_links":{"self":[{"href":"https:\/\/fundaciohospitalariesmartorell.org\/entre-tots\/wp-json\/wp\/v2\/posts\/5909","targetHints":{"allow":["GET"]}}],"collection":[{"href":"https:\/\/fundaciohospitalariesmartorell.org\/entre-tots\/wp-json\/wp\/v2\/posts"}],"about":[{"href":"https:\/\/fundaciohospitalariesmartorell.org\/entre-tots\/wp-json\/wp\/v2\/types\/post"}],"author":[{"embeddable":true,"href":"https:\/\/fundaciohospitalariesmartorell.org\/entre-tots\/wp-json\/wp\/v2\/users\/2"}],"replies":[{"embeddable":true,"href":"https:\/\/fundaciohospitalariesmartorell.org\/entre-tots\/wp-json\/wp\/v2\/comments?post=5909"}],"version-history":[{"count":4,"href":"https:\/\/fundaciohospitalariesmartorell.org\/entre-tots\/wp-json\/wp\/v2\/posts\/5909\/revisions"}],"predecessor-version":[{"id":6075,"href":"https:\/\/fundaciohospitalariesmartorell.org\/entre-tots\/wp-json\/wp\/v2\/posts\/5909\/revisions\/6075"}],"wp:featuredmedia":[{"embeddable":true,"href":"https:\/\/fundaciohospitalariesmartorell.org\/entre-tots\/wp-json\/wp\/v2\/media\/5911"}],"wp:attachment":[{"href":"https:\/\/fundaciohospitalariesmartorell.org\/entre-tots\/wp-json\/wp\/v2\/media?parent=5909"}],"wp:term":[{"taxonomy":"category","embeddable":true,"href":"https:\/\/fundaciohospitalariesmartorell.org\/entre-tots\/wp-json\/wp\/v2\/categories?post=5909"},{"taxonomy":"post_tag","embeddable":true,"href":"https:\/\/fundaciohospitalariesmartorell.org\/entre-tots\/wp-json\/wp\/v2\/tags?post=5909"}],"curies":[{"name":"wp","href":"https:\/\/api.w.org\/{rel}","templated":true}]}}