{"id":5913,"date":"2023-03-29T10:15:14","date_gmt":"2023-03-29T08:15:14","guid":{"rendered":"https:\/\/newweb.hospitalsagratcormartorell.org\/entre-tots\/?p=5913"},"modified":"2023-03-30T09:45:41","modified_gmt":"2023-03-30T07:45:41","slug":"aprovacio-del-pga-2023","status":"publish","type":"post","link":"https:\/\/fundaciohospitalariesmartorell.org\/entre-tots\/2023\/03\/aprovacio-del-pga-2023\/","title":{"rendered":"Aprovaci\u00f3 del PGA 2023"},"content":{"rendered":"<figure class=\"wp-block-post-featured-image\"><img loading=\"lazy\" decoding=\"async\" width=\"2374\" height=\"2464\" src=\"https:\/\/fundaciohospitalariesmartorell.org\/entre-tots\/wp-content\/uploads\/2023\/03\/Captura-de-pantalla-2023-03-29-a-les-10.14.44.jpg\" class=\"attachment-post-thumbnail size-post-thumbnail wp-post-image\" alt=\"\" style=\"object-fit:cover;\" \/><\/figure>\n\n\n<p>A principis del mes de mar\u00e7 es va aprovar formalment el PGA 2023 de l\u2019Hospital Sagrat Cor, despr\u00e9s de la seva revisi\u00f3 per part del Govern General i Provincial de Germanes Hospital\u00e0ries.<\/p>\n\n\n\n<p>Pr\u00e8viament, el passat mes de desembre, els membres del Consell de Direcci\u00f3 de l\u2019Hospital Sagrat Cor van presentar el Pla al Govern Provincial, al Consell de Direcci\u00f3 de Prov\u00edncia (CDP) i als Consells de Direcci\u00f3 dels centres de Germanes Hospital\u00e0ries a Catalunya, en un acte que va congregar m\u00e9s de quaranta assistents a Benito Menni CASM, a Sant Boi de Llobregat.<\/p>\n\n\n\n<p>El PGA 2023 de l&#8217;Hospital Sagrat Cor inclou les accions que es preveu dur a terme enguany per assolir els objectius estrat\u00e8gics de la Instituci\u00f3 en un escenari que planteja molts reptes i oportunitats.<\/p>\n","protected":false},"excerpt":{"rendered":"<p>A principis del mes de mar\u00e7 es va aprovar formalment el PGA 2023 de l\u2019Hospital Sagrat Cor, despr\u00e9s de la seva revisi\u00f3 per part del Govern General i Provincial de Germanes Hospital\u00e0ries. Pr\u00e8viament, el passat mes de desembre, els membres del Consell de Direcci\u00f3 de l\u2019Hospital Sagrat Cor van presentar el Pla al Govern Provincial, [&hellip;]<\/p>\n","protected":false},"author":2,"featured_media":5914,"comment_status":"closed","ping_status":"closed","sticky":false,"template":"","format":"standard","meta":{"footnotes":""},"categories":[27],"tags":[],"class_list":["post-5913","post","type-post","status-publish","format-standard","has-post-thumbnail","hentry","category-actualitat"],"blocksy_meta":{"styles_descriptor":{"styles":{"desktop":"","tablet":"","mobile":""},"google_fonts":[],"version":6}},"featured_image_urls_v2":{"full":["https:\/\/fundaciohospitalariesmartorell.org\/entre-tots\/wp-content\/uploads\/2023\/03\/Captura-de-pantalla-2023-03-29-a-les-10.14.44.jpg",2374,2464,false],"thumbnail":["https:\/\/fundaciohospitalariesmartorell.org\/entre-tots\/wp-content\/uploads\/2023\/03\/Captura-de-pantalla-2023-03-29-a-les-10.14.44.jpg",145,150,false],"medium":["https:\/\/fundaciohospitalariesmartorell.org\/entre-tots\/wp-content\/uploads\/2023\/03\/Captura-de-pantalla-2023-03-29-a-les-10.14.44.jpg",289,300,false],"medium_large":["https:\/\/fundaciohospitalariesmartorell.org\/entre-tots\/wp-content\/uploads\/2023\/03\/Captura-de-pantalla-2023-03-29-a-les-10.14.44.jpg",768,797,false],"large":["https:\/\/fundaciohospitalariesmartorell.org\/entre-tots\/wp-content\/uploads\/2023\/03\/Captura-de-pantalla-2023-03-29-a-les-10.14.44.jpg",987,1024,false],"1536x1536":["https:\/\/fundaciohospitalariesmartorell.org\/entre-tots\/wp-content\/uploads\/2023\/03\/Captura-de-pantalla-2023-03-29-a-les-10.14.44.jpg",1480,1536,false],"2048x2048":["https:\/\/fundaciohospitalariesmartorell.org\/entre-tots\/wp-content\/uploads\/2023\/03\/Captura-de-pantalla-2023-03-29-a-les-10.14.44.jpg",1973,2048,false],"mailpoet_newsletter_max":["https:\/\/fundaciohospitalariesmartorell.org\/entre-tots\/wp-content\/uploads\/2023\/03\/Captura-de-pantalla-2023-03-29-a-les-10.14.44.jpg",1320,1370,false]},"post_excerpt_stackable_v2":"<p>A principis del mes de mar\u00e7 es va aprovar formalment el PGA 2023 de l\u2019Hospital Sagrat Cor, despr\u00e9s de la seva revisi\u00f3 per part del Govern General i Provincial de Germanes Hospital\u00e0ries. Pr\u00e8viament, el passat mes de desembre, els membres del Consell de Direcci\u00f3 de l\u2019Hospital Sagrat Cor van presentar el Pla al Govern Provincial, al Consell de Direcci\u00f3 de Prov\u00edncia (CDP) i als Consells de Direcci\u00f3 dels centres de Germanes Hospital\u00e0ries a Catalunya, en un acte que va congregar m\u00e9s de quaranta assistents a Benito Menni CASM, a Sant Boi de Llobregat. El PGA 2023 de l&#8217;Hospital Sagrat Cor&hellip;<\/p>\n","category_list_v2":"<a href=\"https:\/\/fundaciohospitalariesmartorell.org\/entre-tots\/category\/actualitat\/\" rel=\"category tag\">ACTUALITAT<\/a>","author_info_v2":{"name":"Sagrat Cor","url":"https:\/\/fundaciohospitalariesmartorell.org\/entre-tots\/author\/daniel\/"},"comments_num_v2":"0 comments","_links":{"self":[{"href":"https:\/\/fundaciohospitalariesmartorell.org\/entre-tots\/wp-json\/wp\/v2\/posts\/5913","targetHints":{"allow":["GET"]}}],"collection":[{"href":"https:\/\/fundaciohospitalariesmartorell.org\/entre-tots\/wp-json\/wp\/v2\/posts"}],"about":[{"href":"https:\/\/fundaciohospitalariesmartorell.org\/entre-tots\/wp-json\/wp\/v2\/types\/post"}],"author":[{"embeddable":true,"href":"https:\/\/fundaciohospitalariesmartorell.org\/entre-tots\/wp-json\/wp\/v2\/users\/2"}],"replies":[{"embeddable":true,"href":"https:\/\/fundaciohospitalariesmartorell.org\/entre-tots\/wp-json\/wp\/v2\/comments?post=5913"}],"version-history":[{"count":3,"href":"https:\/\/fundaciohospitalariesmartorell.org\/entre-tots\/wp-json\/wp\/v2\/posts\/5913\/revisions"}],"predecessor-version":[{"id":6057,"href":"https:\/\/fundaciohospitalariesmartorell.org\/entre-tots\/wp-json\/wp\/v2\/posts\/5913\/revisions\/6057"}],"wp:featuredmedia":[{"embeddable":true,"href":"https:\/\/fundaciohospitalariesmartorell.org\/entre-tots\/wp-json\/wp\/v2\/media\/5914"}],"wp:attachment":[{"href":"https:\/\/fundaciohospitalariesmartorell.org\/entre-tots\/wp-json\/wp\/v2\/media?parent=5913"}],"wp:term":[{"taxonomy":"category","embeddable":true,"href":"https:\/\/fundaciohospitalariesmartorell.org\/entre-tots\/wp-json\/wp\/v2\/categories?post=5913"},{"taxonomy":"post_tag","embeddable":true,"href":"https:\/\/fundaciohospitalariesmartorell.org\/entre-tots\/wp-json\/wp\/v2\/tags?post=5913"}],"curies":[{"name":"wp","href":"https:\/\/api.w.org\/{rel}","templated":true}]}}