{"id":5916,"date":"2023-03-29T10:15:48","date_gmt":"2023-03-29T08:15:48","guid":{"rendered":"https:\/\/newweb.hospitalsagratcormartorell.org\/entre-tots\/?p=5916"},"modified":"2023-03-30T09:46:22","modified_gmt":"2023-03-30T07:46:22","slug":"publicacio-del-iii-conveni-siscat-i-dpo-2022","status":"publish","type":"post","link":"https:\/\/fundaciohospitalariesmartorell.org\/entre-tots\/2023\/03\/publicacio-del-iii-conveni-siscat-i-dpo-2022\/","title":{"rendered":"Publicaci\u00f3 del III Conveni SISCAT i DPO 2022"},"content":{"rendered":"<figure class=\"wp-block-post-featured-image\"><img loading=\"lazy\" decoding=\"async\" width=\"1600\" height=\"720\" src=\"https:\/\/fundaciohospitalariesmartorell.org\/entre-tots\/wp-content\/uploads\/2023\/03\/23_01_27_ACORD-CONVENI-LABORAL_01.jpg\" class=\"attachment-post-thumbnail size-post-thumbnail wp-post-image\" alt=\"\" style=\"object-fit:cover;\" \/><\/figure>\n\n\n<p>El 16 de mar\u00e7 es va publicar al DOGC la <a href=\"http:\/\/yjw9.mjt.lu\/lnk\/AUcAAA_u6fAAAciReowAAADfF1EAAAAIXTEAnJI8AAvTEQBkFGBe2CMFnwCASNyc9bbzW0nrgQAL51A\/4\/mVO45MmZZEFRvuVi2JNQ5A\/aHR0cHM6Ly9wb3J0YWxkb2djLmdlbmNhdC5jYXQvdXRpbHNFQURPUC9QREYvODg3Ni8xOTYzNTI1LnBkZg\" target=\"_blank\" rel=\"noreferrer noopener\">RESOLUCI\u00d3 EMT\/848\/2023<\/a>, de 3 de mar\u00e7, per la qual es disposa la inscripci\u00f3 i la publicaci\u00f3 del III Conveni col\u00b7lectiu de treball dels hospitals d\u2019aguts, centres d\u2019atenci\u00f3 prim\u00e0ria, centres sociosanitaris i centres de salut mental, concertats amb el Servei Catal\u00e0 de la Salut. Aquest nou conveni suposa una millora substancial de les condicions laborals per a m\u00e9s de 60.000 professionals dels hospitals d&#8217;aguts, centres d&#8217;atenci\u00f3 prim\u00e0ria, centres sociosanitaris i centres de salut mental de tot Catalunya, entre els quals es troba el personal col\u00b7laborador de l\u2019Hospital Sagrat Cor.<\/p>\n\n\n\n<p>A m\u00e9s, el 17 de mar\u00e7 tamb\u00e9 es va publicar al DOGC la <a href=\"http:\/\/yjw9.mjt.lu\/lnk\/AUcAAA_u6fAAAciReowAAADfF1EAAAAIXTEAnJI8AAvTEQBkFGBe2CMFnwCASNyc9bbzW0nrgQAL51A\/1\/D8zRQlMJ46V223HKfWpiXw\/aHR0cHM6Ly9wb3J0YWxkb2djLmdlbmNhdC5jYXQvdXRpbHNFQURPUC9QREYvODg3Ny8xOTYzOTc5LnBkZg\" target=\"_blank\" rel=\"noreferrer noopener\">Llei 2\/2023<\/a> de Pressupostos de la Generalitat de Catalunya (PGC) per al 2023, i la <a href=\"http:\/\/yjw9.mjt.lu\/lnk\/AUcAAA_u6fAAAciReowAAADfF1EAAAAIXTEAnJI8AAvTEQBkFGBe2CMFnwCASNyc9bbzW0nrgQAL51A\/2\/a9hnhXC_worCpN9j5XkZWA\/aHR0cHM6Ly9wb3J0YWxkb2djLmdlbmNhdC5jYXQvdXRpbHNFQURPUC9QREYvODg3Ny8xOTYzOTc5LnBkZg\" target=\"_blank\" rel=\"noreferrer noopener\">Llei 3\/2023<\/a> de mesures fiscals, financeres, administratives i del sector p\u00fablic per al 2023. A la Llei 2\/2023 dels PGC s\u2019inclou l\u2019annex de la Cartera de Serveis Socials, tot i que els imports de les tarifes s\u00f3n els que es van aprovar el desembre del 2022. Per tant resten pendent d\u2019aprovar els increments que s\u2019estan negociant amb el Departament de Drets Socials.<\/p>\n\n\n\n<p>Una vegada aprovades les tarifes del 2023 dels serveis de salut, aix\u00ed com els Pressupostos de la Generalitat de Catalunya, es procedir\u00e0 a l&#8217;actualitzaci\u00f3 de conceptes salarials contemplats al III Conveni col\u00b7lectiu de treball dels hospitals d\u2019aguts, centres d\u2019atenci\u00f3 prim\u00e0ria, centres sociosanitaris i centres de salut mental, concertats amb el Servei Catal\u00e0 de la Salut (sanitat concertada del SISCAT) a la n\u00f2mina de mar\u00e7 i al pagament dels endarreriments corresponents a l\u20191,5 % (2022) i al 2,5 % (gener i febrer 2023) en una segona transfer\u00e8ncia que s\u2019efectuar\u00e0 el 20 d\u2019abril.<\/p>\n\n\n\n<p>La Retribuci\u00f3 Variable per Objectius (DPO) corresponent a l&#8217;exercici 2022 s\u2019abonar\u00e0 al mes de mar\u00e7 amb base de c\u00e0lcul 100 %, a conseq\u00fc\u00e8ncia de l&#8217;assoliment de l&#8217;equilibri pressupostari i financer de l\u2019Hospital i en funci\u00f3 del nivell d\u2019assoliment dels objectius establerts i avaluats.<\/p>\n\n\n\n<p>La DPO inclour\u00e0 en el seu c\u00e0lcul l\u2019increment de l\u20191,5 % previst per a l\u2019any 2022.<\/p>\n","protected":false},"excerpt":{"rendered":"<p>El 16 de mar\u00e7 es va publicar al DOGC la RESOLUCI\u00d3 EMT\/848\/2023, de 3 de mar\u00e7, per la qual es disposa la inscripci\u00f3 i la publicaci\u00f3 del III Conveni col\u00b7lectiu de treball dels hospitals d\u2019aguts, centres d\u2019atenci\u00f3 prim\u00e0ria, centres sociosanitaris i centres de salut mental, concertats amb el Servei Catal\u00e0 de la Salut. Aquest nou [&hellip;]<\/p>\n","protected":false},"author":2,"featured_media":5919,"comment_status":"closed","ping_status":"closed","sticky":false,"template":"","format":"standard","meta":{"footnotes":""},"categories":[27],"tags":[],"class_list":["post-5916","post","type-post","status-publish","format-standard","has-post-thumbnail","hentry","category-actualitat"],"blocksy_meta":{"styles_descriptor":{"styles":{"desktop":"","tablet":"","mobile":""},"google_fonts":[],"version":6}},"featured_image_urls_v2":{"full":["https:\/\/fundaciohospitalariesmartorell.org\/entre-tots\/wp-content\/uploads\/2023\/03\/23_01_27_ACORD-CONVENI-LABORAL_01.jpg",1600,720,false],"thumbnail":["https:\/\/fundaciohospitalariesmartorell.org\/entre-tots\/wp-content\/uploads\/2023\/03\/23_01_27_ACORD-CONVENI-LABORAL_01.jpg",150,68,false],"medium":["https:\/\/fundaciohospitalariesmartorell.org\/entre-tots\/wp-content\/uploads\/2023\/03\/23_01_27_ACORD-CONVENI-LABORAL_01.jpg",300,135,false],"medium_large":["https:\/\/fundaciohospitalariesmartorell.org\/entre-tots\/wp-content\/uploads\/2023\/03\/23_01_27_ACORD-CONVENI-LABORAL_01.jpg",768,346,false],"large":["https:\/\/fundaciohospitalariesmartorell.org\/entre-tots\/wp-content\/uploads\/2023\/03\/23_01_27_ACORD-CONVENI-LABORAL_01.jpg",1024,461,false],"1536x1536":["https:\/\/fundaciohospitalariesmartorell.org\/entre-tots\/wp-content\/uploads\/2023\/03\/23_01_27_ACORD-CONVENI-LABORAL_01.jpg",1536,691,false],"2048x2048":["https:\/\/fundaciohospitalariesmartorell.org\/entre-tots\/wp-content\/uploads\/2023\/03\/23_01_27_ACORD-CONVENI-LABORAL_01.jpg",1600,720,false],"mailpoet_newsletter_max":["https:\/\/fundaciohospitalariesmartorell.org\/entre-tots\/wp-content\/uploads\/2023\/03\/23_01_27_ACORD-CONVENI-LABORAL_01.jpg",1320,594,false]},"post_excerpt_stackable_v2":"<p>El 16 de mar\u00e7 es va publicar al DOGC la RESOLUCI\u00d3 EMT\/848\/2023, de 3 de mar\u00e7, per la qual es disposa la inscripci\u00f3 i la publicaci\u00f3 del III Conveni col\u00b7lectiu de treball dels hospitals d\u2019aguts, centres d\u2019atenci\u00f3 prim\u00e0ria, centres sociosanitaris i centres de salut mental, concertats amb el Servei Catal\u00e0 de la Salut. Aquest nou conveni suposa una millora substancial de les condicions laborals per a m\u00e9s de 60.000 professionals dels hospitals d&#8217;aguts, centres d&#8217;atenci\u00f3 prim\u00e0ria, centres sociosanitaris i centres de salut mental de tot Catalunya, entre els quals es troba el personal col\u00b7laborador de l\u2019Hospital Sagrat Cor. A m\u00e9s,&hellip;<\/p>\n","category_list_v2":"<a href=\"https:\/\/fundaciohospitalariesmartorell.org\/entre-tots\/category\/actualitat\/\" rel=\"category tag\">ACTUALITAT<\/a>","author_info_v2":{"name":"Sagrat Cor","url":"https:\/\/fundaciohospitalariesmartorell.org\/entre-tots\/author\/daniel\/"},"comments_num_v2":"0 comments","_links":{"self":[{"href":"https:\/\/fundaciohospitalariesmartorell.org\/entre-tots\/wp-json\/wp\/v2\/posts\/5916","targetHints":{"allow":["GET"]}}],"collection":[{"href":"https:\/\/fundaciohospitalariesmartorell.org\/entre-tots\/wp-json\/wp\/v2\/posts"}],"about":[{"href":"https:\/\/fundaciohospitalariesmartorell.org\/entre-tots\/wp-json\/wp\/v2\/types\/post"}],"author":[{"embeddable":true,"href":"https:\/\/fundaciohospitalariesmartorell.org\/entre-tots\/wp-json\/wp\/v2\/users\/2"}],"replies":[{"embeddable":true,"href":"https:\/\/fundaciohospitalariesmartorell.org\/entre-tots\/wp-json\/wp\/v2\/comments?post=5916"}],"version-history":[{"count":4,"href":"https:\/\/fundaciohospitalariesmartorell.org\/entre-tots\/wp-json\/wp\/v2\/posts\/5916\/revisions"}],"predecessor-version":[{"id":6058,"href":"https:\/\/fundaciohospitalariesmartorell.org\/entre-tots\/wp-json\/wp\/v2\/posts\/5916\/revisions\/6058"}],"wp:featuredmedia":[{"embeddable":true,"href":"https:\/\/fundaciohospitalariesmartorell.org\/entre-tots\/wp-json\/wp\/v2\/media\/5919"}],"wp:attachment":[{"href":"https:\/\/fundaciohospitalariesmartorell.org\/entre-tots\/wp-json\/wp\/v2\/media?parent=5916"}],"wp:term":[{"taxonomy":"category","embeddable":true,"href":"https:\/\/fundaciohospitalariesmartorell.org\/entre-tots\/wp-json\/wp\/v2\/categories?post=5916"},{"taxonomy":"post_tag","embeddable":true,"href":"https:\/\/fundaciohospitalariesmartorell.org\/entre-tots\/wp-json\/wp\/v2\/tags?post=5916"}],"curies":[{"name":"wp","href":"https:\/\/api.w.org\/{rel}","templated":true}]}}