{"id":5922,"date":"2023-03-29T10:18:44","date_gmt":"2023-03-29T08:18:44","guid":{"rendered":"https:\/\/newweb.hospitalsagratcormartorell.org\/entre-tots\/?p=5922"},"modified":"2023-03-30T09:46:59","modified_gmt":"2023-03-30T07:46:59","slug":"participem-a-una-taula-rodona-organitzada-per-barcelona-activa","status":"publish","type":"post","link":"https:\/\/fundaciohospitalariesmartorell.org\/entre-tots\/2023\/03\/participem-a-una-taula-rodona-organitzada-per-barcelona-activa\/","title":{"rendered":"Participem a una taula rodona organitzada per Barcelona Activa"},"content":{"rendered":"<figure class=\"wp-block-post-featured-image\"><img loading=\"lazy\" decoding=\"async\" width=\"810\" height=\"456\" src=\"https:\/\/fundaciohospitalariesmartorell.org\/entre-tots\/wp-content\/uploads\/2023\/03\/Captura-de-pantalla-2023-03-18-a-las-22.21.55.png\" class=\"attachment-post-thumbnail size-post-thumbnail wp-post-image\" alt=\"\" style=\"object-fit:cover;\" \/><\/figure>\n\n\n<p>Hortensia P\u00e9rez, directora de l\u2019\u00c0rea de Persones de l\u2019Hospital Sagrat Cor, va ser convidada a participar, el 15 de mar\u00e7, a una taula rodona virtual, organitzada per Barcelona Activa, amb el nom de \u2018Vols con\u00e8ixer quins perfils professionals (no m\u00e8dics) mou un hospital?\u2019.&nbsp;<\/p>\n\n\n\n<p>En el marc de la sessi\u00f3, que va tenir una durada d\u2019unes dues hores, aproximadament, i on tamb\u00e9 van participar Marta Guzm\u00e1n, directora gerent de l\u2019Hospital El Pilar, i Rosana Mart\u00ednez, directora de Persones de l\u2019Hospital &nbsp;Quir\u00f3nsalud Barcelona, P\u00e9rez va donar a con\u00e8ixer l\u2019oferta laboral de l\u2019Hospital Sagrat Cor i va facilitar l\u2019enlla\u00e7 a la&nbsp;<em>jobsite<\/em><em>&nbsp;<\/em>de Germanes Hospital\u00e0ries.&nbsp;&nbsp;<\/p>\n\n\n\n<p>Va ser una taula rodona molt participativa. Algunes de les preguntes que es van realitzar van estar relacionades amb&nbsp;con\u00e8ixer els perfils no assistencials o de suport que es troben als hospitals,&nbsp;la igualtat d\u2019oportunitats entre homes i dones, i entre persones joves i d\u2019edat avan\u00e7ada. La nostra directora&nbsp;de l\u2019\u00c0rea de Persones va coincidir amb la resta de ponents que&nbsp;avui dia l\u2019edat no \u00e9s una limitaci\u00f3 per accedir a un lloc de feina&nbsp;al sector sanitari. En aquest sentit, va explicar que&nbsp;l\u2019edat mitjana del personal col\u00b7laborador de l\u2019Hospital Sagrat Cor \u00e9s de 44 anys. Pel que fa al g\u00e8nere dels i les professionals, va destacar que les dones conformen el 70 % de la plantilla.&nbsp;<\/p>\n\n\n\n<p>Hortensia P\u00e9rez va donar alguns consells a les persones assistents\u00a0i que es troben en cerca activa de feina, com la import\u00e0ncia de mantenir el c.v. actualitzat i personalitzat per a cada proc\u00e9s de selecci\u00f3, la consulta de la\u00a0<em>jobsite<\/em>\u00a0de Germanes Hospital\u00e0ries per con\u00e8ixer tota l&#8217;oferta laboral que es genera a la Instituci\u00f3 i dur a terme un aprenentatge permanent tan necessari a tots els sectors, especialment, al sanitari.<\/p>\n","protected":false},"excerpt":{"rendered":"<p>Hortensia P\u00e9rez, directora de l\u2019\u00c0rea de Persones de l\u2019Hospital Sagrat Cor, va ser convidada a participar, el 15 de mar\u00e7, a una taula rodona virtual, organitzada per Barcelona Activa, amb el nom de \u2018Vols con\u00e8ixer quins perfils professionals (no m\u00e8dics) mou un hospital?\u2019.&nbsp; En el marc de la sessi\u00f3, que va tenir una durada d\u2019unes [&hellip;]<\/p>\n","protected":false},"author":2,"featured_media":5924,"comment_status":"closed","ping_status":"closed","sticky":false,"template":"","format":"standard","meta":{"footnotes":""},"categories":[27],"tags":[],"class_list":["post-5922","post","type-post","status-publish","format-standard","has-post-thumbnail","hentry","category-actualitat"],"blocksy_meta":{"styles_descriptor":{"styles":{"desktop":"","tablet":"","mobile":""},"google_fonts":[],"version":6}},"featured_image_urls_v2":{"full":["https:\/\/fundaciohospitalariesmartorell.org\/entre-tots\/wp-content\/uploads\/2023\/03\/Captura-de-pantalla-2023-03-18-a-las-22.21.55.png",810,456,false],"thumbnail":["https:\/\/fundaciohospitalariesmartorell.org\/entre-tots\/wp-content\/uploads\/2023\/03\/Captura-de-pantalla-2023-03-18-a-las-22.21.55.png",150,84,false],"medium":["https:\/\/fundaciohospitalariesmartorell.org\/entre-tots\/wp-content\/uploads\/2023\/03\/Captura-de-pantalla-2023-03-18-a-las-22.21.55.png",300,169,false],"medium_large":["https:\/\/fundaciohospitalariesmartorell.org\/entre-tots\/wp-content\/uploads\/2023\/03\/Captura-de-pantalla-2023-03-18-a-las-22.21.55.png",768,432,false],"large":["https:\/\/fundaciohospitalariesmartorell.org\/entre-tots\/wp-content\/uploads\/2023\/03\/Captura-de-pantalla-2023-03-18-a-las-22.21.55.png",810,456,false],"1536x1536":["https:\/\/fundaciohospitalariesmartorell.org\/entre-tots\/wp-content\/uploads\/2023\/03\/Captura-de-pantalla-2023-03-18-a-las-22.21.55.png",810,456,false],"2048x2048":["https:\/\/fundaciohospitalariesmartorell.org\/entre-tots\/wp-content\/uploads\/2023\/03\/Captura-de-pantalla-2023-03-18-a-las-22.21.55.png",810,456,false],"mailpoet_newsletter_max":["https:\/\/fundaciohospitalariesmartorell.org\/entre-tots\/wp-content\/uploads\/2023\/03\/Captura-de-pantalla-2023-03-18-a-las-22.21.55.png",810,456,false]},"post_excerpt_stackable_v2":"<p>Hortensia P\u00e9rez, directora de l\u2019\u00c0rea de Persones de l\u2019Hospital Sagrat Cor, va ser convidada a participar, el 15 de mar\u00e7, a una taula rodona virtual, organitzada per Barcelona Activa, amb el nom de \u2018Vols con\u00e8ixer quins perfils professionals (no m\u00e8dics) mou un hospital?\u2019.&nbsp; En el marc de la sessi\u00f3, que va tenir una durada d\u2019unes dues hores, aproximadament, i on tamb\u00e9 van participar Marta Guzm\u00e1n, directora gerent de l\u2019Hospital El Pilar, i Rosana Mart\u00ednez, directora de Persones de l\u2019Hospital &nbsp;Quir\u00f3nsalud Barcelona, P\u00e9rez va donar a con\u00e8ixer l\u2019oferta laboral de l\u2019Hospital Sagrat Cor i va facilitar l\u2019enlla\u00e7 a la&nbsp;jobsite&nbsp;de Germanes Hospital\u00e0ries.&nbsp;&nbsp;&hellip;<\/p>\n","category_list_v2":"<a href=\"https:\/\/fundaciohospitalariesmartorell.org\/entre-tots\/category\/actualitat\/\" rel=\"category tag\">ACTUALITAT<\/a>","author_info_v2":{"name":"Sagrat Cor","url":"https:\/\/fundaciohospitalariesmartorell.org\/entre-tots\/author\/daniel\/"},"comments_num_v2":"0 comments","_links":{"self":[{"href":"https:\/\/fundaciohospitalariesmartorell.org\/entre-tots\/wp-json\/wp\/v2\/posts\/5922","targetHints":{"allow":["GET"]}}],"collection":[{"href":"https:\/\/fundaciohospitalariesmartorell.org\/entre-tots\/wp-json\/wp\/v2\/posts"}],"about":[{"href":"https:\/\/fundaciohospitalariesmartorell.org\/entre-tots\/wp-json\/wp\/v2\/types\/post"}],"author":[{"embeddable":true,"href":"https:\/\/fundaciohospitalariesmartorell.org\/entre-tots\/wp-json\/wp\/v2\/users\/2"}],"replies":[{"embeddable":true,"href":"https:\/\/fundaciohospitalariesmartorell.org\/entre-tots\/wp-json\/wp\/v2\/comments?post=5922"}],"version-history":[{"count":3,"href":"https:\/\/fundaciohospitalariesmartorell.org\/entre-tots\/wp-json\/wp\/v2\/posts\/5922\/revisions"}],"predecessor-version":[{"id":6059,"href":"https:\/\/fundaciohospitalariesmartorell.org\/entre-tots\/wp-json\/wp\/v2\/posts\/5922\/revisions\/6059"}],"wp:featuredmedia":[{"embeddable":true,"href":"https:\/\/fundaciohospitalariesmartorell.org\/entre-tots\/wp-json\/wp\/v2\/media\/5924"}],"wp:attachment":[{"href":"https:\/\/fundaciohospitalariesmartorell.org\/entre-tots\/wp-json\/wp\/v2\/media?parent=5922"}],"wp:term":[{"taxonomy":"category","embeddable":true,"href":"https:\/\/fundaciohospitalariesmartorell.org\/entre-tots\/wp-json\/wp\/v2\/categories?post=5922"},{"taxonomy":"post_tag","embeddable":true,"href":"https:\/\/fundaciohospitalariesmartorell.org\/entre-tots\/wp-json\/wp\/v2\/tags?post=5922"}],"curies":[{"name":"wp","href":"https:\/\/api.w.org\/{rel}","templated":true}]}}