{"id":5926,"date":"2023-03-29T10:22:02","date_gmt":"2023-03-29T08:22:02","guid":{"rendered":"https:\/\/newweb.hospitalsagratcormartorell.org\/entre-tots\/?p=5926"},"modified":"2023-03-30T09:49:04","modified_gmt":"2023-03-30T07:49:04","slug":"lhospital-sagrat-cor-seu-de-la-ii-reunio-de-treball-social-del-baix-llobregat-nord","status":"publish","type":"post","link":"https:\/\/fundaciohospitalariesmartorell.org\/entre-tots\/2023\/03\/lhospital-sagrat-cor-seu-de-la-ii-reunio-de-treball-social-del-baix-llobregat-nord\/","title":{"rendered":"L\u2019Hospital Sagrat Cor, seu de la II Reuni\u00f3 de Treball Social del Baix Llobregat Nord"},"content":{"rendered":"<figure class=\"wp-block-post-featured-image\"><img loading=\"lazy\" decoding=\"async\" width=\"1600\" height=\"1200\" src=\"https:\/\/fundaciohospitalariesmartorell.org\/entre-tots\/wp-content\/uploads\/2023\/03\/II-ENCUENTRO-TRABAJO-SOCIAL_01.jpeg\" class=\"attachment-post-thumbnail size-post-thumbnail wp-post-image\" alt=\"\" style=\"object-fit:cover;\" \/><\/figure>\n\n\n<p>L\u2019Hospital Sagrat Cor va ser l\u2019escenari, el 17 de mar\u00e7, de la II Reuni\u00f3 de Treball Social del Baix Llobregat Nord. En aquesta ocasi\u00f3 va comptar amb un grup de 21 treballadores socials que es van reunir per abordar diferents necessitats i projectes en l\u2019\u00e0mbit dels serveis socials i la salut mental a la regi\u00f3. Aix\u00ed com la primera reuni\u00f3, que va tenir lloc el 18 de novembre, va ser m\u00e9s explicativa, aquesta va ser una reuni\u00f3 de treball on es van abordar m\u00faltiples q\u00fcestions.<\/p>\n\n\n\n<div class=\"wp-block-getwid-images-stack is-layout-beta\"><div class=\"wp-block-getwid-images-stack__wrapper\"><div class=\"wp-block-getwid-images-stack__chunk\"><div class=\"wp-block-getwid-images-stack__media-wrapper\"><div class=\"wp-block-getwid-images-stack__media-inner-wrapper\"><img loading=\"lazy\" decoding=\"async\" width=\"1600\" height=\"1200\" class=\"wp-block-getwid-images-stack__media wp-image-5932\" src=\"https:\/\/hospitalsagratcormartorell.org\/entre-tots\/wp-content\/uploads\/2023\/03\/II-ENCUENTRO-TRABAJO-SOCIAL_05.jpeg\" data-id=\"5932\" data-link=\"https:\/\/hospitalsagratcormartorell.org\/entre-tots\/2023\/03\/lhospital-sagrat-cor-seu-de-la-ii-reunio-de-treball-social-del-baix-llobregat-nord\/ii-encuentro-trabajo-social_05\/\"\/><\/div><\/div><div class=\"wp-block-getwid-images-stack__media-wrapper\"><div class=\"wp-block-getwid-images-stack__media-inner-wrapper\"><img loading=\"lazy\" decoding=\"async\" width=\"1600\" height=\"1200\" class=\"wp-block-getwid-images-stack__media wp-image-5931\" src=\"https:\/\/hospitalsagratcormartorell.org\/entre-tots\/wp-content\/uploads\/2023\/03\/II-ENCUENTRO-TRABAJO-SOCIAL_04.jpeg\" data-id=\"5931\" data-link=\"https:\/\/hospitalsagratcormartorell.org\/entre-tots\/2023\/03\/lhospital-sagrat-cor-seu-de-la-ii-reunio-de-treball-social-del-baix-llobregat-nord\/ii-encuentro-trabajo-social_04\/\"\/><\/div><\/div><\/div><\/div><\/div>\n\n\n\n<p>Alguns dels temes tractats van ser les Jornades \u201cFem Xarxa\u201d, la problem\u00e0tica de les i els pacients pal\u00b7liatius amb relaci\u00f3 a la Llei de Depend\u00e8ncia, el Dia Mundial del Treball Social, la informaci\u00f3 a la Seguretat Social de les persones perceptores d\u2019una PNC, la participaci\u00f3 en comissions territorials per cobrir places d\u2019habitatge social de salut mental i el projecte \u2018Ocell de Foc\u2019.<\/p>\n\n\n\n<p>La propera reuni\u00f3 de treball social tindr\u00e0 lloc el 10 de novembre al Centre Cultural de Martorell. S&#8217;hi continuaran abordant q\u00fcestions relacionades amb l\u2019\u00e0mbit dels serveis socials i la salut mental amb l\u2019objectiu de millorar la coordinaci\u00f3 i l\u2019atenci\u00f3 a les necessitats de la poblaci\u00f3.<\/p>\n\n\n\n<figure class=\"wp-block-gallery has-nested-images columns-default is-cropped wp-block-gallery-1 is-layout-flex wp-block-gallery-is-layout-flex\">\n<figure class=\"wp-block-image size-large\"><img loading=\"lazy\" decoding=\"async\" width=\"1600\" height=\"1200\" data-id=\"5930\" src=\"https:\/\/hospitalsagratcormartorell.org\/entre-tots\/wp-content\/uploads\/2023\/03\/II-ENCUENTRO-TRABAJO-SOCIAL_03.jpeg\" alt=\"\" class=\"wp-image-5930\"\/><\/figure>\n\n\n\n<figure class=\"wp-block-image size-large\"><img loading=\"lazy\" decoding=\"async\" width=\"1600\" height=\"1200\" data-id=\"5929\" src=\"https:\/\/hospitalsagratcormartorell.org\/entre-tots\/wp-content\/uploads\/2023\/03\/II-ENCUENTRO-TRABAJO-SOCIAL_02.jpeg\" alt=\"\" class=\"wp-image-5929\"\/><\/figure>\n<\/figure>\n","protected":false},"excerpt":{"rendered":"<p>L\u2019Hospital Sagrat Cor va ser l\u2019escenari, el 17 de mar\u00e7, de la II Reuni\u00f3 de Treball Social del Baix Llobregat Nord. En aquesta ocasi\u00f3 va comptar amb un grup de 21 treballadores socials que es van reunir per abordar diferents necessitats i projectes en l\u2019\u00e0mbit dels serveis socials i la salut mental a la regi\u00f3. [&hellip;]<\/p>\n","protected":false},"author":2,"featured_media":5928,"comment_status":"closed","ping_status":"closed","sticky":false,"template":"","format":"standard","meta":{"footnotes":""},"categories":[27],"tags":[],"class_list":["post-5926","post","type-post","status-publish","format-standard","has-post-thumbnail","hentry","category-actualitat"],"blocksy_meta":{"styles_descriptor":{"styles":{"desktop":"","tablet":"","mobile":""},"google_fonts":[],"version":6}},"featured_image_urls_v2":{"full":["https:\/\/fundaciohospitalariesmartorell.org\/entre-tots\/wp-content\/uploads\/2023\/03\/II-ENCUENTRO-TRABAJO-SOCIAL_01.jpeg",1600,1200,false],"thumbnail":["https:\/\/fundaciohospitalariesmartorell.org\/entre-tots\/wp-content\/uploads\/2023\/03\/II-ENCUENTRO-TRABAJO-SOCIAL_01.jpeg",150,113,false],"medium":["https:\/\/fundaciohospitalariesmartorell.org\/entre-tots\/wp-content\/uploads\/2023\/03\/II-ENCUENTRO-TRABAJO-SOCIAL_01.jpeg",300,225,false],"medium_large":["https:\/\/fundaciohospitalariesmartorell.org\/entre-tots\/wp-content\/uploads\/2023\/03\/II-ENCUENTRO-TRABAJO-SOCIAL_01.jpeg",768,576,false],"large":["https:\/\/fundaciohospitalariesmartorell.org\/entre-tots\/wp-content\/uploads\/2023\/03\/II-ENCUENTRO-TRABAJO-SOCIAL_01.jpeg",1024,768,false],"1536x1536":["https:\/\/fundaciohospitalariesmartorell.org\/entre-tots\/wp-content\/uploads\/2023\/03\/II-ENCUENTRO-TRABAJO-SOCIAL_01.jpeg",1536,1152,false],"2048x2048":["https:\/\/fundaciohospitalariesmartorell.org\/entre-tots\/wp-content\/uploads\/2023\/03\/II-ENCUENTRO-TRABAJO-SOCIAL_01.jpeg",1600,1200,false],"mailpoet_newsletter_max":["https:\/\/fundaciohospitalariesmartorell.org\/entre-tots\/wp-content\/uploads\/2023\/03\/II-ENCUENTRO-TRABAJO-SOCIAL_01.jpeg",1320,990,false]},"post_excerpt_stackable_v2":"<p>L\u2019Hospital Sagrat Cor va ser l\u2019escenari, el 17 de mar\u00e7, de la II Reuni\u00f3 de Treball Social del Baix Llobregat Nord. En aquesta ocasi\u00f3 va comptar amb un grup de 21 treballadores socials que es van reunir per abordar diferents necessitats i projectes en l\u2019\u00e0mbit dels serveis socials i la salut mental a la regi\u00f3. Aix\u00ed com la primera reuni\u00f3, que va tenir lloc el 18 de novembre, va ser m\u00e9s explicativa, aquesta va ser una reuni\u00f3 de treball on es van abordar m\u00faltiples q\u00fcestions. Alguns dels temes tractats van ser les Jornades \u201cFem Xarxa\u201d, la problem\u00e0tica de les i&hellip;<\/p>\n","category_list_v2":"<a href=\"https:\/\/fundaciohospitalariesmartorell.org\/entre-tots\/category\/actualitat\/\" rel=\"category tag\">ACTUALITAT<\/a>","author_info_v2":{"name":"Sagrat Cor","url":"https:\/\/fundaciohospitalariesmartorell.org\/entre-tots\/author\/daniel\/"},"comments_num_v2":"0 comments","_links":{"self":[{"href":"https:\/\/fundaciohospitalariesmartorell.org\/entre-tots\/wp-json\/wp\/v2\/posts\/5926","targetHints":{"allow":["GET"]}}],"collection":[{"href":"https:\/\/fundaciohospitalariesmartorell.org\/entre-tots\/wp-json\/wp\/v2\/posts"}],"about":[{"href":"https:\/\/fundaciohospitalariesmartorell.org\/entre-tots\/wp-json\/wp\/v2\/types\/post"}],"author":[{"embeddable":true,"href":"https:\/\/fundaciohospitalariesmartorell.org\/entre-tots\/wp-json\/wp\/v2\/users\/2"}],"replies":[{"embeddable":true,"href":"https:\/\/fundaciohospitalariesmartorell.org\/entre-tots\/wp-json\/wp\/v2\/comments?post=5926"}],"version-history":[{"count":7,"href":"https:\/\/fundaciohospitalariesmartorell.org\/entre-tots\/wp-json\/wp\/v2\/posts\/5926\/revisions"}],"predecessor-version":[{"id":6062,"href":"https:\/\/fundaciohospitalariesmartorell.org\/entre-tots\/wp-json\/wp\/v2\/posts\/5926\/revisions\/6062"}],"wp:featuredmedia":[{"embeddable":true,"href":"https:\/\/fundaciohospitalariesmartorell.org\/entre-tots\/wp-json\/wp\/v2\/media\/5928"}],"wp:attachment":[{"href":"https:\/\/fundaciohospitalariesmartorell.org\/entre-tots\/wp-json\/wp\/v2\/media?parent=5926"}],"wp:term":[{"taxonomy":"category","embeddable":true,"href":"https:\/\/fundaciohospitalariesmartorell.org\/entre-tots\/wp-json\/wp\/v2\/categories?post=5926"},{"taxonomy":"post_tag","embeddable":true,"href":"https:\/\/fundaciohospitalariesmartorell.org\/entre-tots\/wp-json\/wp\/v2\/tags?post=5926"}],"curies":[{"name":"wp","href":"https:\/\/api.w.org\/{rel}","templated":true}]}}