{"id":5939,"date":"2023-03-29T10:34:58","date_gmt":"2023-03-29T08:34:58","guid":{"rendered":"https:\/\/newweb.hospitalsagratcormartorell.org\/entre-tots\/?p=5939"},"modified":"2023-03-31T18:29:13","modified_gmt":"2023-03-31T16:29:13","slug":"lhospital-sagrat-cor-present-a-la-jornada-datencio-intermedia","status":"publish","type":"post","link":"https:\/\/fundaciohospitalariesmartorell.org\/entre-tots\/2023\/03\/lhospital-sagrat-cor-present-a-la-jornada-datencio-intermedia\/","title":{"rendered":"L\u2019Hospital Sagrat Cor, present a la Jornada d\u2019Atenci\u00f3 Interm\u00e8dia del Departament de Salut"},"content":{"rendered":"<figure class=\"wp-block-post-featured-image\"><img loading=\"lazy\" decoding=\"async\" width=\"2048\" height=\"1536\" src=\"https:\/\/fundaciohospitalariesmartorell.org\/entre-tots\/wp-content\/uploads\/2023\/03\/23_03_JORNADA-ATENCIO-INTERMEDIA_02.jpeg\" class=\"attachment-post-thumbnail size-post-thumbnail wp-post-image\" alt=\"\" style=\"object-fit:cover;\" \/><\/figure>\n\n\n<div class=\"wp-block-stackable-heading stk-block-heading stk-block-heading--v2 stk-block stk-ac8bb98\" id=\"santi-bernades\" data-block-id=\"ac8bb98\"><style>.stk-ac8bb98{margin-bottom:0px !important}<\/style><h5 class=\"stk-block-heading__text\">Santi Bernades<\/h5><\/div>\n\n\n\n<div class=\"wp-block-stackable-heading stk-block-heading stk-block-heading--v2 stk-block stk-29dfff5\" id=\"josep-tristany-strong-coordinador-area-de-rehabilitacio-en-salut-mental-strong\" data-block-id=\"29dfff5\"><style>.stk-29dfff5 .stk-block-heading__text{color:var(--theme-palette-color-1,#8c124e) !important}<\/style><h6 class=\"stk-block-heading__text has-text-color\">Responsable de l\u2019\u00c0rea Sociosanit\u00e0ria de l\u2019Hospital Sagrat Cor<\/h6><\/div>\n\n\n\n<p>El dijous 2 de mar\u00e7 es va presentar a l\u2019Auditori AXA la \u2018Jornada d\u2019Atenci\u00f3 Interm\u00e8dia: Transformaci\u00f3 de l\u2019\u00e0mbit sociosanitari cap a l\u2019atenci\u00f3 interm\u00e8dia\u2019 organitzada pel Departament de Salut, a la qual van assistir el doctor Carles Franquelo i jo mateix, director m\u00e8dic i coordinador m\u00e8dic de l\u2019\u00c0rea Sociosanit\u00e0ria de l\u2019Hospital Sagrat Cor respectivament.<\/p>\n\n\n\n<p>Manel Balcells, conseller del Departament de Salut, va ser l\u2019encarregat de fer la presentaci\u00f3 de la jornada, en qu\u00e8 va recordar la import\u00e0ncia de l\u2019atenci\u00f3 sociosanit\u00e0ria com un pilar del model de salut de Catalunya. El conseller va afirmar que l\u2019Ag\u00e8ncia d\u2019Integraci\u00f3 Social i Sanit\u00e0ria ha de formar part de la xarxa per afavorir aquest model transformador.<\/p>\n\n\n\n<figure class=\"wp-block-image size-full\"><img loading=\"lazy\" decoding=\"async\" width=\"2048\" height=\"1154\" src=\"https:\/\/hospitalsagratcormartorell.org\/entre-tots\/wp-content\/uploads\/2023\/03\/23_03_JORNADA-ATENCIO-INTERMEDIA_01.jpeg\" alt=\"\" class=\"wp-image-5941\"\/><\/figure>\n\n\n\n<p>El doctor Sebasti\u00e0 Santaeug\u00e8nia, en la seva \u00faltima participaci\u00f3 com a director del Pla Director Sociosanitari, va fer un reconeixement a la feina feta pels anteriors directors i als punts forts del Pla. Va explorar els punts de millora relacionats amb la situaci\u00f3 demogr\u00e0fica i les mancances del sistema de salut i va avan\u00e7ar la nova cartera de serveis de l\u2019Atenci\u00f3 Interm\u00e8dia per donar resposta a les necessitats d\u2019atenci\u00f3 geri\u00e0trica i pal\u00b7liativa. Tamb\u00e9 va explicar que un tret diferencial ser\u00e0 el que s\u2019anomena <em>step up<\/em>, \u00e9s a dir, els ingressos a l\u2019Atenci\u00f3 Interm\u00e8dia directament des de l\u2019\u00e0mbit comunitari per evitar ingressos a l\u2019hospital d\u2019aguts.<\/p>\n\n\n\n<p>A continuaci\u00f3 es van presentar diferents experi\u00e8ncies seguint la nova cartera de serveis, com la creaci\u00f3 de la Unitat Territorial d\u2019Osona com a referent i gestor de la xarxa d\u2019atenci\u00f3 a la cronicitat, o l\u2019atenci\u00f3 psicogeri\u00e0trica a Tarragona, basada en el PLADEMCAT. Des de l\u2019\u00e0mbit dels hospitals d\u2019aguts es va compartir l\u2019experi\u00e8ncia de l\u2019Equip de Suport Geri\u00e0tric a Urg\u00e8ncies de l\u2019Hospital Santa Maria de Lleida, del Servei d\u2019Atenci\u00f3 Pal\u00b7liativa Pedi\u00e0trica de l\u2019Hospital Vall d\u2019Hebron, de la Casa de Sofia de Sant Joan de D\u00e9u i dels beneficis de l\u2019oncogeriatria del Parc de Salut Mar. Des de l\u2019\u00e0mbit comunitari es van donar a con\u00e8ixer les experi\u00e8ncies del CAP del Vall\u00e8s Occidental, de l\u2019Hospital de Dia del Centre Albada i de l\u2019Equip d\u2019Hospitalitzaci\u00f3 Domicili\u00e0ria Interm\u00e8dia del Parc Sanitari Pere Virgili.<\/p>\n\n\n\n<p>Aquestes experi\u00e8ncies reforcen la import\u00e0ncia que t\u00e9 l\u2019atenci\u00f3 especialitzada, individualitzada i multidimensional, la qual, amb la incorporaci\u00f3 de la nova cartera de serveis, pot millorar l\u2019efici\u00e8ncia donant resposta a les necessitats d\u2019una poblaci\u00f3 cada vegada m\u00e9s envellida i amb m\u00e9s complexitat. Tamb\u00e9 es va parlar de la import\u00e0ncia de crear noves unitats docents multidisciplin\u00e0ries de geriatria, donada la creixent necessitat de personal m\u00e8dic i d\u2019infermeria d\u2019aquesta especialitat.<\/p>\n\n\n\n<p>La cloenda va anar a c\u00e0rrec d\u2019Aina Plaza, directora general de Planificaci\u00f3 i Recerca en Salut, i&nbsp; d\u2019Alfredo Garcia, subdirector del Servei Catal\u00e0 de la Salut. Es va posar \u00e8mfasi en el fet que aquesta jornada ha de ser el punt de partida per iniciar una nova etapa amb el suport estrat\u00e8gic i operatiu del Departament de Salut.<\/p>\n","protected":false},"excerpt":{"rendered":"<p>Santi Bernades Responsable de l\u2019\u00c0rea Sociosanit\u00e0ria de l\u2019Hospital Sagrat Cor El dijous 2 de mar\u00e7 es va presentar a l\u2019Auditori AXA la \u2018Jornada d\u2019Atenci\u00f3 Interm\u00e8dia: Transformaci\u00f3 de l\u2019\u00e0mbit sociosanitari cap a l\u2019atenci\u00f3 interm\u00e8dia\u2019 organitzada pel Departament de Salut, a la qual van assistir el doctor Carles Franquelo i jo mateix, director m\u00e8dic i coordinador m\u00e8dic [&hellip;]<\/p>\n","protected":false},"author":2,"featured_media":5942,"comment_status":"closed","ping_status":"closed","sticky":false,"template":"","format":"standard","meta":{"footnotes":""},"categories":[27],"tags":[],"class_list":["post-5939","post","type-post","status-publish","format-standard","has-post-thumbnail","hentry","category-actualitat"],"blocksy_meta":{"styles_descriptor":{"styles":{"desktop":"","tablet":"","mobile":""},"google_fonts":[],"version":6}},"featured_image_urls_v2":{"full":["https:\/\/fundaciohospitalariesmartorell.org\/entre-tots\/wp-content\/uploads\/2023\/03\/23_03_JORNADA-ATENCIO-INTERMEDIA_02.jpeg",2048,1536,false],"thumbnail":["https:\/\/fundaciohospitalariesmartorell.org\/entre-tots\/wp-content\/uploads\/2023\/03\/23_03_JORNADA-ATENCIO-INTERMEDIA_02.jpeg",150,113,false],"medium":["https:\/\/fundaciohospitalariesmartorell.org\/entre-tots\/wp-content\/uploads\/2023\/03\/23_03_JORNADA-ATENCIO-INTERMEDIA_02.jpeg",300,225,false],"medium_large":["https:\/\/fundaciohospitalariesmartorell.org\/entre-tots\/wp-content\/uploads\/2023\/03\/23_03_JORNADA-ATENCIO-INTERMEDIA_02.jpeg",768,576,false],"large":["https:\/\/fundaciohospitalariesmartorell.org\/entre-tots\/wp-content\/uploads\/2023\/03\/23_03_JORNADA-ATENCIO-INTERMEDIA_02.jpeg",1024,768,false],"1536x1536":["https:\/\/fundaciohospitalariesmartorell.org\/entre-tots\/wp-content\/uploads\/2023\/03\/23_03_JORNADA-ATENCIO-INTERMEDIA_02.jpeg",1536,1152,false],"2048x2048":["https:\/\/fundaciohospitalariesmartorell.org\/entre-tots\/wp-content\/uploads\/2023\/03\/23_03_JORNADA-ATENCIO-INTERMEDIA_02.jpeg",2048,1536,false],"mailpoet_newsletter_max":["https:\/\/fundaciohospitalariesmartorell.org\/entre-tots\/wp-content\/uploads\/2023\/03\/23_03_JORNADA-ATENCIO-INTERMEDIA_02.jpeg",1320,990,false]},"post_excerpt_stackable_v2":"<p>Santi Bernades Responsable de l\u2019\u00c0rea Sociosanit\u00e0ria de l\u2019Hospital Sagrat Cor El dijous 2 de mar\u00e7 es va presentar a l\u2019Auditori AXA la \u2018Jornada d\u2019Atenci\u00f3 Interm\u00e8dia: Transformaci\u00f3 de l\u2019\u00e0mbit sociosanitari cap a l\u2019atenci\u00f3 interm\u00e8dia\u2019 organitzada pel Departament de Salut, a la qual van assistir el doctor Carles Franquelo i jo mateix, director m\u00e8dic i coordinador m\u00e8dic de l\u2019\u00c0rea Sociosanit\u00e0ria de l\u2019Hospital Sagrat Cor respectivament. Manel Balcells, conseller del Departament de Salut, va ser l\u2019encarregat de fer la presentaci\u00f3 de la jornada, en qu\u00e8 va recordar la import\u00e0ncia de l\u2019atenci\u00f3 sociosanit\u00e0ria com un pilar del model de salut de Catalunya. El conseller&hellip;<\/p>\n","category_list_v2":"<a href=\"https:\/\/fundaciohospitalariesmartorell.org\/entre-tots\/category\/actualitat\/\" rel=\"category tag\">ACTUALITAT<\/a>","author_info_v2":{"name":"Sagrat Cor","url":"https:\/\/fundaciohospitalariesmartorell.org\/entre-tots\/author\/daniel\/"},"comments_num_v2":"0 comments","_links":{"self":[{"href":"https:\/\/fundaciohospitalariesmartorell.org\/entre-tots\/wp-json\/wp\/v2\/posts\/5939","targetHints":{"allow":["GET"]}}],"collection":[{"href":"https:\/\/fundaciohospitalariesmartorell.org\/entre-tots\/wp-json\/wp\/v2\/posts"}],"about":[{"href":"https:\/\/fundaciohospitalariesmartorell.org\/entre-tots\/wp-json\/wp\/v2\/types\/post"}],"author":[{"embeddable":true,"href":"https:\/\/fundaciohospitalariesmartorell.org\/entre-tots\/wp-json\/wp\/v2\/users\/2"}],"replies":[{"embeddable":true,"href":"https:\/\/fundaciohospitalariesmartorell.org\/entre-tots\/wp-json\/wp\/v2\/comments?post=5939"}],"version-history":[{"count":7,"href":"https:\/\/fundaciohospitalariesmartorell.org\/entre-tots\/wp-json\/wp\/v2\/posts\/5939\/revisions"}],"predecessor-version":[{"id":6104,"href":"https:\/\/fundaciohospitalariesmartorell.org\/entre-tots\/wp-json\/wp\/v2\/posts\/5939\/revisions\/6104"}],"wp:featuredmedia":[{"embeddable":true,"href":"https:\/\/fundaciohospitalariesmartorell.org\/entre-tots\/wp-json\/wp\/v2\/media\/5942"}],"wp:attachment":[{"href":"https:\/\/fundaciohospitalariesmartorell.org\/entre-tots\/wp-json\/wp\/v2\/media?parent=5939"}],"wp:term":[{"taxonomy":"category","embeddable":true,"href":"https:\/\/fundaciohospitalariesmartorell.org\/entre-tots\/wp-json\/wp\/v2\/categories?post=5939"},{"taxonomy":"post_tag","embeddable":true,"href":"https:\/\/fundaciohospitalariesmartorell.org\/entre-tots\/wp-json\/wp\/v2\/tags?post=5939"}],"curies":[{"name":"wp","href":"https:\/\/api.w.org\/{rel}","templated":true}]}}