{"id":5948,"date":"2023-03-29T10:40:40","date_gmt":"2023-03-29T08:40:40","guid":{"rendered":"https:\/\/newweb.hospitalsagratcormartorell.org\/entre-tots\/?p=5948"},"modified":"2023-03-30T10:10:50","modified_gmt":"2023-03-30T08:10:50","slug":"formacio-per-a-les-unitats-funcionals-de-recuperacio-i-projecte-de-vida","status":"publish","type":"post","link":"https:\/\/fundaciohospitalariesmartorell.org\/entre-tots\/2023\/03\/formacio-per-a-les-unitats-funcionals-de-recuperacio-i-projecte-de-vida\/","title":{"rendered":"Formaci\u00f3 per a les Unitats Funcionals de Recuperaci\u00f3 i Projecte de Vida"},"content":{"rendered":"<figure class=\"wp-block-post-featured-image\"><img loading=\"lazy\" decoding=\"async\" width=\"700\" height=\"467\" src=\"https:\/\/fundaciohospitalariesmartorell.org\/entre-tots\/wp-content\/uploads\/2023\/03\/22_07_2022_Llarga_estada_SM_auditori_preview.jpeg\" class=\"attachment-post-thumbnail size-post-thumbnail wp-post-image\" alt=\"\" style=\"object-fit:cover;\" \/><\/figure>\n\n\n<div class=\"wp-block-stackable-heading stk-block-heading stk-block-heading--v2 stk-block stk-ac8bb98\" id=\"josep-tristany\" data-block-id=\"ac8bb98\"><style>.stk-ac8bb98{margin-bottom:0px !important}<\/style><h5 class=\"stk-block-heading__text\">Josep Tristany<\/h5><\/div>\n\n\n\n<div class=\"wp-block-stackable-heading stk-block-heading stk-block-heading--v2 stk-block stk-29dfff5\" id=\"josep-tristany-strong-coordinador-area-de-rehabilitacio-en-salut-mental-strong\" data-block-id=\"29dfff5\"><style>.stk-29dfff5 .stk-block-heading__text{color:var(--theme-palette-color-1,#8c124e) !important}<\/style><h6 class=\"stk-block-heading__text has-text-color\">Coordinador \u00c0rea de Rehabilitaci\u00f3 en Salut Mental<\/h6><\/div>\n\n\n\n<p>En els darrers anys, el Departament de Salut s\u2019ha comprom\u00e8s amb una aposta inequ\u00edvoca pel model comunitari d\u2019atenci\u00f3 a la salut mental i a les addiccions, un model d\u2019ampli consens dins el sector, que ja va quedar recollit en les L\u00ednies Estrat\u00e8giques 2017-2020. Aquest missatge es referma en el nou Pla de Salut 2020-2025, que, en la l\u00ednia de <em>Refor\u00e7ar l\u2019orientaci\u00f3 comunit\u00e0ria en la salut mental i addiccions<\/em>, estableix dues accions prioritzades:&nbsp;<\/p>\n\n\n\n<ul class=\"wp-block-list\">\n<li>Evitar la institucionalitzaci\u00f3, promoure la desinstitucionalitzaci\u00f3 i reconvertir l\u2019hospitalitzaci\u00f3 psiqui\u00e0trica de llarga estada de manera progressiva en un per\u00edode de deu anys.<\/li>\n\n\n\n<li>Promoure un model basat en la recuperaci\u00f3 i els drets de les persones, d\u2019acord amb la iniciativa Quality Rights de l\u2019OMS115 i ser una de les seves regions de refer\u00e8ncia.<\/li>\n<\/ul>\n\n\n\n<p>Aquest comprom\u00eds s\u2019identifica en la transformaci\u00f3 del model comunitari d\u2019atenci\u00f3 per aconseguir-hi un canvi i fer-la m\u00e9s accessible, m\u00e9s equitativa, m\u00e9s proactiva, m\u00e9s propera, m\u00e9s resolutiva i m\u00e9s longitudinal, empoderant i potenciant l\u2019autonomia, la recuperaci\u00f3 i la inserci\u00f3 de les persones ateses.<\/p>\n\n\n\n<p>En aquesta l\u00ednia, dins del proc\u00e9s de reconversi\u00f3 de les unitats de llarga estada, un dels objectius marcats \u00e9s aconseguir zero ingressos en aquestes unitats. Per tal d\u2019aconseguir-ho, es desplegar\u00e0 en cinc territoris pilot \u2012entre els quals hi ha el territori CSMA Martorell\u2012 una Unitat Funcional de Recuperaci\u00f3 i Projecte de Vida, que suposar\u00e0 un refor\u00e7 dels serveis comunitaris i una reorganitzaci\u00f3 dels recursos existents \u2012CSMA, PSI i SRC, b\u00e0sicament. Tindr\u00e0 un funcionament transversal i arrelat al territori, i ser\u00e0 una palanca de canvi que ha de suposar una nova manera d\u2019enfocar l\u2019atenci\u00f3 a les persones amb problemes de salut mental m\u00e9s greus i complexos.<\/p>\n\n\n\n<p>Aix\u00ed, el passat 1 de mar\u00e7, es va dur a terme la primera sessi\u00f3 de formaci\u00f3 de les Unitats Funcionals de Recuperaci\u00f3 i Projecte de Vida adre\u00e7ada a les direccions assistencials i a altres persones referents de cadascuna de les entitats prove\u00efdores que participaran en les proves pilot. De l\u2019Hospital Sagrat Cor hi van participar el doctor Carles Franquelo, director m\u00e8dic; Pilar Herrero, directora d\u2019infermeria; el doctor Fernando Boatas, coordinador d\u2019Atenci\u00f3 Comunit\u00e0ria en Salut Mental; Carlos M\u00e1rquez, coordinador d\u2019Infermeria de l\u2019\u00c0rea d\u2019Hospitalitzaci\u00f3 en Salut Mental, i jo mateix, que hi participava com a organitzador i ponent.<\/p>\n\n\n\n<p>En aquesta jornada es va explicar qu\u00e8 s\u00f3n aquestes unitats funcionals i quin \u00e9s el seu proc\u00e9s assistencial \u2012pon\u00e8ncia exposada per Jordi Cid, del Pla Director de Salut Mental i Addiccions i un servidor\u2012, es va incidir en els aspectes del lideratge organitzatiu i el lideratge cl\u00ednic \u2012presentacions que van dur a terme el doctor Antoni Serrano, adjunt a la Direcci\u00f3 de Salut Mental del Parc Sanitari Sant Joan de D\u00e9u, i la doctora Meritxell Centeno, adjunta a la Direcci\u00f3 M\u00e8dica de Benito Menni CASM,\u2012. Tamb\u00e9 es va presentar l\u2019experi\u00e8ncia de tancament de les unitats de llarga estada de l\u2019IAS de Girona \u2012a c\u00e0rrec del doctor Claudi Camps, director assistencial de Salut Mental de l\u2019IAS de Girona, i la doctora Cristina Gisbert, cap del Servei de Rehabilitaci\u00f3 Psiqui\u00e0trica de l\u2019IAS de Girona.<\/p>\n\n\n\n<p>Despr\u00e9s d\u2019una petita pausa van tenir lloc uns grups de treball molt vius i enriquidors que van debatre sobre les dificultats, les oportunitats, les aliances i el paper que hauran de tenir les Unitats Funcionals de Recuperaci\u00f3 i Projecte de Vida<strong> <\/strong>en la xarxa actual de recursos.<\/p>\n\n\n\n<p>Est\u00e0 prevista una nova jornada de formaci\u00f3 el dia 30 de mar\u00e7 adre\u00e7ada als professionals que formaran part d\u2019aquestes Unitats Funcionals de Recuperaci\u00f3 i Projecte de Vida i a altres professionals que estan treballant en recursos comunitaris, b\u00e0sicament CSMA, PSI i SRC.<\/p>\n","protected":false},"excerpt":{"rendered":"<p>Josep Tristany Coordinador \u00c0rea de Rehabilitaci\u00f3 en Salut Mental En els darrers anys, el Departament de Salut s\u2019ha comprom\u00e8s amb una aposta inequ\u00edvoca pel model comunitari d\u2019atenci\u00f3 a la salut mental i a les addiccions, un model d\u2019ampli consens dins el sector, que ja va quedar recollit en les L\u00ednies Estrat\u00e8giques 2017-2020. Aquest missatge es [&hellip;]<\/p>\n","protected":false},"author":2,"featured_media":5955,"comment_status":"closed","ping_status":"closed","sticky":false,"template":"","format":"standard","meta":{"footnotes":""},"categories":[27],"tags":[],"class_list":["post-5948","post","type-post","status-publish","format-standard","has-post-thumbnail","hentry","category-actualitat"],"blocksy_meta":{"styles_descriptor":{"styles":{"desktop":"","tablet":"","mobile":""},"google_fonts":[],"version":6}},"featured_image_urls_v2":{"full":["https:\/\/fundaciohospitalariesmartorell.org\/entre-tots\/wp-content\/uploads\/2023\/03\/22_07_2022_Llarga_estada_SM_auditori_preview.jpeg",700,467,false],"thumbnail":["https:\/\/fundaciohospitalariesmartorell.org\/entre-tots\/wp-content\/uploads\/2023\/03\/22_07_2022_Llarga_estada_SM_auditori_preview.jpeg",150,100,false],"medium":["https:\/\/fundaciohospitalariesmartorell.org\/entre-tots\/wp-content\/uploads\/2023\/03\/22_07_2022_Llarga_estada_SM_auditori_preview.jpeg",300,200,false],"medium_large":["https:\/\/fundaciohospitalariesmartorell.org\/entre-tots\/wp-content\/uploads\/2023\/03\/22_07_2022_Llarga_estada_SM_auditori_preview.jpeg",700,467,false],"large":["https:\/\/fundaciohospitalariesmartorell.org\/entre-tots\/wp-content\/uploads\/2023\/03\/22_07_2022_Llarga_estada_SM_auditori_preview.jpeg",700,467,false],"1536x1536":["https:\/\/fundaciohospitalariesmartorell.org\/entre-tots\/wp-content\/uploads\/2023\/03\/22_07_2022_Llarga_estada_SM_auditori_preview.jpeg",700,467,false],"2048x2048":["https:\/\/fundaciohospitalariesmartorell.org\/entre-tots\/wp-content\/uploads\/2023\/03\/22_07_2022_Llarga_estada_SM_auditori_preview.jpeg",700,467,false],"mailpoet_newsletter_max":["https:\/\/fundaciohospitalariesmartorell.org\/entre-tots\/wp-content\/uploads\/2023\/03\/22_07_2022_Llarga_estada_SM_auditori_preview.jpeg",700,467,false]},"post_excerpt_stackable_v2":"<p>Josep Tristany Coordinador \u00c0rea de Rehabilitaci\u00f3 en Salut Mental En els darrers anys, el Departament de Salut s\u2019ha comprom\u00e8s amb una aposta inequ\u00edvoca pel model comunitari d\u2019atenci\u00f3 a la salut mental i a les addiccions, un model d\u2019ampli consens dins el sector, que ja va quedar recollit en les L\u00ednies Estrat\u00e8giques 2017-2020. Aquest missatge es referma en el nou Pla de Salut 2020-2025, que, en la l\u00ednia de Refor\u00e7ar l\u2019orientaci\u00f3 comunit\u00e0ria en la salut mental i addiccions, estableix dues accions prioritzades:&nbsp; Evitar la institucionalitzaci\u00f3, promoure la desinstitucionalitzaci\u00f3 i reconvertir l\u2019hospitalitzaci\u00f3 psiqui\u00e0trica de llarga estada de manera progressiva en un per\u00edode&hellip;<\/p>\n","category_list_v2":"<a href=\"https:\/\/fundaciohospitalariesmartorell.org\/entre-tots\/category\/actualitat\/\" rel=\"category tag\">ACTUALITAT<\/a>","author_info_v2":{"name":"Sagrat Cor","url":"https:\/\/fundaciohospitalariesmartorell.org\/entre-tots\/author\/daniel\/"},"comments_num_v2":"0 comments","_links":{"self":[{"href":"https:\/\/fundaciohospitalariesmartorell.org\/entre-tots\/wp-json\/wp\/v2\/posts\/5948","targetHints":{"allow":["GET"]}}],"collection":[{"href":"https:\/\/fundaciohospitalariesmartorell.org\/entre-tots\/wp-json\/wp\/v2\/posts"}],"about":[{"href":"https:\/\/fundaciohospitalariesmartorell.org\/entre-tots\/wp-json\/wp\/v2\/types\/post"}],"author":[{"embeddable":true,"href":"https:\/\/fundaciohospitalariesmartorell.org\/entre-tots\/wp-json\/wp\/v2\/users\/2"}],"replies":[{"embeddable":true,"href":"https:\/\/fundaciohospitalariesmartorell.org\/entre-tots\/wp-json\/wp\/v2\/comments?post=5948"}],"version-history":[{"count":7,"href":"https:\/\/fundaciohospitalariesmartorell.org\/entre-tots\/wp-json\/wp\/v2\/posts\/5948\/revisions"}],"predecessor-version":[{"id":6071,"href":"https:\/\/fundaciohospitalariesmartorell.org\/entre-tots\/wp-json\/wp\/v2\/posts\/5948\/revisions\/6071"}],"wp:featuredmedia":[{"embeddable":true,"href":"https:\/\/fundaciohospitalariesmartorell.org\/entre-tots\/wp-json\/wp\/v2\/media\/5955"}],"wp:attachment":[{"href":"https:\/\/fundaciohospitalariesmartorell.org\/entre-tots\/wp-json\/wp\/v2\/media?parent=5948"}],"wp:term":[{"taxonomy":"category","embeddable":true,"href":"https:\/\/fundaciohospitalariesmartorell.org\/entre-tots\/wp-json\/wp\/v2\/categories?post=5948"},{"taxonomy":"post_tag","embeddable":true,"href":"https:\/\/fundaciohospitalariesmartorell.org\/entre-tots\/wp-json\/wp\/v2\/tags?post=5948"}],"curies":[{"name":"wp","href":"https:\/\/api.w.org\/{rel}","templated":true}]}}