{"id":5958,"date":"2023-03-29T10:47:53","date_gmt":"2023-03-29T08:47:53","guid":{"rendered":"https:\/\/newweb.hospitalsagratcormartorell.org\/entre-tots\/?p=5958"},"modified":"2023-03-29T12:53:37","modified_gmt":"2023-03-29T10:53:37","slug":"assistim-a-la-presentacio-de-lagenda-urbana-martorell-2030","status":"publish","type":"post","link":"https:\/\/fundaciohospitalariesmartorell.org\/entre-tots\/2023\/03\/assistim-a-la-presentacio-de-lagenda-urbana-martorell-2030\/","title":{"rendered":"Assistim a la presentaci\u00f3 de l\u2019Agenda Urbana Martorell 2030"},"content":{"rendered":"<figure class=\"wp-block-post-featured-image\"><img loading=\"lazy\" decoding=\"async\" width=\"3472\" height=\"2590\" src=\"https:\/\/fundaciohospitalariesmartorell.org\/entre-tots\/wp-content\/uploads\/2023\/03\/23_03_28_PRESENTACIO-AGENDA-2030-MARTORELL.jpg\" class=\"attachment-post-thumbnail size-post-thumbnail wp-post-image\" alt=\"\" style=\"object-fit:cover;\" \/><\/figure>\n\n\n<p>La responsable de comunicaci\u00f3 de l\u2019Hospital Sagrat Cor, Anna Casanovas, va assistir a l\u2019acte de presentaci\u00f3 de l\u2019Agenda Urbana Martorell 2030, que va tenir lloc el 27 de mar\u00e7 a la sala d\u2019actes del Centre de Promoci\u00f3 Econ\u00f2mica Mol\u00ed Fariner de Martorell.&nbsp;<\/p>\n\n\n\n<p>L\u2019esdeveniment va anar a c\u00e0rrec de tres representants del consistori: Albert Fern\u00e1ndez, regidor de Medi ambient, Habitatge i Planificaci\u00f3&nbsp;Urban\u00edstica; Rodrigo Alaminos, coordinador general, i Ana Pagliuso, t\u00e8cnica de l\u2019Agenda Urbana de Martorell.&nbsp;<\/p>\n\n\n\n<p>En el marc de l\u2019acte es va explicar que l\u2019Agenda Urbana Martorell 2030 \u00e9s un instrument de planificaci\u00f3 estrat\u00e8gica alineada amb les agendes urbanes nacionals i internacionals, i que t\u00e9 com a objectiu un desenvolupament m\u00e9s sostenible i saludable de la ciutat i dels seus habitants. Aix\u00ed mateix, es va destacar que en aquest proc\u00e9s de transformaci\u00f3 t\u00e9 un paper clau la ciutadania i els agents econ\u00f2mics i socials.&nbsp;&nbsp;<\/p>\n\n\n\n<p>Tamb\u00e9 es va explicar que l\u2019Agenda Urbana de Martorell 2030 est\u00e0 basada en els 17 Objectius de Desenvolupament Sostenible (ODS) que consten a l\u2019Agenda Urbana 2030 aprovada per les Nacions Unides i que per complir els reptes que s\u2019hi planteja es desenvoluparan accions emmarcades en 3 dimensions: social, ambiental i econ\u00f2mica. Amb aquesta estrat\u00e8gia es pret\u00e9n implicar la societat en la cura l\u2019entorn, fomentar la inclusi\u00f3, aconseguir m\u00e9s relaci\u00f3 entre el medi urb\u00e0 i l\u2019entorn natural, i vetllar per una ciutat m\u00e9s sostenible, saludable i amb m\u00e9s cohesi\u00f3 social, aix\u00ed com reafirmar el paper de Martorell com a capital del Baix Llobregat Nord.&nbsp;<\/p>\n\n\n\n<p>Podeu ampliar la informaci\u00f3 sobre l\u2019Agenda Urbana Martorell 2030 al seg\u00fcent enlla\u00e7:&nbsp;<a href=\"https:\/\/agendaurbanamartorell.cat\/\">https:\/\/agendaurbanamartorell.cat<\/a>&nbsp;<\/p>\n","protected":false},"excerpt":{"rendered":"<p>La responsable de comunicaci\u00f3 de l\u2019Hospital Sagrat Cor, Anna Casanovas, va assistir a l\u2019acte de presentaci\u00f3 de l\u2019Agenda Urbana Martorell 2030, que va tenir lloc el 27 de mar\u00e7 a la sala d\u2019actes del Centre de Promoci\u00f3 Econ\u00f2mica Mol\u00ed Fariner de Martorell.&nbsp; L\u2019esdeveniment va anar a c\u00e0rrec de tres representants del consistori: Albert Fern\u00e1ndez, regidor [&hellip;]<\/p>\n","protected":false},"author":2,"featured_media":5960,"comment_status":"closed","ping_status":"closed","sticky":false,"template":"","format":"standard","meta":{"footnotes":""},"categories":[27],"tags":[],"class_list":["post-5958","post","type-post","status-publish","format-standard","has-post-thumbnail","hentry","category-actualitat"],"blocksy_meta":{"styles_descriptor":{"styles":{"desktop":"","tablet":"","mobile":""},"google_fonts":[],"version":6}},"featured_image_urls_v2":{"full":["https:\/\/fundaciohospitalariesmartorell.org\/entre-tots\/wp-content\/uploads\/2023\/03\/23_03_28_PRESENTACIO-AGENDA-2030-MARTORELL.jpg",3472,2590,false],"thumbnail":["https:\/\/fundaciohospitalariesmartorell.org\/entre-tots\/wp-content\/uploads\/2023\/03\/23_03_28_PRESENTACIO-AGENDA-2030-MARTORELL.jpg",150,112,false],"medium":["https:\/\/fundaciohospitalariesmartorell.org\/entre-tots\/wp-content\/uploads\/2023\/03\/23_03_28_PRESENTACIO-AGENDA-2030-MARTORELL.jpg",300,224,false],"medium_large":["https:\/\/fundaciohospitalariesmartorell.org\/entre-tots\/wp-content\/uploads\/2023\/03\/23_03_28_PRESENTACIO-AGENDA-2030-MARTORELL.jpg",768,573,false],"large":["https:\/\/fundaciohospitalariesmartorell.org\/entre-tots\/wp-content\/uploads\/2023\/03\/23_03_28_PRESENTACIO-AGENDA-2030-MARTORELL.jpg",1024,764,false],"1536x1536":["https:\/\/fundaciohospitalariesmartorell.org\/entre-tots\/wp-content\/uploads\/2023\/03\/23_03_28_PRESENTACIO-AGENDA-2030-MARTORELL.jpg",1536,1146,false],"2048x2048":["https:\/\/fundaciohospitalariesmartorell.org\/entre-tots\/wp-content\/uploads\/2023\/03\/23_03_28_PRESENTACIO-AGENDA-2030-MARTORELL.jpg",2048,1528,false],"mailpoet_newsletter_max":["https:\/\/fundaciohospitalariesmartorell.org\/entre-tots\/wp-content\/uploads\/2023\/03\/23_03_28_PRESENTACIO-AGENDA-2030-MARTORELL.jpg",1320,985,false]},"post_excerpt_stackable_v2":"<p>La responsable de comunicaci\u00f3 de l\u2019Hospital Sagrat Cor, Anna Casanovas, va assistir a l\u2019acte de presentaci\u00f3 de l\u2019Agenda Urbana Martorell 2030, que va tenir lloc el 27 de mar\u00e7 a la sala d\u2019actes del Centre de Promoci\u00f3 Econ\u00f2mica Mol\u00ed Fariner de Martorell.&nbsp; L\u2019esdeveniment va anar a c\u00e0rrec de tres representants del consistori: Albert Fern\u00e1ndez, regidor de Medi ambient, Habitatge i Planificaci\u00f3&nbsp;Urban\u00edstica; Rodrigo Alaminos, coordinador general, i Ana Pagliuso, t\u00e8cnica de l\u2019Agenda Urbana de Martorell.&nbsp; En el marc de l\u2019acte es va explicar que l\u2019Agenda Urbana Martorell 2030 \u00e9s un instrument de planificaci\u00f3 estrat\u00e8gica alineada amb les agendes urbanes nacionals i&hellip;<\/p>\n","category_list_v2":"<a href=\"https:\/\/fundaciohospitalariesmartorell.org\/entre-tots\/category\/actualitat\/\" rel=\"category tag\">ACTUALITAT<\/a>","author_info_v2":{"name":"Sagrat Cor","url":"https:\/\/fundaciohospitalariesmartorell.org\/entre-tots\/author\/daniel\/"},"comments_num_v2":"0 comments","_links":{"self":[{"href":"https:\/\/fundaciohospitalariesmartorell.org\/entre-tots\/wp-json\/wp\/v2\/posts\/5958","targetHints":{"allow":["GET"]}}],"collection":[{"href":"https:\/\/fundaciohospitalariesmartorell.org\/entre-tots\/wp-json\/wp\/v2\/posts"}],"about":[{"href":"https:\/\/fundaciohospitalariesmartorell.org\/entre-tots\/wp-json\/wp\/v2\/types\/post"}],"author":[{"embeddable":true,"href":"https:\/\/fundaciohospitalariesmartorell.org\/entre-tots\/wp-json\/wp\/v2\/users\/2"}],"replies":[{"embeddable":true,"href":"https:\/\/fundaciohospitalariesmartorell.org\/entre-tots\/wp-json\/wp\/v2\/comments?post=5958"}],"version-history":[{"count":2,"href":"https:\/\/fundaciohospitalariesmartorell.org\/entre-tots\/wp-json\/wp\/v2\/posts\/5958\/revisions"}],"predecessor-version":[{"id":5961,"href":"https:\/\/fundaciohospitalariesmartorell.org\/entre-tots\/wp-json\/wp\/v2\/posts\/5958\/revisions\/5961"}],"wp:featuredmedia":[{"embeddable":true,"href":"https:\/\/fundaciohospitalariesmartorell.org\/entre-tots\/wp-json\/wp\/v2\/media\/5960"}],"wp:attachment":[{"href":"https:\/\/fundaciohospitalariesmartorell.org\/entre-tots\/wp-json\/wp\/v2\/media?parent=5958"}],"wp:term":[{"taxonomy":"category","embeddable":true,"href":"https:\/\/fundaciohospitalariesmartorell.org\/entre-tots\/wp-json\/wp\/v2\/categories?post=5958"},{"taxonomy":"post_tag","embeddable":true,"href":"https:\/\/fundaciohospitalariesmartorell.org\/entre-tots\/wp-json\/wp\/v2\/tags?post=5958"}],"curies":[{"name":"wp","href":"https:\/\/api.w.org\/{rel}","templated":true}]}}