{"id":5962,"date":"2023-03-29T10:50:40","date_gmt":"2023-03-29T08:50:40","guid":{"rendered":"https:\/\/newweb.hospitalsagratcormartorell.org\/entre-tots\/?p=5962"},"modified":"2023-03-30T22:28:50","modified_gmt":"2023-03-30T20:28:50","slug":"adaptar-se-a-un-sector-masculinitzat-o-al-mon-digital","status":"publish","type":"post","link":"https:\/\/fundaciohospitalariesmartorell.org\/entre-tots\/2023\/03\/adaptar-se-a-un-sector-masculinitzat-o-al-mon-digital\/","title":{"rendered":"ADAPTAR-SE A UN SECTOR MASCULINITZAT O AL M\u00d3N DIGITAL"},"content":{"rendered":"<figure class=\"wp-block-post-featured-image\"><img loading=\"lazy\" decoding=\"async\" width=\"3198\" height=\"918\" src=\"https:\/\/fundaciohospitalariesmartorell.org\/entre-tots\/wp-content\/uploads\/2023\/03\/Captura-de-pantalla-2023-03-30-a-les-22.27.46.jpg\" class=\"attachment-post-thumbnail size-post-thumbnail wp-post-image\" alt=\"\" style=\"object-fit:cover;\" \/><\/figure>\n\n\n<p style=\"font-size:clamp(15.197px, 0.95rem + ((1vw - 3.2px) * 0.61), 23px);\"><strong>El 8 de mar\u00e7 es commemora el <span style=\"color: var(--theme-palette-color-8, #ffffff);background-color: var(--theme-palette-color-2, #b36989)\" class=\"stk-highlight\">Dia Internacional de la Dona<\/span>, enguany amb el lema &#8220;Per un&nbsp;m\u00f3n digital inclusiu: Innovaci\u00f3 i tecnologia per a la igualtat de g\u00e8nere&#8221;.<\/strong><\/p>\n\n\n\n<p style=\"font-size:clamp(15.197px, 0.95rem + ((1vw - 3.2px) * 0.61), 23px);\"><strong>Amb motiu de l\u2019efem\u00e8ride, des de l\u2019Hospital Sagrat Cor volem recollir&nbsp;el testimoni de&nbsp;dones que treballen al nostre Centre les quals s&#8217;han hagut d&#8217;adaptar al&nbsp;m\u00f3n digital&nbsp;malgrat no haver-hi crescut, aix\u00ed com d\u2019aquelles&nbsp;que s&#8217;han incorporat a una \u00e0rea de treball&nbsp;hist\u00f2ricament&nbsp;masculinitzada.<\/strong><\/p>\n\n\n\n<figure class=\"wp-block-image alignright size-full is-resized\"><img loading=\"lazy\" decoding=\"async\" src=\"https:\/\/hospitalsagratcormartorell.org\/entre-tots\/wp-content\/uploads\/2023\/03\/image1.jpeg\" alt=\"\" class=\"wp-image-5967\" width=\"368\" height=\"346\"\/><\/figure>\n\n\n\n<p>Les compres hospital\u00e0ries han estat un sector dominat durant anys pels homes. La <strong>responsable de Compres, Esther Beltran<\/strong>, recorda la seva entrada a aquest m\u00f3n, fa m\u00e9s de 20 anys: \u201cVaig tenir la sort de comen\u00e7ar a treballar a una empresa del nord d\u2019Europa on ja es cuidava molt l\u2019entorn d\u2019igualtat d\u2019oportunitats, no estava gens masculinitzat\u201d.<\/p>\n\n\n\n<p>No era aix\u00ed a l\u2019\u00e0mbit hospitalari. Aquesta desigualtat entre la proporci\u00f3 d\u2019homes i dones era evident sobretot, segons explica Bertran, quan es feien cursos o reunions de grups de caps de compres.&nbsp;\u201cAvui en dia, per\u00f2, aquesta situaci\u00f3 ha canviat completament i no trobem ja un entorn masculinitzat\u201d, assenyala.<\/p>\n\n\n\n<p>La nostra responsable de Compres assegura que presencialment, sempre s\u2019ha sentit acollida, escoltada i respectada, i que pel fet de ser dona no ha tingut cap dificultat a l\u2019hora d\u2019executar la seva feina. Tanmateix, indica que, per tel\u00e8fon, s\u00ed que existeix una tend\u00e8ncia cultural i potser masculinitzada, sobretot quan no la coneixen en persona, a dir-li \u201csenyoreta\u201d o \u201cbonica\u201d. \u201cA vegades corregeixo aquests comentaris i d\u2019altres penso que \u00e9s una conversa est\u00e8ril i que no val la pena argumentar\u201d, apunta.<\/p>\n\n\n\n<p>Pel que fa a la seva adaptaci\u00f3 al canvi tecnol\u00f2gic, explica que la tecnologia ha estat sempre present en el seu entorn laboral i que la seva evoluci\u00f3 ha estat paral\u00b7lela. \u201cTots i totes hem de fer un esfor\u00e7 personal per mantenir-nos actualitzats tecnol\u00f2gicament a l\u2019\u00e0mbit laboral i personal per poder continuar creixent, ja que la transformaci\u00f3 digital \u00e9s imparable\u201d, afirma. Aix\u00ed, segons Esther Bertran, el canvi tecnol\u00f2gic ha suposat i suposa un repte constant, per\u00f2 indispensable, per poder dur a terme una feina de m\u00e9s qualitat, millorar les comunicacions interpersonals&nbsp;i per poder oferir innovacions constants als serveis assistencials.<\/p>\n\n\n\n<figure class=\"wp-block-image alignleft size-full is-resized\"><img loading=\"lazy\" decoding=\"async\" src=\"https:\/\/hospitalsagratcormartorell.org\/entre-tots\/wp-content\/uploads\/2023\/03\/image2.jpeg\" alt=\"\" class=\"wp-image-5968\" width=\"358\" height=\"302\"\/><\/figure>\n\n\n\n<p>L&#8217;adaptaci\u00f3 a la transformaci\u00f3 digital no va ser un repte per a <strong>Montserrat Guitart, coordinadora d\u2019Atenci\u00f3 Comunit\u00e0ria en Salut Mental d&#8217;Adults del Bergued\u00e0<\/strong>. Va n\u00e9ixer en una fam\u00edlia que es dedicava a la inform\u00e0tica, pionera a la seva \u00e8poca pel que fa a les noves tecnologies, i aix\u00f2 va fer que creix\u00e9s entre ordinadors, plaques base i microprocessadors.&nbsp;En aquest sentit, la seva adaptaci\u00f3 al m\u00f3n digital va ser molt progressiva i aix\u00f2 va fer que, gaireb\u00e9 sense adonar-se\u2019n, ho visqu\u00e9s amb naturalitat.<\/p>\n\n\n\n<p>Reconeix que all\u00f2 que m\u00e9s li ha costat \u00e9s tenir present que la digitalitzaci\u00f3, que ens aporta grans avantatges per al nostre funcionament diari, ha d\u2019anar acompanyada d\u2019una prud\u00e8ncia i cura, sobretot pel que fa al tractament i protecci\u00f3 de dades, per tal de mantenir la confidencialitat i poder garantir la seguretat de tothom.<\/p>\n\n\n\n<p>Considera que el canvi tecnol\u00f2gic ha comportat grans beneficis, des de millorar la comunicaci\u00f3, simplificar l\u2019acc\u00e9s a la informaci\u00f3, augmentar l\u2019efici\u00e8ncia, fins a optimitzar resultats. \u201cEn el camp de la medicina, hem vist, amb la pand\u00e8mia, que disposar d&#8217;aquests aven\u00e7os ha estat de gran ajuda, facilitant el nostre dia a dia i aconseguint que ens reinvent\u00e9ssim per poder assolir els objectius establerts, sempre mantenint el factor hum\u00e0 i la m\u00e0xima qualitat professional\u201d, explica.<\/p>\n\n\n\n<p>En el seu cas concret, que treballa lluny d\u2019on viu, el canvi tecnol\u00f2gic li ha perm\u00e8s combinar la presencialitat amb l\u2019atenci\u00f3 telem\u00e0tica i poder portar a terme algunes de les tasques de coordinaci\u00f3 i assistencials, que d&#8217;una altra manera hagu\u00e9s estat pr\u00e0cticament impossible.<br><br><strong>Loli Garc\u00eda, infermera de l\u2019\u00c0rea Sociosanit\u00e0ria<\/strong>, va viure el canvi tecnol\u00f2gic de manera molt diferent. Assegura que la immersi\u00f3 digital li va costar, ja que durant la seva formaci\u00f3 acad\u00e8mica no havia utilitzat l\u2019ordinador i tenia nocions molt b\u00e0siques. \u201cCuando nos comunicaron que se iban a informatizar todos los procesos de Enfermer\u00eda, me recicl\u00e9 apunt\u00e1ndome a dos cursos de inform\u00e1tica\u201d, explica.<\/p>\n\n\n\n<figure class=\"wp-block-image alignright size-full is-resized\"><img loading=\"lazy\" decoding=\"async\" src=\"https:\/\/hospitalsagratcormartorell.org\/entre-tots\/wp-content\/uploads\/2023\/03\/image3.jpeg\" alt=\"\" class=\"wp-image-5969\" width=\"378\" height=\"346\"\/><\/figure>\n\n\n\n<p>Garc\u00eda ha viscut el proc\u00e9s de transformaci\u00f3 digital com un aprenentatge i una adaptaci\u00f3 a les noves necessitats, al programa inform\u00e0tic SAVAC, als nous registres a completar, als q\u00fcestionaris a realitzar, als canvis en els circu\u00efts per completar tasques\u2026<\/p>\n\n\n\n<p>Nom\u00e9s t\u00e9 bones paraules per al canvi tecnol\u00f2gic, per exemple, pel que fa a la facilitat d\u2019acc\u00e9s a les dades cl\u00edniques de la persona usu\u00e0ria: \u201cContamos con un acceso r\u00e1pido a la informaci\u00f3n, es m\u00e1s f\u00e1cil planificar los cuidados, garantizar la continuidad asistencial entre el equipo interdisciplinar y, finalmente, conseguir la mejora y calidad de los cuidados a la persona usuaria, teniendo en cuenta la privacidad de datos personales\u201d, afirma.<\/p>\n\n\n\n<p>Recorda que quan registrava la informaci\u00f3 en paper aquesta no estava tan ben ordenada ni era tan clara, era m\u00e9s dif\u00edcil de recuperar i hi havia continguts repetits emmagatzemats en diferents arxius que resultaven inefica\u00e7os.<\/p>\n\n\n\n<figure class=\"wp-block-image alignleft size-full is-resized\"><img loading=\"lazy\" decoding=\"async\" src=\"https:\/\/hospitalsagratcormartorell.org\/entre-tots\/wp-content\/uploads\/2023\/03\/image4.jpeg\" alt=\"\" class=\"wp-image-5970\" width=\"362\" height=\"330\"\/><\/figure>\n\n\n\n<p>Per a <strong>Ana Mar\u00eda Su\u00e1rez, TCAI de l\u2019\u00c0rea Sociosanit\u00e0ria<\/strong>, l\u2019adaptaci\u00f3 al m\u00f3n digital no ha estat un proc\u00e9s senzill i segueix sense ser-ho. \u201c\u00a1La tecnolog\u00eda va muy r\u00e1pida!\u201d, exclama. \u201cCada d\u00eda hay cosas nuevas, cuando has conseguido aprender una cosa te sale otra\u201d, assevera.<\/p>\n\n\n\n<p>Reconeix que \u00e9s un proc\u00e9s complicat i que requereix un per\u00edode d\u2019adaptaci\u00f3, per\u00f2 el qual ha suposat molts beneficis, com poder comunicar-se m\u00e9s r\u00e0pid amb la gent, fer gestions sense necessitat de despla\u00e7ar-se\u2026<\/p>\n\n\n\n<p>Tanmateix, lamenta que tamb\u00e9 ha donat lloc a una reducci\u00f3 de la presencialitat, de la comunicaci\u00f3 cara a cara, la qual segueix sent molt necess\u00e0ria.<\/p>\n\n\n\n<figure class=\"wp-block-image alignright size-full is-resized\"><img loading=\"lazy\" decoding=\"async\" src=\"https:\/\/hospitalsagratcormartorell.org\/entre-tots\/wp-content\/uploads\/2023\/03\/image5.jpeg\" alt=\"\" class=\"wp-image-5971\" width=\"372\" height=\"296\"\/><\/figure>\n\n\n\n<p>L\u2019adaptaci\u00f3 a la transformaci\u00f3 digital tampoc va ser f\u00e0cil per a la <strong>responsable del Servei de Farm\u00e0cia, Felicitas Guti\u00e9rrez<\/strong>, sobretot a causa de l\u2019acceleraci\u00f3 en la implementaci\u00f3 de processos de digitalitzaci\u00f3, tant a nivell professional com personal, que va comportar la pand\u00e8mia de Covid-19. \u201cTuve que familiarizarme r\u00e1pidamente con las aplicaciones y herramientas tecnol\u00f3gicas, en un momento de alta tensi\u00f3n laboral y emocional,&nbsp;y como tal viv\u00ed el proceso\u201d, recorda. Assegura que li va costar i encara li costa adequar-se a la cultura de la immediatesa, sense temps a per l\u2019an\u00e0lisi i comprensi\u00f3 dels processos.&nbsp;&nbsp;<\/p>\n\n\n\n<p>De totes maneres, considera que el canvi tecnol\u00f2gic li ha comportat molts beneficis, com la facilitat per accedir a dades que l\u2019ajuden a prendre decisions relacionades amb la gesti\u00f3 i amb la cl\u00ednica mitjan\u00e7ant l\u2019aplicaci\u00f3 de les tecnologies de la informaci\u00f3, aix\u00ed com la possibilitat d\u2019automatitzaci\u00f3 de processos.<\/p>\n\n\n\n<p>Sobre els seus inicis a la farm\u00e0cia d\u2019hospital, fa m\u00e9s de 40 anys, recorda que el personal dels serveis de farm\u00e0cia i d\u2019infermeria estava constitu\u00eft, en la seva majoria, per dones, mentre que el personal m\u00e8dic estava format, principalment, per homes, aix\u00ed com els c\u00e0rrecs amb capacitat de decisi\u00f3. \u201cDesde entonces el n\u00famero de m\u00e9dicas se ha incrementado significativamente, no de la misma manera que el de aquellas profesionales que est\u00e1n en la direcci\u00f3n\u201d, afegeix.<\/p>\n\n\n\n<p>Felicitas Guti\u00e9rrez assevera que es va sentir reconeguda professionalment des dels inicis. \u201cEra una \u00e9poca en la que mi generaci\u00f3n buscaba cambiar las costumbres y las leyes de la sociedad; no obstante, los referentes sociales eran masculinos y ten\u00eda la percepci\u00f3n de que las exigencias para ser reconocida eran mayores por mi condici\u00f3n de mujer\u201d.<\/p>\n","protected":false},"excerpt":{"rendered":"<p>El 8 de mar\u00e7 es commemora el Dia Internacional de la Dona, enguany amb el lema &#8220;Per un&nbsp;m\u00f3n digital inclusiu: Innovaci\u00f3 i tecnologia per a la igualtat de g\u00e8nere&#8221;. Amb motiu de l\u2019efem\u00e8ride, des de l\u2019Hospital Sagrat Cor volem recollir&nbsp;el testimoni de&nbsp;dones que treballen al nostre Centre les quals s&#8217;han hagut d&#8217;adaptar al&nbsp;m\u00f3n digital&nbsp;malgrat no [&hellip;]<\/p>\n","protected":false},"author":2,"featured_media":6095,"comment_status":"closed","ping_status":"closed","sticky":false,"template":"","format":"standard","meta":{"footnotes":""},"categories":[28],"tags":[],"class_list":["post-5962","post","type-post","status-publish","format-standard","has-post-thumbnail","hentry","category-tot-aixo-es-nostre"],"blocksy_meta":{"styles_descriptor":{"styles":{"desktop":"","tablet":"","mobile":""},"google_fonts":[],"version":6}},"featured_image_urls_v2":{"full":["https:\/\/fundaciohospitalariesmartorell.org\/entre-tots\/wp-content\/uploads\/2023\/03\/Captura-de-pantalla-2023-03-30-a-les-22.27.46.jpg",3198,918,false],"thumbnail":["https:\/\/fundaciohospitalariesmartorell.org\/entre-tots\/wp-content\/uploads\/2023\/03\/Captura-de-pantalla-2023-03-30-a-les-22.27.46.jpg",150,43,false],"medium":["https:\/\/fundaciohospitalariesmartorell.org\/entre-tots\/wp-content\/uploads\/2023\/03\/Captura-de-pantalla-2023-03-30-a-les-22.27.46.jpg",300,86,false],"medium_large":["https:\/\/fundaciohospitalariesmartorell.org\/entre-tots\/wp-content\/uploads\/2023\/03\/Captura-de-pantalla-2023-03-30-a-les-22.27.46.jpg",768,220,false],"large":["https:\/\/fundaciohospitalariesmartorell.org\/entre-tots\/wp-content\/uploads\/2023\/03\/Captura-de-pantalla-2023-03-30-a-les-22.27.46.jpg",1024,294,false],"1536x1536":["https:\/\/fundaciohospitalariesmartorell.org\/entre-tots\/wp-content\/uploads\/2023\/03\/Captura-de-pantalla-2023-03-30-a-les-22.27.46.jpg",1536,441,false],"2048x2048":["https:\/\/fundaciohospitalariesmartorell.org\/entre-tots\/wp-content\/uploads\/2023\/03\/Captura-de-pantalla-2023-03-30-a-les-22.27.46.jpg",2048,588,false],"mailpoet_newsletter_max":["https:\/\/fundaciohospitalariesmartorell.org\/entre-tots\/wp-content\/uploads\/2023\/03\/Captura-de-pantalla-2023-03-30-a-les-22.27.46.jpg",1320,379,false]},"post_excerpt_stackable_v2":"<p>El 8 de mar\u00e7 es commemora el Dia Internacional de la Dona, enguany amb el lema &#8220;Per un&nbsp;m\u00f3n digital inclusiu: Innovaci\u00f3 i tecnologia per a la igualtat de g\u00e8nere&#8221;. Amb motiu de l\u2019efem\u00e8ride, des de l\u2019Hospital Sagrat Cor volem recollir&nbsp;el testimoni de&nbsp;dones que treballen al nostre Centre les quals s&#8217;han hagut d&#8217;adaptar al&nbsp;m\u00f3n digital&nbsp;malgrat no haver-hi crescut, aix\u00ed com d\u2019aquelles&nbsp;que s&#8217;han incorporat a una \u00e0rea de treball&nbsp;hist\u00f2ricament&nbsp;masculinitzada. Les compres hospital\u00e0ries han estat un sector dominat durant anys pels homes. La responsable de Compres, Esther Beltran, recorda la seva entrada a aquest m\u00f3n, fa m\u00e9s de 20 anys: \u201cVaig tenir la&hellip;<\/p>\n","category_list_v2":"<a href=\"https:\/\/fundaciohospitalariesmartorell.org\/entre-tots\/category\/tot-aixo-es-nostre\/\" rel=\"category tag\">TOT AIX\u00d2 \u00c9S NOSTRE<\/a>","author_info_v2":{"name":"Sagrat Cor","url":"https:\/\/fundaciohospitalariesmartorell.org\/entre-tots\/author\/daniel\/"},"comments_num_v2":"0 comments","_links":{"self":[{"href":"https:\/\/fundaciohospitalariesmartorell.org\/entre-tots\/wp-json\/wp\/v2\/posts\/5962","targetHints":{"allow":["GET"]}}],"collection":[{"href":"https:\/\/fundaciohospitalariesmartorell.org\/entre-tots\/wp-json\/wp\/v2\/posts"}],"about":[{"href":"https:\/\/fundaciohospitalariesmartorell.org\/entre-tots\/wp-json\/wp\/v2\/types\/post"}],"author":[{"embeddable":true,"href":"https:\/\/fundaciohospitalariesmartorell.org\/entre-tots\/wp-json\/wp\/v2\/users\/2"}],"replies":[{"embeddable":true,"href":"https:\/\/fundaciohospitalariesmartorell.org\/entre-tots\/wp-json\/wp\/v2\/comments?post=5962"}],"version-history":[{"count":20,"href":"https:\/\/fundaciohospitalariesmartorell.org\/entre-tots\/wp-json\/wp\/v2\/posts\/5962\/revisions"}],"predecessor-version":[{"id":6096,"href":"https:\/\/fundaciohospitalariesmartorell.org\/entre-tots\/wp-json\/wp\/v2\/posts\/5962\/revisions\/6096"}],"wp:featuredmedia":[{"embeddable":true,"href":"https:\/\/fundaciohospitalariesmartorell.org\/entre-tots\/wp-json\/wp\/v2\/media\/6095"}],"wp:attachment":[{"href":"https:\/\/fundaciohospitalariesmartorell.org\/entre-tots\/wp-json\/wp\/v2\/media?parent=5962"}],"wp:term":[{"taxonomy":"category","embeddable":true,"href":"https:\/\/fundaciohospitalariesmartorell.org\/entre-tots\/wp-json\/wp\/v2\/categories?post=5962"},{"taxonomy":"post_tag","embeddable":true,"href":"https:\/\/fundaciohospitalariesmartorell.org\/entre-tots\/wp-json\/wp\/v2\/tags?post=5962"}],"curies":[{"name":"wp","href":"https:\/\/api.w.org\/{rel}","templated":true}]}}