{"id":6040,"date":"2023-03-29T12:44:14","date_gmt":"2023-03-29T10:44:14","guid":{"rendered":"https:\/\/newweb.hospitalsagratcormartorell.org\/entre-tots\/?p=6040"},"modified":"2023-03-30T16:24:10","modified_gmt":"2023-03-30T14:24:10","slug":"consum-dalcohol-a-les-persones-grans-de-forma-abusiva","status":"publish","type":"post","link":"https:\/\/fundaciohospitalariesmartorell.org\/entre-tots\/2023\/03\/consum-dalcohol-a-les-persones-grans-de-forma-abusiva\/","title":{"rendered":"Consum abusiu d&#8217;alcohol en les persones grans"},"content":{"rendered":"\n<p>La meitat de les persones grans consumeixen alcohol de manera abusiva i no se\u2019ls ha diagnosticat alcoholisme. Aquesta q\u00fcesti\u00f3 es va tractar al XVI Curs d\u2019Actualitzaci\u00f3 en Psicogeriatria, impulsat conjuntament per l\u2019Hospital Sagrat Cor i la Universitat Aut\u00f2noma de Barcelona, que es va celebrar a finals de febrer. El doctor Manel S\u00e1nchez, subdirector m\u00e8dic del nostre Centre, va parlar-ne al programa <em><a href=\"https:\/\/www.rtve.es\/play\/audios\/de-boca-a-orella\/consum-alcohol-persones-grans\/6834887\/\" target=\"_blank\" rel=\"noreferrer noopener\">De boca a orella<\/a><\/em> de R\u00e0dio 4.<\/p>\n","protected":false},"excerpt":{"rendered":"<p>La meitat de les persones grans consumeixen alcohol de manera abusiva i no se\u2019ls ha diagnosticat alcoholisme. Aquesta q\u00fcesti\u00f3 es va tractar al XVI Curs d\u2019Actualitzaci\u00f3 en Psicogeriatria, impulsat conjuntament per l\u2019Hospital Sagrat Cor i la Universitat Aut\u00f2noma de Barcelona, que es va celebrar a finals de febrer. El doctor Manel S\u00e1nchez, subdirector m\u00e8dic del [&hellip;]<\/p>\n","protected":false},"author":2,"featured_media":0,"comment_status":"closed","ping_status":"closed","sticky":false,"template":"","format":"standard","meta":{"footnotes":""},"categories":[44],"tags":[],"class_list":["post-6040","post","type-post","status-publish","format-standard","hentry","category-entre-noticies"],"blocksy_meta":{"styles_descriptor":{"styles":{"desktop":"","tablet":"","mobile":""},"google_fonts":[],"version":6}},"featured_image_urls_v2":{"full":"","thumbnail":"","medium":"","medium_large":"","large":"","1536x1536":"","2048x2048":"","mailpoet_newsletter_max":""},"post_excerpt_stackable_v2":"<p>La meitat de les persones grans consumeixen alcohol de manera abusiva i no se\u2019ls ha diagnosticat alcoholisme. Aquesta q\u00fcesti\u00f3 es va tractar al XVI Curs d\u2019Actualitzaci\u00f3 en Psicogeriatria, impulsat conjuntament per l\u2019Hospital Sagrat Cor i la Universitat Aut\u00f2noma de Barcelona, que es va celebrar a finals de febrer. El doctor Manel S\u00e1nchez, subdirector m\u00e8dic del nostre Centre, va parlar-ne al programa De boca a orella de R\u00e0dio 4.<\/p>\n","category_list_v2":"<a href=\"https:\/\/fundaciohospitalariesmartorell.org\/entre-tots\/category\/entre-noticies\/\" rel=\"category tag\">ENTRE NOT\u00cdCIES<\/a>","author_info_v2":{"name":"Sagrat Cor","url":"https:\/\/fundaciohospitalariesmartorell.org\/entre-tots\/author\/daniel\/"},"comments_num_v2":"0 comments","_links":{"self":[{"href":"https:\/\/fundaciohospitalariesmartorell.org\/entre-tots\/wp-json\/wp\/v2\/posts\/6040","targetHints":{"allow":["GET"]}}],"collection":[{"href":"https:\/\/fundaciohospitalariesmartorell.org\/entre-tots\/wp-json\/wp\/v2\/posts"}],"about":[{"href":"https:\/\/fundaciohospitalariesmartorell.org\/entre-tots\/wp-json\/wp\/v2\/types\/post"}],"author":[{"embeddable":true,"href":"https:\/\/fundaciohospitalariesmartorell.org\/entre-tots\/wp-json\/wp\/v2\/users\/2"}],"replies":[{"embeddable":true,"href":"https:\/\/fundaciohospitalariesmartorell.org\/entre-tots\/wp-json\/wp\/v2\/comments?post=6040"}],"version-history":[{"count":3,"href":"https:\/\/fundaciohospitalariesmartorell.org\/entre-tots\/wp-json\/wp\/v2\/posts\/6040\/revisions"}],"predecessor-version":[{"id":6093,"href":"https:\/\/fundaciohospitalariesmartorell.org\/entre-tots\/wp-json\/wp\/v2\/posts\/6040\/revisions\/6093"}],"wp:attachment":[{"href":"https:\/\/fundaciohospitalariesmartorell.org\/entre-tots\/wp-json\/wp\/v2\/media?parent=6040"}],"wp:term":[{"taxonomy":"category","embeddable":true,"href":"https:\/\/fundaciohospitalariesmartorell.org\/entre-tots\/wp-json\/wp\/v2\/categories?post=6040"},{"taxonomy":"post_tag","embeddable":true,"href":"https:\/\/fundaciohospitalariesmartorell.org\/entre-tots\/wp-json\/wp\/v2\/tags?post=6040"}],"curies":[{"name":"wp","href":"https:\/\/api.w.org\/{rel}","templated":true}]}}