{"id":6043,"date":"2023-03-29T12:48:20","date_gmt":"2023-03-29T10:48:20","guid":{"rendered":"https:\/\/newweb.hospitalsagratcormartorell.org\/entre-tots\/?p=6043"},"modified":"2023-03-30T16:22:45","modified_gmt":"2023-03-30T14:22:45","slug":"roger-ballesca-parlant-del-bullying","status":"publish","type":"post","link":"https:\/\/fundaciohospitalariesmartorell.org\/entre-tots\/2023\/03\/roger-ballesca-parlant-del-bullying\/","title":{"rendered":"Roger Ballesc\u00e0 parla del <em>bullying<\/em>"},"content":{"rendered":"<figure class=\"wp-block-post-featured-image\"><img loading=\"lazy\" decoding=\"async\" width=\"1972\" height=\"1050\" src=\"https:\/\/fundaciohospitalariesmartorell.org\/entre-tots\/wp-content\/uploads\/2023\/03\/Captura-de-pantalla-2023-03-30-a-las-13.14.17.png\" class=\"attachment-post-thumbnail size-post-thumbnail wp-post-image\" alt=\"\" style=\"object-fit:cover;\" \/><\/figure>\n\n\n<p>Catalunya ha estat escenari de diversos casos d\u2019assetjament escolar o <em>bullying<\/em>. El programa <em><a href=\"https:\/\/www.cuatro.com\/cuatroaldia\/findesemana\/20230311\/desgarrador-testimonio-madre-hija-intento-suicidarse-bullying_18_08968473.html\" target=\"_blank\" rel=\"noreferrer noopener\">Al d\u00eda<\/a><\/em> de la cadena de televisi\u00f3 Cuatro va tractar aquesta problem\u00e0tica i hi va convidar el nostre psic\u00f2leg, Roger Ballesc\u00e0, per parlar-ne.<\/p>\n","protected":false},"excerpt":{"rendered":"<p>Catalunya ha estat escenari de diversos casos d\u2019assetjament escolar o bullying. El programa Al d\u00eda de la cadena de televisi\u00f3 Cuatro va tractar aquesta problem\u00e0tica i hi va convidar el nostre psic\u00f2leg, Roger Ballesc\u00e0, per parlar-ne.<\/p>\n","protected":false},"author":2,"featured_media":6090,"comment_status":"closed","ping_status":"closed","sticky":false,"template":"","format":"standard","meta":{"footnotes":""},"categories":[44],"tags":[],"class_list":["post-6043","post","type-post","status-publish","format-standard","has-post-thumbnail","hentry","category-entre-noticies"],"blocksy_meta":{"styles_descriptor":{"styles":{"desktop":"","tablet":"","mobile":""},"google_fonts":[],"version":6}},"featured_image_urls_v2":{"full":["https:\/\/fundaciohospitalariesmartorell.org\/entre-tots\/wp-content\/uploads\/2023\/03\/Captura-de-pantalla-2023-03-30-a-las-13.14.17.png",1972,1050,false],"thumbnail":["https:\/\/fundaciohospitalariesmartorell.org\/entre-tots\/wp-content\/uploads\/2023\/03\/Captura-de-pantalla-2023-03-30-a-las-13.14.17.png",150,80,false],"medium":["https:\/\/fundaciohospitalariesmartorell.org\/entre-tots\/wp-content\/uploads\/2023\/03\/Captura-de-pantalla-2023-03-30-a-las-13.14.17.png",300,160,false],"medium_large":["https:\/\/fundaciohospitalariesmartorell.org\/entre-tots\/wp-content\/uploads\/2023\/03\/Captura-de-pantalla-2023-03-30-a-las-13.14.17.png",768,409,false],"large":["https:\/\/fundaciohospitalariesmartorell.org\/entre-tots\/wp-content\/uploads\/2023\/03\/Captura-de-pantalla-2023-03-30-a-las-13.14.17.png",1024,545,false],"1536x1536":["https:\/\/fundaciohospitalariesmartorell.org\/entre-tots\/wp-content\/uploads\/2023\/03\/Captura-de-pantalla-2023-03-30-a-las-13.14.17.png",1536,818,false],"2048x2048":["https:\/\/fundaciohospitalariesmartorell.org\/entre-tots\/wp-content\/uploads\/2023\/03\/Captura-de-pantalla-2023-03-30-a-las-13.14.17.png",1972,1050,false],"mailpoet_newsletter_max":["https:\/\/fundaciohospitalariesmartorell.org\/entre-tots\/wp-content\/uploads\/2023\/03\/Captura-de-pantalla-2023-03-30-a-las-13.14.17.png",1320,703,false]},"post_excerpt_stackable_v2":"<p>Catalunya ha estat escenari de diversos casos d\u2019assetjament escolar o bullying. El programa Al d\u00eda de la cadena de televisi\u00f3 Cuatro va tractar aquesta problem\u00e0tica i hi va convidar el nostre psic\u00f2leg, Roger Ballesc\u00e0, per parlar-ne.<\/p>\n","category_list_v2":"<a href=\"https:\/\/fundaciohospitalariesmartorell.org\/entre-tots\/category\/entre-noticies\/\" rel=\"category tag\">ENTRE NOT\u00cdCIES<\/a>","author_info_v2":{"name":"Sagrat Cor","url":"https:\/\/fundaciohospitalariesmartorell.org\/entre-tots\/author\/daniel\/"},"comments_num_v2":"0 comments","_links":{"self":[{"href":"https:\/\/fundaciohospitalariesmartorell.org\/entre-tots\/wp-json\/wp\/v2\/posts\/6043","targetHints":{"allow":["GET"]}}],"collection":[{"href":"https:\/\/fundaciohospitalariesmartorell.org\/entre-tots\/wp-json\/wp\/v2\/posts"}],"about":[{"href":"https:\/\/fundaciohospitalariesmartorell.org\/entre-tots\/wp-json\/wp\/v2\/types\/post"}],"author":[{"embeddable":true,"href":"https:\/\/fundaciohospitalariesmartorell.org\/entre-tots\/wp-json\/wp\/v2\/users\/2"}],"replies":[{"embeddable":true,"href":"https:\/\/fundaciohospitalariesmartorell.org\/entre-tots\/wp-json\/wp\/v2\/comments?post=6043"}],"version-history":[{"count":6,"href":"https:\/\/fundaciohospitalariesmartorell.org\/entre-tots\/wp-json\/wp\/v2\/posts\/6043\/revisions"}],"predecessor-version":[{"id":6091,"href":"https:\/\/fundaciohospitalariesmartorell.org\/entre-tots\/wp-json\/wp\/v2\/posts\/6043\/revisions\/6091"}],"wp:featuredmedia":[{"embeddable":true,"href":"https:\/\/fundaciohospitalariesmartorell.org\/entre-tots\/wp-json\/wp\/v2\/media\/6090"}],"wp:attachment":[{"href":"https:\/\/fundaciohospitalariesmartorell.org\/entre-tots\/wp-json\/wp\/v2\/media?parent=6043"}],"wp:term":[{"taxonomy":"category","embeddable":true,"href":"https:\/\/fundaciohospitalariesmartorell.org\/entre-tots\/wp-json\/wp\/v2\/categories?post=6043"},{"taxonomy":"post_tag","embeddable":true,"href":"https:\/\/fundaciohospitalariesmartorell.org\/entre-tots\/wp-json\/wp\/v2\/tags?post=6043"}],"curies":[{"name":"wp","href":"https:\/\/api.w.org\/{rel}","templated":true}]}}