{"id":6110,"date":"2023-04-25T12:01:06","date_gmt":"2023-04-25T10:01:06","guid":{"rendered":"https:\/\/newweb.hospitalsagratcormartorell.org\/entre-tots\/?p=6110"},"modified":"2023-05-02T13:23:17","modified_gmt":"2023-05-02T11:23:17","slug":"trobada-de-responsables-de-coordinacio-de-salut-mental-dadults","status":"publish","type":"post","link":"https:\/\/fundaciohospitalariesmartorell.org\/entre-tots\/2023\/04\/trobada-de-responsables-de-coordinacio-de-salut-mental-dadults\/","title":{"rendered":"Trobada de responsables de coordinaci\u00f3 de Salut Mental d\u2019Adults"},"content":{"rendered":"<figure class=\"wp-block-post-featured-image\"><img loading=\"lazy\" decoding=\"async\" width=\"1600\" height=\"995\" src=\"https:\/\/fundaciohospitalariesmartorell.org\/entre-tots\/wp-content\/uploads\/2023\/04\/IMG-20230413-WA0004.jpg\" class=\"attachment-post-thumbnail size-post-thumbnail wp-post-image\" alt=\"\" style=\"object-fit:cover;\" \/><\/figure>\n\n\n<p>Els dies 11 i 12 d\u2019abril la Direcci\u00f3 de Projectes Assistencials de l\u2019Hospital Sagrat Cor va impulsar l\u2019organitzaci\u00f3 de dues trobades entre responsables d\u2019equips assistencials, tant m\u00e8dics com d\u2019infermeria, de Salut Mental d\u2019Adults entre el nostre Hospital i el de Sant Rafael. Aix\u00ed, hi van participar els responsables d\u2019Hospitalitzaci\u00f3 d\u2019Aguts, de Patologia Dual, d\u2019Hospitalitzaci\u00f3 Parcial, d\u2019Hospitalitzaci\u00f3 Domicili\u00e0ria i d\u2019Urg\u00e8ncies. La primera trobada va tenir lloc a l\u2019Hospital Sant Rafael i la segona al nostre Centre. En ambdues els responsables van fer exposicions sobre els seus serveis i es va poder visitar els espais on s\u2019ofereixen.<\/p>\n\n\n\n<p>L\u2019objectiu d\u2019aquestes trobades \u00e9s millorar el coneixement mutu dels serveis, dels equips de professionals i de les realitats de cada hospital. \u201cS\u2019hi van posar en com\u00fa temes i projectes assistencials, de recerca i de doc\u00e8ncia\u201d, explica la doctora Anna C\u00e0rol P\u00e9rez, directora de Projectes Assistencials de l\u2019Hospital Sagrat Cor, que afegeix que, a m\u00e9s, tamb\u00e9 es van poder concretar possibles l\u00ednies de treball, propostes de col\u00b7laboracions i sinergies, aix\u00ed com un operatiu per tal de desenvolupar-les.<\/p>\n\n\n\n<figure class=\"wp-block-image size-full\"><img loading=\"lazy\" decoding=\"async\" width=\"1024\" height=\"768\" src=\"https:\/\/hospitalsagratcormartorell.org\/entre-tots\/wp-content\/uploads\/2023\/04\/IMG-20230411-WA0006.jpg\" alt=\"\" class=\"wp-image-6112\"\/><\/figure>\n\n\n\n<p>Despr\u00e9s d\u2019aquesta primera trobada, se n\u2019estan organitzant d\u2019altres amb els responsables de l\u2019\u00c0rea de Medicina Interna i Sociosanit\u00e0ria, i de l\u2019\u00c0rea de Salut Mental Infantojuvenil dels dos centres. Les de Medicina Interna i Sociosanit\u00e0ria seran el 16 i 17 de maig, amb el mateix format que la d\u2019abril i la de Salut Mental Infantojuvenil ser\u00e0 al juny.<\/p>\n","protected":false},"excerpt":{"rendered":"<p>Els dies 11 i 12 d\u2019abril la Direcci\u00f3 de Projectes Assistencials de l\u2019Hospital Sagrat Cor va impulsar l\u2019organitzaci\u00f3 de dues trobades entre responsables d\u2019equips assistencials, tant m\u00e8dics com d\u2019infermeria, de Salut Mental d\u2019Adults entre el nostre Hospital i el de Sant Rafael. Aix\u00ed, hi van participar els responsables d\u2019Hospitalitzaci\u00f3 d\u2019Aguts, de Patologia Dual, d\u2019Hospitalitzaci\u00f3 Parcial, [&hellip;]<\/p>\n","protected":false},"author":2,"featured_media":6113,"comment_status":"closed","ping_status":"closed","sticky":false,"template":"","format":"standard","meta":{"footnotes":""},"categories":[27],"tags":[],"class_list":["post-6110","post","type-post","status-publish","format-standard","has-post-thumbnail","hentry","category-actualitat"],"blocksy_meta":{"styles_descriptor":{"styles":{"desktop":"","tablet":"","mobile":""},"google_fonts":[],"version":6}},"featured_image_urls_v2":{"full":["https:\/\/fundaciohospitalariesmartorell.org\/entre-tots\/wp-content\/uploads\/2023\/04\/IMG-20230413-WA0004.jpg",1600,995,false],"thumbnail":["https:\/\/fundaciohospitalariesmartorell.org\/entre-tots\/wp-content\/uploads\/2023\/04\/IMG-20230413-WA0004.jpg",150,93,false],"medium":["https:\/\/fundaciohospitalariesmartorell.org\/entre-tots\/wp-content\/uploads\/2023\/04\/IMG-20230413-WA0004.jpg",300,187,false],"medium_large":["https:\/\/fundaciohospitalariesmartorell.org\/entre-tots\/wp-content\/uploads\/2023\/04\/IMG-20230413-WA0004.jpg",768,478,false],"large":["https:\/\/fundaciohospitalariesmartorell.org\/entre-tots\/wp-content\/uploads\/2023\/04\/IMG-20230413-WA0004.jpg",1024,637,false],"1536x1536":["https:\/\/fundaciohospitalariesmartorell.org\/entre-tots\/wp-content\/uploads\/2023\/04\/IMG-20230413-WA0004.jpg",1536,955,false],"2048x2048":["https:\/\/fundaciohospitalariesmartorell.org\/entre-tots\/wp-content\/uploads\/2023\/04\/IMG-20230413-WA0004.jpg",1600,995,false],"mailpoet_newsletter_max":["https:\/\/fundaciohospitalariesmartorell.org\/entre-tots\/wp-content\/uploads\/2023\/04\/IMG-20230413-WA0004.jpg",1320,821,false]},"post_excerpt_stackable_v2":"<p>Els dies 11 i 12 d\u2019abril la Direcci\u00f3 de Projectes Assistencials de l\u2019Hospital Sagrat Cor va impulsar l\u2019organitzaci\u00f3 de dues trobades entre responsables d\u2019equips assistencials, tant m\u00e8dics com d\u2019infermeria, de Salut Mental d\u2019Adults entre el nostre Hospital i el de Sant Rafael. Aix\u00ed, hi van participar els responsables d\u2019Hospitalitzaci\u00f3 d\u2019Aguts, de Patologia Dual, d\u2019Hospitalitzaci\u00f3 Parcial, d\u2019Hospitalitzaci\u00f3 Domicili\u00e0ria i d\u2019Urg\u00e8ncies. La primera trobada va tenir lloc a l\u2019Hospital Sant Rafael i la segona al nostre Centre. En ambdues els responsables van fer exposicions sobre els seus serveis i es va poder visitar els espais on s\u2019ofereixen. L\u2019objectiu d\u2019aquestes trobades \u00e9s millorar&hellip;<\/p>\n","category_list_v2":"<a href=\"https:\/\/fundaciohospitalariesmartorell.org\/entre-tots\/category\/actualitat\/\" rel=\"category tag\">ACTUALITAT<\/a>","author_info_v2":{"name":"Sagrat Cor","url":"https:\/\/fundaciohospitalariesmartorell.org\/entre-tots\/author\/daniel\/"},"comments_num_v2":"0 comments","_links":{"self":[{"href":"https:\/\/fundaciohospitalariesmartorell.org\/entre-tots\/wp-json\/wp\/v2\/posts\/6110","targetHints":{"allow":["GET"]}}],"collection":[{"href":"https:\/\/fundaciohospitalariesmartorell.org\/entre-tots\/wp-json\/wp\/v2\/posts"}],"about":[{"href":"https:\/\/fundaciohospitalariesmartorell.org\/entre-tots\/wp-json\/wp\/v2\/types\/post"}],"author":[{"embeddable":true,"href":"https:\/\/fundaciohospitalariesmartorell.org\/entre-tots\/wp-json\/wp\/v2\/users\/2"}],"replies":[{"embeddable":true,"href":"https:\/\/fundaciohospitalariesmartorell.org\/entre-tots\/wp-json\/wp\/v2\/comments?post=6110"}],"version-history":[{"count":4,"href":"https:\/\/fundaciohospitalariesmartorell.org\/entre-tots\/wp-json\/wp\/v2\/posts\/6110\/revisions"}],"predecessor-version":[{"id":6213,"href":"https:\/\/fundaciohospitalariesmartorell.org\/entre-tots\/wp-json\/wp\/v2\/posts\/6110\/revisions\/6213"}],"wp:featuredmedia":[{"embeddable":true,"href":"https:\/\/fundaciohospitalariesmartorell.org\/entre-tots\/wp-json\/wp\/v2\/media\/6113"}],"wp:attachment":[{"href":"https:\/\/fundaciohospitalariesmartorell.org\/entre-tots\/wp-json\/wp\/v2\/media?parent=6110"}],"wp:term":[{"taxonomy":"category","embeddable":true,"href":"https:\/\/fundaciohospitalariesmartorell.org\/entre-tots\/wp-json\/wp\/v2\/categories?post=6110"},{"taxonomy":"post_tag","embeddable":true,"href":"https:\/\/fundaciohospitalariesmartorell.org\/entre-tots\/wp-json\/wp\/v2\/tags?post=6110"}],"curies":[{"name":"wp","href":"https:\/\/api.w.org\/{rel}","templated":true}]}}