{"id":6119,"date":"2023-04-25T12:18:11","date_gmt":"2023-04-25T10:18:11","guid":{"rendered":"https:\/\/newweb.hospitalsagratcormartorell.org\/entre-tots\/?p=6119"},"modified":"2023-05-02T13:23:09","modified_gmt":"2023-05-02T11:23:09","slug":"experiencia-de-noviciat-dun-jesuita-a-lhospital-sagrat-cor","status":"publish","type":"post","link":"https:\/\/fundaciohospitalariesmartorell.org\/entre-tots\/2023\/04\/experiencia-de-noviciat-dun-jesuita-a-lhospital-sagrat-cor\/","title":{"rendered":"Experi\u00e8ncia de noviciat d\u2019un jesu\u00efta a l\u2019Hospital Sagrat Cor"},"content":{"rendered":"<figure class=\"wp-block-post-featured-image\"><img loading=\"lazy\" decoding=\"async\" width=\"1375\" height=\"1600\" src=\"https:\/\/fundaciohospitalariesmartorell.org\/entre-tots\/wp-content\/uploads\/2023\/04\/20230404-LUIS-BUSTO_01.jpg\" class=\"attachment-post-thumbnail size-post-thumbnail wp-post-image\" alt=\"\" style=\"object-fit:cover;\" \/><\/figure>\n\n\n<p>Llu\u00eds Busto t\u00e9 27 anys i \u00e9s de Barcelona. Va estudiar al Col\u00b7legi Sant Ignasi&nbsp;Sarri\u00e0 i va cursar el grau de Qu\u00edmica a l\u2019IQS i un m\u00e0ster en Qu\u00edmica Farmac\u00e8utica a la mateixa instituci\u00f3 educativa. \u201cVolia ser professor universitari de Qu\u00edmica i vaig anar a fer la tesi a Chicago, i all\u00e0 va ser quan cada vegada em feia m\u00e9s sovint la pregunta de si la meva vocaci\u00f3 era dedicar la meva vida a l\u2019altre\u201d, recorda.<\/p>\n\n\n\n<p>Al setembre de 2021 va iniciar el noviciat, el qual t\u00e9 una durada de dos anys i on es viuen m\u00faltiples experi\u00e8ncies: espirituals, com el mes de silenci i oraci\u00f3; de servei a hospitals -la que va realitzar al nostre Centre-, de peregrinaci\u00f3 sense diners, de viv\u00e8ncia en comunitats\u2026 \u201cSovint confonem urgent amb important. El noviciat ens ajuda a diferenciar els dos termes; representa una gran oportunitat per con\u00e8ixer-se a un mateix\u201d, assevera.<\/p>\n\n\n\n<p>Llu\u00eds Busto va arribar a l\u2019Hospital Sagrat Cor l\u20191 de mar\u00e7 i en va marxar el 10 d\u2019abril. Explica que els 40 dies que hi ha viscut han estat profundament enriquidors. Primer va estar a P1, on donava un cop de m\u00e0 als auxiliars amb les higienes, donant de menjar les persones usu\u00e0ries, fent-los companyia a les habitacions, especialment a aquelles que estaven m\u00e9s soles&#8230; Despr\u00e9s, a la Unitat de Patologia Dual, on va realitzar, sobretot, tasques d\u2019acompanyament. Va aprendre molt assistint a sessions terap\u00e8utiques i va animar algunes activitats d\u2019esport i lleure, a m\u00e9s d\u2019un taller de cor. Durant aquest temps va ser acollit a la comunitat de les Germanes Hospital\u00e0ries, amb qui va compartir el seu dia a dia de missi\u00f3, oraci\u00f3 i vida comunit\u00e0ria.<\/p>\n\n\n\n<figure class=\"wp-block-image size-full\"><img loading=\"lazy\" decoding=\"async\" width=\"1600\" height=\"1200\" src=\"https:\/\/hospitalsagratcormartorell.org\/entre-tots\/wp-content\/uploads\/2023\/04\/20230404-LUIS-BUSTO_02.jpg\" alt=\"\" class=\"wp-image-6122\"\/><\/figure>\n\n\n\n<p>Nom\u00e9s t\u00e9 paraules d\u2019agra\u00efment per l\u2019etapa de formaci\u00f3 al nostre Centre, per l\u2019acollida i la gran predisposici\u00f3 de tots els professionals a explicar-li les coses, facilitant en gran mesura el seu aprenentatge. \u201cHe descobert el significat de l\u2019atenci\u00f3 integral a la persona, els avantatges de tractar el pacient des de diversos vessants\u201d, afirma. \u201cM\u2019ha marcat molt l\u2019experi\u00e8ncia, trobar D\u00e9u en la persona que pateix i anar responent en funci\u00f3 d\u2019all\u00f2 que necessita en cada moment\u201d.<\/p>\n\n\n\n<p>Sobre el moment actual de la religi\u00f3, Llu\u00eds Busto indica que externament hi ha pocs inputs avui dia que afavoreixin apostar per la vida religiosa. Tanmateix, segons Busto, la crisi de les vocacions comporta que aquelles persones que decideixen entregar la seva vida a D\u00e9u ho facin des del seu sentit profund i la passi\u00f3 per viure i dur a les persones la Bona Not\u00edcia de Jes\u00fas. \u201cEl moment present \u00e9s una oportunitat per l\u2019autenticitat d\u2019aquells que es dediquen a la vida consagrada, per ser signe d\u2019esperan\u00e7a en una societat que tan sovint la perd -i amb ella el sentit i els l\u00edmits de la pr\u00f2pia exist\u00e8ncia-, aix\u00ed com per avan\u00e7ar i fer cr\u00e9ixer la missi\u00f3 hospital\u00e0ria, igual que est\u00e0 fent la vostra Congregaci\u00f3\u201d, conclou.<\/p>\n","protected":false},"excerpt":{"rendered":"<p>Llu\u00eds Busto t\u00e9 27 anys i \u00e9s de Barcelona. Va estudiar al Col\u00b7legi Sant Ignasi&nbsp;Sarri\u00e0 i va cursar el grau de Qu\u00edmica a l\u2019IQS i un m\u00e0ster en Qu\u00edmica Farmac\u00e8utica a la mateixa instituci\u00f3 educativa. \u201cVolia ser professor universitari de Qu\u00edmica i vaig anar a fer la tesi a Chicago, i all\u00e0 va ser quan [&hellip;]<\/p>\n","protected":false},"author":2,"featured_media":6121,"comment_status":"closed","ping_status":"closed","sticky":false,"template":"","format":"standard","meta":{"footnotes":""},"categories":[27],"tags":[],"class_list":["post-6119","post","type-post","status-publish","format-standard","has-post-thumbnail","hentry","category-actualitat"],"blocksy_meta":{"styles_descriptor":{"styles":{"desktop":"","tablet":"","mobile":""},"google_fonts":[],"version":6}},"featured_image_urls_v2":{"full":["https:\/\/fundaciohospitalariesmartorell.org\/entre-tots\/wp-content\/uploads\/2023\/04\/20230404-LUIS-BUSTO_01.jpg",1375,1600,false],"thumbnail":["https:\/\/fundaciohospitalariesmartorell.org\/entre-tots\/wp-content\/uploads\/2023\/04\/20230404-LUIS-BUSTO_01.jpg",129,150,false],"medium":["https:\/\/fundaciohospitalariesmartorell.org\/entre-tots\/wp-content\/uploads\/2023\/04\/20230404-LUIS-BUSTO_01.jpg",258,300,false],"medium_large":["https:\/\/fundaciohospitalariesmartorell.org\/entre-tots\/wp-content\/uploads\/2023\/04\/20230404-LUIS-BUSTO_01.jpg",768,894,false],"large":["https:\/\/fundaciohospitalariesmartorell.org\/entre-tots\/wp-content\/uploads\/2023\/04\/20230404-LUIS-BUSTO_01.jpg",880,1024,false],"1536x1536":["https:\/\/fundaciohospitalariesmartorell.org\/entre-tots\/wp-content\/uploads\/2023\/04\/20230404-LUIS-BUSTO_01.jpg",1320,1536,false],"2048x2048":["https:\/\/fundaciohospitalariesmartorell.org\/entre-tots\/wp-content\/uploads\/2023\/04\/20230404-LUIS-BUSTO_01.jpg",1375,1600,false],"mailpoet_newsletter_max":["https:\/\/fundaciohospitalariesmartorell.org\/entre-tots\/wp-content\/uploads\/2023\/04\/20230404-LUIS-BUSTO_01.jpg",1320,1536,false]},"post_excerpt_stackable_v2":"<p>Llu\u00eds Busto t\u00e9 27 anys i \u00e9s de Barcelona. Va estudiar al Col\u00b7legi Sant Ignasi&nbsp;Sarri\u00e0 i va cursar el grau de Qu\u00edmica a l\u2019IQS i un m\u00e0ster en Qu\u00edmica Farmac\u00e8utica a la mateixa instituci\u00f3 educativa. \u201cVolia ser professor universitari de Qu\u00edmica i vaig anar a fer la tesi a Chicago, i all\u00e0 va ser quan cada vegada em feia m\u00e9s sovint la pregunta de si la meva vocaci\u00f3 era dedicar la meva vida a l\u2019altre\u201d, recorda. Al setembre de 2021 va iniciar el noviciat, el qual t\u00e9 una durada de dos anys i on es viuen m\u00faltiples experi\u00e8ncies: espirituals, com&hellip;<\/p>\n","category_list_v2":"<a href=\"https:\/\/fundaciohospitalariesmartorell.org\/entre-tots\/category\/actualitat\/\" rel=\"category tag\">ACTUALITAT<\/a>","author_info_v2":{"name":"Sagrat Cor","url":"https:\/\/fundaciohospitalariesmartorell.org\/entre-tots\/author\/daniel\/"},"comments_num_v2":"0 comments","_links":{"self":[{"href":"https:\/\/fundaciohospitalariesmartorell.org\/entre-tots\/wp-json\/wp\/v2\/posts\/6119","targetHints":{"allow":["GET"]}}],"collection":[{"href":"https:\/\/fundaciohospitalariesmartorell.org\/entre-tots\/wp-json\/wp\/v2\/posts"}],"about":[{"href":"https:\/\/fundaciohospitalariesmartorell.org\/entre-tots\/wp-json\/wp\/v2\/types\/post"}],"author":[{"embeddable":true,"href":"https:\/\/fundaciohospitalariesmartorell.org\/entre-tots\/wp-json\/wp\/v2\/users\/2"}],"replies":[{"embeddable":true,"href":"https:\/\/fundaciohospitalariesmartorell.org\/entre-tots\/wp-json\/wp\/v2\/comments?post=6119"}],"version-history":[{"count":3,"href":"https:\/\/fundaciohospitalariesmartorell.org\/entre-tots\/wp-json\/wp\/v2\/posts\/6119\/revisions"}],"predecessor-version":[{"id":6278,"href":"https:\/\/fundaciohospitalariesmartorell.org\/entre-tots\/wp-json\/wp\/v2\/posts\/6119\/revisions\/6278"}],"wp:featuredmedia":[{"embeddable":true,"href":"https:\/\/fundaciohospitalariesmartorell.org\/entre-tots\/wp-json\/wp\/v2\/media\/6121"}],"wp:attachment":[{"href":"https:\/\/fundaciohospitalariesmartorell.org\/entre-tots\/wp-json\/wp\/v2\/media?parent=6119"}],"wp:term":[{"taxonomy":"category","embeddable":true,"href":"https:\/\/fundaciohospitalariesmartorell.org\/entre-tots\/wp-json\/wp\/v2\/categories?post=6119"},{"taxonomy":"post_tag","embeddable":true,"href":"https:\/\/fundaciohospitalariesmartorell.org\/entre-tots\/wp-json\/wp\/v2\/tags?post=6119"}],"curies":[{"name":"wp","href":"https:\/\/api.w.org\/{rel}","templated":true}]}}