{"id":6124,"date":"2023-04-25T12:22:36","date_gmt":"2023-04-25T10:22:36","guid":{"rendered":"https:\/\/newweb.hospitalsagratcormartorell.org\/entre-tots\/?p=6124"},"modified":"2023-05-02T13:23:02","modified_gmt":"2023-05-02T11:23:02","slug":"formem-sobre-la-importancia-de-la-salut-mental-perinatal","status":"publish","type":"post","link":"https:\/\/fundaciohospitalariesmartorell.org\/entre-tots\/2023\/04\/formem-sobre-la-importancia-de-la-salut-mental-perinatal\/","title":{"rendered":"Formem sobre la import\u00e0ncia de la salut mental perinatal"},"content":{"rendered":"<figure class=\"wp-block-post-featured-image\"><img loading=\"lazy\" decoding=\"async\" width=\"1600\" height=\"1200\" src=\"https:\/\/fundaciohospitalariesmartorell.org\/entre-tots\/wp-content\/uploads\/2023\/04\/Sin-titulo-7.jpg\" class=\"attachment-post-thumbnail size-post-thumbnail wp-post-image\" alt=\"\" style=\"object-fit:cover;\" \/><\/figure>\n\n\n<p>L\u2019abordatge de la salut mental perinatal requereix una formaci\u00f3 espec\u00edfica del personal professional implicat en aquesta etapa, per tal de poder detectar tant problemes com patologies mentals que requereixin una intervenci\u00f3 durant l\u2019embar\u00e0s i el postpart. Amb aquest objectiu s\u2019ha posat en marxa un curs de salut mental perinatal fruit de la col\u00b7laboraci\u00f3 entre el Centre de Salut Mental d\u2019Adults (CSMA) de l\u2019Hospital Sagrat Cor i l\u2019Equip d\u2019Atenci\u00f3 a la Salut Sexual i Reproductiva (ASSIR) del Baix Llobregat Nord. La col\u00b7laboraci\u00f3 entre ambdues entitats es va iniciar el 2017 i a dia d\u2019avui realitzen, de manera bimensual, reunions de coordinaci\u00f3 de casos.<\/p>\n\n\n\n<p>Es tracta d&#8217;un curs multidisciplinari que ha congregat, sobretot, professionals de la ginecologia, llevadores i TCAI. Consta de quatre sessions amb un enfocament pr\u00e0ctic, la primera de les quals va tenir lloc el passat 31 de mar\u00e7, i l&#8217;\u00faltima ser\u00e0 el 2 de juny.<\/p>\n\n\n\n<p>\u201cA l&#8217;etapa perinatal pot apar\u00e8ixer una major vulnerabilitat emocional en algunes dones, depenent de factors personals, biol\u00f2gics i contextuals que se succeeixin durant l&#8217;embar\u00e0s\u201d, explica Patricia Cano, psic\u00f2loga cl\u00ednica del CSMA de Martorell i referent del Programa de Col\u00b7laboraci\u00f3 ASSIR Salut Mental Territori Baix Llobregat Nord. Cano tamb\u00e9 destaca que el curs t\u00e9 com a objectiu empoderar els professionals i ajudar-los a resoldre de la manera m\u00e9s r\u00e0pida qualsevol problema de salut mental que es pugui presentar.<\/p>\n\n\n\n<p>En acabar aquest curs s&#8217;espera que els participants puguin identificar possibles situacions d&#8217;afectaci\u00f3 en salut mental en l&#8217;etapa perinatal, aix\u00ed com diferenciar-ne els nivells de gravetat i derivar-los, si \u00e9s necessari, a l&#8217;equip professional especialitzat segons el circuit establert a cada territori. Tamb\u00e9 s&#8217;espera ensenyar habilitats de comunicaci\u00f3 i acompanyament en els casos de malestar psicol\u00f2gic associat a etapes perinatals, ampliar els coneixements generals sobre diagn\u00f2stics psicopatol\u00f2gics m\u00e9s freq\u00fcents i sobre l&#8217;abordatge psicol\u00f2gic i psiqui\u00e0tric a l&#8217;etapa perinatal. &#8220;Volem poder detectar a temps els casos de depressi\u00f3 postpart que es puguin complicar i donar una atenci\u00f3 m\u00e9s especialitzada a les dones amb un trastorn mental en un moment tan particular com \u00e9s l&#8217;etapa perinatal&#8221;, indica Clara Blanch, psiquiatra de la Unitat d&#8217;Aguts de l&#8217;Hospital Sagrat Cor i del CSMA de Martorell, i tamb\u00e9 referent del Programa de Col\u00b7laboraci\u00f3 ASSIR Salut Mental Baix Llobregat Nord.<\/p>\n\n\n\n<p>\u201cUn altre dels objectius principals \u00e9s que els professionals participants adquireixin eines per afrontar i gestionar situacions d&#8217;alt impacte emocional per a ells mateixos i siguin capa\u00e7os de discernir si les pacients necessiten un expert en salut mental o si ho poden resoldre ells mateixos i no \u00e9s necess\u00e0ria la derivaci\u00f3\u201d, conclou Ana Donaire, psic\u00f2loga cl\u00ednica del CSMA de Martorell i referent del Programa de Col\u00b7laboraci\u00f3 ASSIR Salut Mental Territori Baix Llobregat Nord, que acaba remarcant la import\u00e0ncia que es dugui a terme un acompanyament emocional de la dona durant l&#8217;etapa perinatal.<\/p>\n","protected":false},"excerpt":{"rendered":"<p>L\u2019abordatge de la salut mental perinatal requereix una formaci\u00f3 espec\u00edfica del personal professional implicat en aquesta etapa, per tal de poder detectar tant problemes com patologies mentals que requereixin una intervenci\u00f3 durant l\u2019embar\u00e0s i el postpart. Amb aquest objectiu s\u2019ha posat en marxa un curs de salut mental perinatal fruit de la col\u00b7laboraci\u00f3 entre el [&hellip;]<\/p>\n","protected":false},"author":2,"featured_media":6126,"comment_status":"closed","ping_status":"closed","sticky":false,"template":"","format":"standard","meta":{"footnotes":""},"categories":[27],"tags":[],"class_list":["post-6124","post","type-post","status-publish","format-standard","has-post-thumbnail","hentry","category-actualitat"],"blocksy_meta":{"styles_descriptor":{"styles":{"desktop":"","tablet":"","mobile":""},"google_fonts":[],"version":6}},"featured_image_urls_v2":{"full":["https:\/\/fundaciohospitalariesmartorell.org\/entre-tots\/wp-content\/uploads\/2023\/04\/Sin-titulo-7.jpg",1600,1200,false],"thumbnail":["https:\/\/fundaciohospitalariesmartorell.org\/entre-tots\/wp-content\/uploads\/2023\/04\/Sin-titulo-7.jpg",150,113,false],"medium":["https:\/\/fundaciohospitalariesmartorell.org\/entre-tots\/wp-content\/uploads\/2023\/04\/Sin-titulo-7.jpg",300,225,false],"medium_large":["https:\/\/fundaciohospitalariesmartorell.org\/entre-tots\/wp-content\/uploads\/2023\/04\/Sin-titulo-7.jpg",768,576,false],"large":["https:\/\/fundaciohospitalariesmartorell.org\/entre-tots\/wp-content\/uploads\/2023\/04\/Sin-titulo-7.jpg",1024,768,false],"1536x1536":["https:\/\/fundaciohospitalariesmartorell.org\/entre-tots\/wp-content\/uploads\/2023\/04\/Sin-titulo-7.jpg",1536,1152,false],"2048x2048":["https:\/\/fundaciohospitalariesmartorell.org\/entre-tots\/wp-content\/uploads\/2023\/04\/Sin-titulo-7.jpg",1600,1200,false],"mailpoet_newsletter_max":["https:\/\/fundaciohospitalariesmartorell.org\/entre-tots\/wp-content\/uploads\/2023\/04\/Sin-titulo-7.jpg",1320,990,false]},"post_excerpt_stackable_v2":"<p>L\u2019abordatge de la salut mental perinatal requereix una formaci\u00f3 espec\u00edfica del personal professional implicat en aquesta etapa, per tal de poder detectar tant problemes com patologies mentals que requereixin una intervenci\u00f3 durant l\u2019embar\u00e0s i el postpart. Amb aquest objectiu s\u2019ha posat en marxa un curs de salut mental perinatal fruit de la col\u00b7laboraci\u00f3 entre el Centre de Salut Mental d\u2019Adults (CSMA) de l\u2019Hospital Sagrat Cor i l\u2019Equip d\u2019Atenci\u00f3 a la Salut Sexual i Reproductiva (ASSIR) del Baix Llobregat Nord. La col\u00b7laboraci\u00f3 entre ambdues entitats es va iniciar el 2017 i a dia d\u2019avui realitzen, de manera bimensual, reunions de coordinaci\u00f3&hellip;<\/p>\n","category_list_v2":"<a href=\"https:\/\/fundaciohospitalariesmartorell.org\/entre-tots\/category\/actualitat\/\" rel=\"category tag\">ACTUALITAT<\/a>","author_info_v2":{"name":"Sagrat Cor","url":"https:\/\/fundaciohospitalariesmartorell.org\/entre-tots\/author\/daniel\/"},"comments_num_v2":"0 comments","_links":{"self":[{"href":"https:\/\/fundaciohospitalariesmartorell.org\/entre-tots\/wp-json\/wp\/v2\/posts\/6124","targetHints":{"allow":["GET"]}}],"collection":[{"href":"https:\/\/fundaciohospitalariesmartorell.org\/entre-tots\/wp-json\/wp\/v2\/posts"}],"about":[{"href":"https:\/\/fundaciohospitalariesmartorell.org\/entre-tots\/wp-json\/wp\/v2\/types\/post"}],"author":[{"embeddable":true,"href":"https:\/\/fundaciohospitalariesmartorell.org\/entre-tots\/wp-json\/wp\/v2\/users\/2"}],"replies":[{"embeddable":true,"href":"https:\/\/fundaciohospitalariesmartorell.org\/entre-tots\/wp-json\/wp\/v2\/comments?post=6124"}],"version-history":[{"count":3,"href":"https:\/\/fundaciohospitalariesmartorell.org\/entre-tots\/wp-json\/wp\/v2\/posts\/6124\/revisions"}],"predecessor-version":[{"id":6285,"href":"https:\/\/fundaciohospitalariesmartorell.org\/entre-tots\/wp-json\/wp\/v2\/posts\/6124\/revisions\/6285"}],"wp:featuredmedia":[{"embeddable":true,"href":"https:\/\/fundaciohospitalariesmartorell.org\/entre-tots\/wp-json\/wp\/v2\/media\/6126"}],"wp:attachment":[{"href":"https:\/\/fundaciohospitalariesmartorell.org\/entre-tots\/wp-json\/wp\/v2\/media?parent=6124"}],"wp:term":[{"taxonomy":"category","embeddable":true,"href":"https:\/\/fundaciohospitalariesmartorell.org\/entre-tots\/wp-json\/wp\/v2\/categories?post=6124"},{"taxonomy":"post_tag","embeddable":true,"href":"https:\/\/fundaciohospitalariesmartorell.org\/entre-tots\/wp-json\/wp\/v2\/tags?post=6124"}],"curies":[{"name":"wp","href":"https:\/\/api.w.org\/{rel}","templated":true}]}}