{"id":6128,"date":"2023-04-25T12:24:32","date_gmt":"2023-04-25T10:24:32","guid":{"rendered":"https:\/\/newweb.hospitalsagratcormartorell.org\/entre-tots\/?p=6128"},"modified":"2023-05-02T13:22:55","modified_gmt":"2023-05-02T11:22:55","slug":"professionals-de-lhospital-sagrat-cor-fan-una-formacio-a-la-policia-local-dolesa-de-montserrat","status":"publish","type":"post","link":"https:\/\/fundaciohospitalariesmartorell.org\/entre-tots\/2023\/04\/professionals-de-lhospital-sagrat-cor-fan-una-formacio-a-la-policia-local-dolesa-de-montserrat\/","title":{"rendered":"Professionals de l\u2019Hospital Sagrat Cor fan una formaci\u00f3 a la Policia Local d\u2019Olesa de Montserrat"},"content":{"rendered":"<figure class=\"wp-block-post-featured-image\"><img loading=\"lazy\" decoding=\"async\" width=\"2016\" height=\"1512\" src=\"https:\/\/fundaciohospitalariesmartorell.org\/entre-tots\/wp-content\/uploads\/2023\/04\/20230306-Formacio-PL-Olesa_01.jpg\" class=\"attachment-post-thumbnail size-post-thumbnail wp-post-image\" alt=\"\" style=\"object-fit:cover;\" \/><\/figure>\n\n\n<p>Els passats 6 i 8 de mar\u00e7, dos professionals de l\u2019Hospital Sagrat Cor, N\u00faria Balagu\u00e9, psic\u00f2loga del Centre de Salut Mental d\u2019Adults i Hospital de Dia de Berga, i Josep Tristany, coordinador de l\u2019\u00c0rea de Rehabilitaci\u00f3 en Salut Mental, van dur a terme unes jornades formatives a diversos membres del cos de la Policia Local d\u2019Olesa de Montserrat, a les quals tamb\u00e9 van assistir membres de la Policia Local d\u2019altres poblacions ve\u00efnes.<\/p>\n\n\n\n<p>La Policia Local d\u2019Olesa va sol\u00b7licitar fer aquesta formaci\u00f3 per la necessitat de tenir m\u00e9s coneixements i eines per afrontar situacions que tenen a veure amb persones que presenten alteracions conductuals en el medi comunitari.<\/p>\n\n\n\n<p>La formaci\u00f3 es va vehicular a trav\u00e9s de la Taula de Salut Mental del municipi i es va donar en dos dies per tal de facilitar l\u2019assist\u00e8ncia dels diferents torns de treball. Va constar d\u2019una primera part en qu\u00e8 es van donar pinzellades b\u00e0siques sobre salut mental, es van repassar alguns diagn\u00f2stics que poden generar alteracions conductuals i es va parlar de l\u2019estigma que pateixen les persones amb problemes de salut mental i d\u2019addiccions. Posteriorment es va impartir una xerrada sobre l\u2019abordatge verbal com a primera eina, i la m\u00e9s important, per afrontar aquestes situacions amb qu\u00e8 es troben en el desenvolupament de la seva tasca. Finalment es va generar un debat obert que va ser molt enriquidor per a totes les parts.<\/p>\n\n\n\n<figure class=\"wp-block-image size-full\"><img loading=\"lazy\" decoding=\"async\" width=\"2016\" height=\"1512\" src=\"https:\/\/hospitalsagratcormartorell.org\/entre-tots\/wp-content\/uploads\/2023\/04\/20230306-Formacio-PL-Olesa_04.jpg\" alt=\"\" class=\"wp-image-6131\"\/><\/figure>\n\n\n\n<p>Unes 35 persones van assistir a les jornades de formaci\u00f3 amb un grau de satisfacci\u00f3 important, un fet que va empla\u00e7ar a donar algun tipus de continu\u00eftat a aquestes accions formatives.<\/p>\n","protected":false},"excerpt":{"rendered":"<p>Els passats 6 i 8 de mar\u00e7, dos professionals de l\u2019Hospital Sagrat Cor, N\u00faria Balagu\u00e9, psic\u00f2loga del Centre de Salut Mental d\u2019Adults i Hospital de Dia de Berga, i Josep Tristany, coordinador de l\u2019\u00c0rea de Rehabilitaci\u00f3 en Salut Mental, van dur a terme unes jornades formatives a diversos membres del cos de la Policia Local [&hellip;]<\/p>\n","protected":false},"author":2,"featured_media":6130,"comment_status":"closed","ping_status":"closed","sticky":false,"template":"","format":"standard","meta":{"footnotes":""},"categories":[27],"tags":[],"class_list":["post-6128","post","type-post","status-publish","format-standard","has-post-thumbnail","hentry","category-actualitat"],"blocksy_meta":{"styles_descriptor":{"styles":{"desktop":"","tablet":"","mobile":""},"google_fonts":[],"version":6}},"featured_image_urls_v2":{"full":["https:\/\/fundaciohospitalariesmartorell.org\/entre-tots\/wp-content\/uploads\/2023\/04\/20230306-Formacio-PL-Olesa_01.jpg",2016,1512,false],"thumbnail":["https:\/\/fundaciohospitalariesmartorell.org\/entre-tots\/wp-content\/uploads\/2023\/04\/20230306-Formacio-PL-Olesa_01.jpg",150,113,false],"medium":["https:\/\/fundaciohospitalariesmartorell.org\/entre-tots\/wp-content\/uploads\/2023\/04\/20230306-Formacio-PL-Olesa_01.jpg",300,225,false],"medium_large":["https:\/\/fundaciohospitalariesmartorell.org\/entre-tots\/wp-content\/uploads\/2023\/04\/20230306-Formacio-PL-Olesa_01.jpg",768,576,false],"large":["https:\/\/fundaciohospitalariesmartorell.org\/entre-tots\/wp-content\/uploads\/2023\/04\/20230306-Formacio-PL-Olesa_01.jpg",1024,768,false],"1536x1536":["https:\/\/fundaciohospitalariesmartorell.org\/entre-tots\/wp-content\/uploads\/2023\/04\/20230306-Formacio-PL-Olesa_01.jpg",1536,1152,false],"2048x2048":["https:\/\/fundaciohospitalariesmartorell.org\/entre-tots\/wp-content\/uploads\/2023\/04\/20230306-Formacio-PL-Olesa_01.jpg",2016,1512,false],"mailpoet_newsletter_max":["https:\/\/fundaciohospitalariesmartorell.org\/entre-tots\/wp-content\/uploads\/2023\/04\/20230306-Formacio-PL-Olesa_01.jpg",1320,990,false]},"post_excerpt_stackable_v2":"<p>Els passats 6 i 8 de mar\u00e7, dos professionals de l\u2019Hospital Sagrat Cor, N\u00faria Balagu\u00e9, psic\u00f2loga del Centre de Salut Mental d\u2019Adults i Hospital de Dia de Berga, i Josep Tristany, coordinador de l\u2019\u00c0rea de Rehabilitaci\u00f3 en Salut Mental, van dur a terme unes jornades formatives a diversos membres del cos de la Policia Local d\u2019Olesa de Montserrat, a les quals tamb\u00e9 van assistir membres de la Policia Local d\u2019altres poblacions ve\u00efnes. La Policia Local d\u2019Olesa va sol\u00b7licitar fer aquesta formaci\u00f3 per la necessitat de tenir m\u00e9s coneixements i eines per afrontar situacions que tenen a veure amb persones que&hellip;<\/p>\n","category_list_v2":"<a href=\"https:\/\/fundaciohospitalariesmartorell.org\/entre-tots\/category\/actualitat\/\" rel=\"category tag\">ACTUALITAT<\/a>","author_info_v2":{"name":"Sagrat Cor","url":"https:\/\/fundaciohospitalariesmartorell.org\/entre-tots\/author\/daniel\/"},"comments_num_v2":"0 comments","_links":{"self":[{"href":"https:\/\/fundaciohospitalariesmartorell.org\/entre-tots\/wp-json\/wp\/v2\/posts\/6128","targetHints":{"allow":["GET"]}}],"collection":[{"href":"https:\/\/fundaciohospitalariesmartorell.org\/entre-tots\/wp-json\/wp\/v2\/posts"}],"about":[{"href":"https:\/\/fundaciohospitalariesmartorell.org\/entre-tots\/wp-json\/wp\/v2\/types\/post"}],"author":[{"embeddable":true,"href":"https:\/\/fundaciohospitalariesmartorell.org\/entre-tots\/wp-json\/wp\/v2\/users\/2"}],"replies":[{"embeddable":true,"href":"https:\/\/fundaciohospitalariesmartorell.org\/entre-tots\/wp-json\/wp\/v2\/comments?post=6128"}],"version-history":[{"count":2,"href":"https:\/\/fundaciohospitalariesmartorell.org\/entre-tots\/wp-json\/wp\/v2\/posts\/6128\/revisions"}],"predecessor-version":[{"id":6132,"href":"https:\/\/fundaciohospitalariesmartorell.org\/entre-tots\/wp-json\/wp\/v2\/posts\/6128\/revisions\/6132"}],"wp:featuredmedia":[{"embeddable":true,"href":"https:\/\/fundaciohospitalariesmartorell.org\/entre-tots\/wp-json\/wp\/v2\/media\/6130"}],"wp:attachment":[{"href":"https:\/\/fundaciohospitalariesmartorell.org\/entre-tots\/wp-json\/wp\/v2\/media?parent=6128"}],"wp:term":[{"taxonomy":"category","embeddable":true,"href":"https:\/\/fundaciohospitalariesmartorell.org\/entre-tots\/wp-json\/wp\/v2\/categories?post=6128"},{"taxonomy":"post_tag","embeddable":true,"href":"https:\/\/fundaciohospitalariesmartorell.org\/entre-tots\/wp-json\/wp\/v2\/tags?post=6128"}],"curies":[{"name":"wp","href":"https:\/\/api.w.org\/{rel}","templated":true}]}}