{"id":6133,"date":"2023-04-25T12:34:10","date_gmt":"2023-04-25T10:34:10","guid":{"rendered":"https:\/\/newweb.hospitalsagratcormartorell.org\/entre-tots\/?p=6133"},"modified":"2023-05-02T13:22:47","modified_gmt":"2023-05-02T11:22:47","slug":"noves-ubicacions-del-pades-i-leaia-tc","status":"publish","type":"post","link":"https:\/\/fundaciohospitalariesmartorell.org\/entre-tots\/2023\/04\/noves-ubicacions-del-pades-i-leaia-tc\/","title":{"rendered":"Noves ubicacions del PADES i l\u2019EAIA TC"},"content":{"rendered":"<figure class=\"wp-block-post-featured-image\"><img loading=\"lazy\" decoding=\"async\" width=\"1736\" height=\"1736\" src=\"https:\/\/fundaciohospitalariesmartorell.org\/entre-tots\/wp-content\/uploads\/2023\/04\/nueva-ubicacion-PADES_02.jpeg\" class=\"attachment-post-thumbnail size-post-thumbnail wp-post-image\" alt=\"\" style=\"object-fit:cover;\" \/><\/figure>\n\n\n<p>Durant els mesos de mar\u00e7 i abril s\u2019ha dut a terme el trasllat al nou edifici assistencial de Salut Mental i Sociosanitari, l\u2019edifici 9, de l\u2019Equip de Suport del Programa d\u2019Atenci\u00f3 Domicili\u00e0ria (PADES) i de l\u2019Equip d\u2019Avaluaci\u00f3 Integral Ambulat\u00f2ria de Trastorns Cognitius (EAIA TC). El PADES es va traslladar de l\u2019edifici 6 al nou edifici el 21 de febrer, a la planta baixa, en un espai ampli i llumin\u00f3s. L\u2019EAIA TC s\u2019hi va traslladar durant el mes d\u2019abril i des d\u2019aleshores est\u00e0 ubicat en tres despatxos que hi ha a la planta baixa de l\u2019edifici 9, en unes instal\u00b7lacions noves i modernes des d\u2019on implementaran el nou model assistencial a les dem\u00e8ncies seguint el nou Pla Director a Catalunya (PLADEMCAT) incorporant biomarcadors al diagn\u00f2stic preco\u00e7.<\/p>\n\n\n\n<figure class=\"wp-block-image size-full\"><img loading=\"lazy\" decoding=\"async\" width=\"1736\" height=\"1736\" src=\"https:\/\/hospitalsagratcormartorell.org\/entre-tots\/wp-content\/uploads\/2023\/04\/nueva-ubicacion-EAIA_01.jpeg\" alt=\"\" class=\"wp-image-6135\"\/><\/figure>\n\n\n\n<p>L\u2019activitat del PADES consisteix a valorar d\u2019una manera multidisciplin\u00e0ria les persones amb malalties avan\u00e7ades complexes ateses als seus domicilis, a la regi\u00f3 del Baix Llobregat Nord. T\u00e9 com a funcions controlar els s\u00edmptomes de les patologies oncol\u00f2giques i no oncol\u00f2giques, oferir suport emocional al malalts i a les seves fam\u00edlies i planificar el final de vida. Actualment el PADES est\u00e0 format per tres professionals d\u2019infermeria, dos de medicina i una treballadora social compartida amb l\u2019EAIA TC. Pr\u00f2ximament tamb\u00e9 s\u2019incorporar\u00e0 a l\u2019equip un professional de la psicooncologia, compartit amb l\u2019\u00c0rea d\u2019Hospitalitzaci\u00f3.<\/p>\n\n\n\n<p>L\u2019EAIA TC \u00e9s una unitat especialitzada dedicada al diagn\u00f2stic i el maneig de les persones amb afectaci\u00f3 cerebral, especialment de malalties neurodegeneratives de l\u2019adult, com la malaltia d\u2019Alzheimer i altres malalties cerebrovasculars. Les persones amb sospita de deteriorament cognitiu s\u00f3n enviades a aquesta unitat, on se\u2019ls fan les proves necess\u00e0ries per tal d\u2019aconseguir un diagn\u00f2stic. A la unitat hi treballen cinc professionals: un metge especialista en Neurologia, un metge especialista en Geriatria, dos neuropsic\u00f2legs i una treballadora social.<\/p>\n","protected":false},"excerpt":{"rendered":"<p>Durant els mesos de mar\u00e7 i abril s\u2019ha dut a terme el trasllat al nou edifici assistencial de Salut Mental i Sociosanitari, l\u2019edifici 9, de l\u2019Equip de Suport del Programa d\u2019Atenci\u00f3 Domicili\u00e0ria (PADES) i de l\u2019Equip d\u2019Avaluaci\u00f3 Integral Ambulat\u00f2ria de Trastorns Cognitius (EAIA TC). El PADES es va traslladar de l\u2019edifici 6 al nou edifici [&hellip;]<\/p>\n","protected":false},"author":2,"featured_media":6137,"comment_status":"closed","ping_status":"closed","sticky":false,"template":"","format":"standard","meta":{"footnotes":""},"categories":[27],"tags":[],"class_list":["post-6133","post","type-post","status-publish","format-standard","has-post-thumbnail","hentry","category-actualitat"],"blocksy_meta":{"styles_descriptor":{"styles":{"desktop":"","tablet":"","mobile":""},"google_fonts":[],"version":6}},"featured_image_urls_v2":{"full":["https:\/\/fundaciohospitalariesmartorell.org\/entre-tots\/wp-content\/uploads\/2023\/04\/nueva-ubicacion-PADES_02.jpeg",1736,1736,false],"thumbnail":["https:\/\/fundaciohospitalariesmartorell.org\/entre-tots\/wp-content\/uploads\/2023\/04\/nueva-ubicacion-PADES_02.jpeg",150,150,false],"medium":["https:\/\/fundaciohospitalariesmartorell.org\/entre-tots\/wp-content\/uploads\/2023\/04\/nueva-ubicacion-PADES_02.jpeg",300,300,false],"medium_large":["https:\/\/fundaciohospitalariesmartorell.org\/entre-tots\/wp-content\/uploads\/2023\/04\/nueva-ubicacion-PADES_02.jpeg",768,768,false],"large":["https:\/\/fundaciohospitalariesmartorell.org\/entre-tots\/wp-content\/uploads\/2023\/04\/nueva-ubicacion-PADES_02.jpeg",1024,1024,false],"1536x1536":["https:\/\/fundaciohospitalariesmartorell.org\/entre-tots\/wp-content\/uploads\/2023\/04\/nueva-ubicacion-PADES_02.jpeg",1536,1536,false],"2048x2048":["https:\/\/fundaciohospitalariesmartorell.org\/entre-tots\/wp-content\/uploads\/2023\/04\/nueva-ubicacion-PADES_02.jpeg",1736,1736,false],"mailpoet_newsletter_max":["https:\/\/fundaciohospitalariesmartorell.org\/entre-tots\/wp-content\/uploads\/2023\/04\/nueva-ubicacion-PADES_02.jpeg",1320,1320,false]},"post_excerpt_stackable_v2":"<p>Durant els mesos de mar\u00e7 i abril s\u2019ha dut a terme el trasllat al nou edifici assistencial de Salut Mental i Sociosanitari, l\u2019edifici 9, de l\u2019Equip de Suport del Programa d\u2019Atenci\u00f3 Domicili\u00e0ria (PADES) i de l\u2019Equip d\u2019Avaluaci\u00f3 Integral Ambulat\u00f2ria de Trastorns Cognitius (EAIA TC). El PADES es va traslladar de l\u2019edifici 6 al nou edifici el 21 de febrer, a la planta baixa, en un espai ampli i llumin\u00f3s. L\u2019EAIA TC s\u2019hi va traslladar durant el mes d\u2019abril i des d\u2019aleshores est\u00e0 ubicat en tres despatxos que hi ha a la planta baixa de l\u2019edifici 9, en unes instal\u00b7lacions noves&hellip;<\/p>\n","category_list_v2":"<a href=\"https:\/\/fundaciohospitalariesmartorell.org\/entre-tots\/category\/actualitat\/\" rel=\"category tag\">ACTUALITAT<\/a>","author_info_v2":{"name":"Sagrat Cor","url":"https:\/\/fundaciohospitalariesmartorell.org\/entre-tots\/author\/daniel\/"},"comments_num_v2":"0 comments","_links":{"self":[{"href":"https:\/\/fundaciohospitalariesmartorell.org\/entre-tots\/wp-json\/wp\/v2\/posts\/6133","targetHints":{"allow":["GET"]}}],"collection":[{"href":"https:\/\/fundaciohospitalariesmartorell.org\/entre-tots\/wp-json\/wp\/v2\/posts"}],"about":[{"href":"https:\/\/fundaciohospitalariesmartorell.org\/entre-tots\/wp-json\/wp\/v2\/types\/post"}],"author":[{"embeddable":true,"href":"https:\/\/fundaciohospitalariesmartorell.org\/entre-tots\/wp-json\/wp\/v2\/users\/2"}],"replies":[{"embeddable":true,"href":"https:\/\/fundaciohospitalariesmartorell.org\/entre-tots\/wp-json\/wp\/v2\/comments?post=6133"}],"version-history":[{"count":2,"href":"https:\/\/fundaciohospitalariesmartorell.org\/entre-tots\/wp-json\/wp\/v2\/posts\/6133\/revisions"}],"predecessor-version":[{"id":6139,"href":"https:\/\/fundaciohospitalariesmartorell.org\/entre-tots\/wp-json\/wp\/v2\/posts\/6133\/revisions\/6139"}],"wp:featuredmedia":[{"embeddable":true,"href":"https:\/\/fundaciohospitalariesmartorell.org\/entre-tots\/wp-json\/wp\/v2\/media\/6137"}],"wp:attachment":[{"href":"https:\/\/fundaciohospitalariesmartorell.org\/entre-tots\/wp-json\/wp\/v2\/media?parent=6133"}],"wp:term":[{"taxonomy":"category","embeddable":true,"href":"https:\/\/fundaciohospitalariesmartorell.org\/entre-tots\/wp-json\/wp\/v2\/categories?post=6133"},{"taxonomy":"post_tag","embeddable":true,"href":"https:\/\/fundaciohospitalariesmartorell.org\/entre-tots\/wp-json\/wp\/v2\/tags?post=6133"}],"curies":[{"name":"wp","href":"https:\/\/api.w.org\/{rel}","templated":true}]}}