{"id":6140,"date":"2023-04-25T12:38:09","date_gmt":"2023-04-25T10:38:09","guid":{"rendered":"https:\/\/newweb.hospitalsagratcormartorell.org\/entre-tots\/?p=6140"},"modified":"2023-05-02T13:22:39","modified_gmt":"2023-05-02T11:22:39","slug":"el-taller-de-diversitat-religiosa-de-lhospital-sagrat-cor-visita-la-sinagoga-de-la-comunitat-israelita-de-barcelona","status":"publish","type":"post","link":"https:\/\/fundaciohospitalariesmartorell.org\/entre-tots\/2023\/04\/el-taller-de-diversitat-religiosa-de-lhospital-sagrat-cor-visita-la-sinagoga-de-la-comunitat-israelita-de-barcelona\/","title":{"rendered":"El Taller de Diversitat Religiosa de l\u2019Hospital Sagrat Cor visita la sinagoga de la Comunitat Israelita de Barcelona"},"content":{"rendered":"<figure class=\"wp-block-post-featured-image\"><img loading=\"lazy\" decoding=\"async\" width=\"1600\" height=\"1151\" src=\"https:\/\/fundaciohospitalariesmartorell.org\/entre-tots\/wp-content\/uploads\/2023\/04\/23_03_24_SAGRAT-COR_TALLER-DIVERSITAT_SINAGOGA_01.jpeg\" class=\"attachment-post-thumbnail size-post-thumbnail wp-post-image\" alt=\"\" style=\"object-fit:cover;\" \/><\/figure>\n\n\n<p>Les persones que participen al Taller de Diversitat Religiosa que organitza el Servei PAER de l\u2019Hospital Sagrat Cor van con\u00e8ixer el passat 24 de mar\u00e7 la sinagoga de la Comunitat Israelita de Barcelona. Aquesta activitat pertany a la part pr\u00e0ctica del taller, que vol donar a con\u00e8ixer la diversitat de les tradicions religioses, i \u00e9s la segona que es fa, despr\u00e9s de visitar la Casa del Tibet al gener per con\u00e8ixer el budisme.<\/p>\n\n\n\n<figure class=\"wp-block-image alignleft size-full is-resized\"><img loading=\"lazy\" decoding=\"async\" src=\"https:\/\/hospitalsagratcormartorell.org\/entre-tots\/wp-content\/uploads\/2023\/04\/23_03_24_SAGRAT-COR_TALLER-DIVERSITAT_SINAGOGA_03.jpeg\" alt=\"\" class=\"wp-image-6144\" width=\"396\" height=\"297\"\/><\/figure>\n\n\n\n<p>El rab\u00ed Daniel Askenazi va acollir les persones participants del taller i els va explicar aspectes del judaisme. Durant la visita tamb\u00e9 van poder assistir a una cerim\u00f2nia en qu\u00e8 se simulava un casament jueu i van poder veure els llibres sagrats que es guarden a la sinagoga, aix\u00ed com els rotlles de la Tor\u00e0.&nbsp;<\/p>\n\n\n\n<p>\u201cLes persones que participen en aquest taller s\u2019hi van mostrar molt interessades i van trobar la visita molt atractiva\u201d, explica Roberto Narvaiz, coordinador de PAER del Centre i organitzador del taller, que assenyala que l\u2019objectiu d\u2019aquesta activitat \u00e9s con\u00e8ixer altres costums i tradicions per tal d\u2019afavorir el respecte entre tots.<\/p>\n\n\n\n<p>A m\u00e9s del judaisme, el taller tamb\u00e9 aborda el budisme, l&#8217;islam i el cristianisme, i est\u00e0 previst que s&#8217;acabi al juny d&#8217;aquest any.<\/p>\n\n\n\n<figure class=\"wp-block-gallery has-nested-images columns-default is-cropped wp-block-gallery-1 is-layout-flex wp-block-gallery-is-layout-flex\">\n<figure class=\"wp-block-image size-large\"><img loading=\"lazy\" decoding=\"async\" width=\"1200\" height=\"1599\" data-id=\"6146\" src=\"https:\/\/hospitalsagratcormartorell.org\/entre-tots\/wp-content\/uploads\/2023\/04\/23_03_24_SAGRAT-COR_TALLER-DIVERSITAT_SINAGOGA_05.jpeg\" alt=\"\" class=\"wp-image-6146\"\/><\/figure>\n\n\n\n<figure class=\"wp-block-image size-large\"><img loading=\"lazy\" decoding=\"async\" width=\"1200\" height=\"1599\" data-id=\"6145\" src=\"https:\/\/hospitalsagratcormartorell.org\/entre-tots\/wp-content\/uploads\/2023\/04\/23_03_24_SAGRAT-COR_TALLER-DIVERSITAT_SINAGOGA_04.jpeg\" alt=\"\" class=\"wp-image-6145\"\/><\/figure>\n<\/figure>\n\n\n\n<figure class=\"wp-block-image aligncenter size-full\"><img loading=\"lazy\" decoding=\"async\" width=\"1599\" height=\"1200\" src=\"https:\/\/hospitalsagratcormartorell.org\/entre-tots\/wp-content\/uploads\/2023\/04\/23_03_24_SAGRAT-COR_TALLER-DIVERSITAT_SINAGOGA_08.jpeg\" alt=\"\" class=\"wp-image-6149\"\/><\/figure>\n","protected":false},"excerpt":{"rendered":"<p>Les persones que participen al Taller de Diversitat Religiosa que organitza el Servei PAER de l\u2019Hospital Sagrat Cor van con\u00e8ixer el passat 24 de mar\u00e7 la sinagoga de la Comunitat Israelita de Barcelona. Aquesta activitat pertany a la part pr\u00e0ctica del taller, que vol donar a con\u00e8ixer la diversitat de les tradicions religioses, i \u00e9s [&hellip;]<\/p>\n","protected":false},"author":2,"featured_media":6142,"comment_status":"closed","ping_status":"closed","sticky":false,"template":"","format":"standard","meta":{"footnotes":""},"categories":[27],"tags":[],"class_list":["post-6140","post","type-post","status-publish","format-standard","has-post-thumbnail","hentry","category-actualitat"],"blocksy_meta":{"styles_descriptor":{"styles":{"desktop":"","tablet":"","mobile":""},"google_fonts":[],"version":6}},"featured_image_urls_v2":{"full":["https:\/\/fundaciohospitalariesmartorell.org\/entre-tots\/wp-content\/uploads\/2023\/04\/23_03_24_SAGRAT-COR_TALLER-DIVERSITAT_SINAGOGA_01.jpeg",1600,1151,false],"thumbnail":["https:\/\/fundaciohospitalariesmartorell.org\/entre-tots\/wp-content\/uploads\/2023\/04\/23_03_24_SAGRAT-COR_TALLER-DIVERSITAT_SINAGOGA_01.jpeg",150,108,false],"medium":["https:\/\/fundaciohospitalariesmartorell.org\/entre-tots\/wp-content\/uploads\/2023\/04\/23_03_24_SAGRAT-COR_TALLER-DIVERSITAT_SINAGOGA_01.jpeg",300,216,false],"medium_large":["https:\/\/fundaciohospitalariesmartorell.org\/entre-tots\/wp-content\/uploads\/2023\/04\/23_03_24_SAGRAT-COR_TALLER-DIVERSITAT_SINAGOGA_01.jpeg",768,552,false],"large":["https:\/\/fundaciohospitalariesmartorell.org\/entre-tots\/wp-content\/uploads\/2023\/04\/23_03_24_SAGRAT-COR_TALLER-DIVERSITAT_SINAGOGA_01.jpeg",1024,737,false],"1536x1536":["https:\/\/fundaciohospitalariesmartorell.org\/entre-tots\/wp-content\/uploads\/2023\/04\/23_03_24_SAGRAT-COR_TALLER-DIVERSITAT_SINAGOGA_01.jpeg",1536,1105,false],"2048x2048":["https:\/\/fundaciohospitalariesmartorell.org\/entre-tots\/wp-content\/uploads\/2023\/04\/23_03_24_SAGRAT-COR_TALLER-DIVERSITAT_SINAGOGA_01.jpeg",1600,1151,false],"mailpoet_newsletter_max":["https:\/\/fundaciohospitalariesmartorell.org\/entre-tots\/wp-content\/uploads\/2023\/04\/23_03_24_SAGRAT-COR_TALLER-DIVERSITAT_SINAGOGA_01.jpeg",1320,950,false]},"post_excerpt_stackable_v2":"<p>Les persones que participen al Taller de Diversitat Religiosa que organitza el Servei PAER de l\u2019Hospital Sagrat Cor van con\u00e8ixer el passat 24 de mar\u00e7 la sinagoga de la Comunitat Israelita de Barcelona. Aquesta activitat pertany a la part pr\u00e0ctica del taller, que vol donar a con\u00e8ixer la diversitat de les tradicions religioses, i \u00e9s la segona que es fa, despr\u00e9s de visitar la Casa del Tibet al gener per con\u00e8ixer el budisme. El rab\u00ed Daniel Askenazi va acollir les persones participants del taller i els va explicar aspectes del judaisme. Durant la visita tamb\u00e9 van poder assistir a una&hellip;<\/p>\n","category_list_v2":"<a href=\"https:\/\/fundaciohospitalariesmartorell.org\/entre-tots\/category\/actualitat\/\" rel=\"category tag\">ACTUALITAT<\/a>","author_info_v2":{"name":"Sagrat Cor","url":"https:\/\/fundaciohospitalariesmartorell.org\/entre-tots\/author\/daniel\/"},"comments_num_v2":"0 comments","_links":{"self":[{"href":"https:\/\/fundaciohospitalariesmartorell.org\/entre-tots\/wp-json\/wp\/v2\/posts\/6140","targetHints":{"allow":["GET"]}}],"collection":[{"href":"https:\/\/fundaciohospitalariesmartorell.org\/entre-tots\/wp-json\/wp\/v2\/posts"}],"about":[{"href":"https:\/\/fundaciohospitalariesmartorell.org\/entre-tots\/wp-json\/wp\/v2\/types\/post"}],"author":[{"embeddable":true,"href":"https:\/\/fundaciohospitalariesmartorell.org\/entre-tots\/wp-json\/wp\/v2\/users\/2"}],"replies":[{"embeddable":true,"href":"https:\/\/fundaciohospitalariesmartorell.org\/entre-tots\/wp-json\/wp\/v2\/comments?post=6140"}],"version-history":[{"count":6,"href":"https:\/\/fundaciohospitalariesmartorell.org\/entre-tots\/wp-json\/wp\/v2\/posts\/6140\/revisions"}],"predecessor-version":[{"id":6156,"href":"https:\/\/fundaciohospitalariesmartorell.org\/entre-tots\/wp-json\/wp\/v2\/posts\/6140\/revisions\/6156"}],"wp:featuredmedia":[{"embeddable":true,"href":"https:\/\/fundaciohospitalariesmartorell.org\/entre-tots\/wp-json\/wp\/v2\/media\/6142"}],"wp:attachment":[{"href":"https:\/\/fundaciohospitalariesmartorell.org\/entre-tots\/wp-json\/wp\/v2\/media?parent=6140"}],"wp:term":[{"taxonomy":"category","embeddable":true,"href":"https:\/\/fundaciohospitalariesmartorell.org\/entre-tots\/wp-json\/wp\/v2\/categories?post=6140"},{"taxonomy":"post_tag","embeddable":true,"href":"https:\/\/fundaciohospitalariesmartorell.org\/entre-tots\/wp-json\/wp\/v2\/tags?post=6140"}],"curies":[{"name":"wp","href":"https:\/\/api.w.org\/{rel}","templated":true}]}}