{"id":6173,"date":"2023-04-26T17:05:21","date_gmt":"2023-04-26T15:05:21","guid":{"rendered":"https:\/\/newweb.hospitalsagratcormartorell.org\/entre-tots\/?p=6173"},"modified":"2023-05-02T13:22:31","modified_gmt":"2023-05-02T11:22:31","slug":"les-iii-jornades-catalanes-dhospitals-de-dia-dadults-de-salut-mental-congreguen-uns-150-professionals","status":"publish","type":"post","link":"https:\/\/fundaciohospitalariesmartorell.org\/entre-tots\/2023\/04\/les-iii-jornades-catalanes-dhospitals-de-dia-dadults-de-salut-mental-congreguen-uns-150-professionals\/","title":{"rendered":"Les III Jornades Catalanes d\u2019Hospitals de Dia d\u2019Adults de Salut Mental congreguen uns 150 professionals"},"content":{"rendered":"<figure class=\"wp-block-post-featured-image\"><img loading=\"lazy\" decoding=\"async\" width=\"2048\" height=\"1536\" src=\"https:\/\/fundaciohospitalariesmartorell.org\/entre-tots\/wp-content\/uploads\/2023\/04\/afe992cf-f21b-4ced-8c50-a6e553a94433.jpeg\" class=\"attachment-post-thumbnail size-post-thumbnail wp-post-image\" alt=\"\" style=\"object-fit:cover;\" \/><\/figure>\n\n\n<p>L&#8217;Hospital Sant Rafael va congregar el dijous 20 d&#8217;abril uns 150 professionals a les III Jornades Catalanes d&#8217;Hospitals de Dia d&#8217;Adults de Salut Mental, organitzades per Germanes Hospital\u00e0ries Prov\u00edncia d&#8217;Espanya, amb el lema \u2018Reinventant camins&#8217;.<\/p>\n\n\n\n<p>A la inauguraci\u00f3, la superiora de l&#8217;Hospital Sagrat Cor, Sor Isabel Bl\u00e1zquez, va parlar dels or\u00edgens de la Congregaci\u00f3 de les Germanes Hospital\u00e0ries del Sagrat Cor de Jes\u00fas, de la import\u00e0ncia del treball en equip per garantir la millor atenci\u00f3 al pacient i, tamb\u00e9, de l&#8217;atenci\u00f3 a la complexitat en salut mental dins la missi\u00f3 de la Instituci\u00f3.<\/p>\n\n\n\n<figure class=\"wp-block-image alignleft size-full is-resized\"><img loading=\"lazy\" decoding=\"async\" src=\"https:\/\/hospitalsagratcormartorell.org\/entre-tots\/wp-content\/uploads\/2023\/04\/8a627b65-6f58-423a-889b-b333fef98f0d.jpeg\" alt=\"\" class=\"wp-image-6175\" width=\"434\" height=\"434\"\/><\/figure>\n\n\n\n<p>A continuaci\u00f3, el director assistencial i educatiu de Germanes Hospital\u00e0ries Prov\u00edncia d&#8217;Espanya, el doctor Jos\u00e9 Antonio Larraz, va fer una reflexi\u00f3 sobre els aprenentatges que ens va portar l\u2019aturada que vam fer durant la pand\u00e8mia, per exemple, a l&#8217;\u00e0mbit dels hospitals de dia de salut mental, que s&#8217;han hagut de reinventar. Aix\u00ed mateix, va explicar que en aquests dos anys de crisi sanit\u00e0ria tamb\u00e9 es van produir diversos canvis normatius que, juntament amb la transformaci\u00f3 del sistema, ens situen davant d&#8217;un escenari on cal posar la mirada en diverses q\u00fcestions, com el desenvolupament de les capacitats de les persones, la participaci\u00f3 activa de pacients i familiars, i deixar enrere la tutela per acompanyar i ajudar els pacients a construir un projecte de vida.<\/p>\n\n\n\n<p>Fent refer\u00e8ncia al lema de la jornada, \u2018Reiventant camins&#8217;, el Dr. Larraz va posar damunt la taula alguns aspectes que cal tenir en compte en el nou context derivat de la pand\u00e8mia. Per exemple, va assenyalar que els dispositius de la xarxa assistencial han d&#8217;estar al servei de les persones, en la necessitat de la participaci\u00f3 activa del pacient en el seu proc\u00e9s de recuperaci\u00f3 i en un absolut respecte pels drets de les persones que atenem. Finalment va destacar que cal posar l&#8217;accent no en tractar la persona sin\u00f3 en recuperar-la integrant-la dins del seu projecte vital.<\/p>\n\n\n\n<p>En el marc de les jornades es va presentar una experi\u00e8ncia innovadora que aplica l&#8217;Hospital de Dia de Psiquiatria d&#8217;Adults de l&#8217;Hospital Universitari de Santa Maria de Lleida, basada en la implementaci\u00f3 d&#8217;un programa de ter\u00e0pia a trav\u00e9s de l&#8217;aventura per al tractament dels pacients amb Trastorn L\u00edmit de la Personalitat (TLP). Aquest tractament ha demostrat que millora la funcionalitat i la qualitat de vida de les persones amb aquest trastorn. I \u00e9s que el TLP ha anat en augment els darrers temps. De fet, l&#8217;Hospital Sagrat Cor, que \u00e9s pioner a oferir una atenci\u00f3 multidisciplin\u00e0ria a aquest col\u00b7lectiu de pacients, ha tingut un increment del 70 % d&#8217;ingressos per TLP des que va comen\u00e7ar a oferir-los atenci\u00f3 espec\u00edfica l&#8217;any 2007.<\/p>\n\n\n\n<figure class=\"wp-block-image alignright size-full is-resized\"><img loading=\"lazy\" decoding=\"async\" src=\"https:\/\/hospitalsagratcormartorell.org\/entre-tots\/wp-content\/uploads\/2023\/04\/fbe145a4-cc6c-4eb6-9f17-5f15a9def4ef.jpeg\" alt=\"\" class=\"wp-image-6177\" width=\"434\" height=\"434\"\/><\/figure>\n\n\n\n<p>A banda del tractament en TLP, durant l&#8217;acte es van compartir altres estrat\u00e8gies innovadores d&#8217;intervenci\u00f3 als hospitals de dia, com les noves intervencions farmacol\u00f2giques amb diferents psicod\u00e8lics o les aportacions de la dansa moviment ter\u00e0pia, aquesta \u00faltima presentada per Eva Garrido, infermera especialista en salut mental i dansa moviment terapeuta de l&#8217;Hospital de Dia d&#8217;Adults Salut Mental de l&#8217;Hospital Sagrat Cor. Tamb\u00e9 va servir de punt de trobada entre les xarxes d&#8217;atenci\u00f3 infantojuvenil i d&#8217;adults, i per posar en valor el treball de continu\u00eftat en el tr\u00e0nsit d&#8217;una xarxa a l&#8217;altra.<\/p>\n\n\n\n<p>Aix\u00ed mateix, es va poder reprendre la part dels tallers pr\u00e0ctics de les jornades, que s&#8217;havia hagut d&#8217;aturar per la pand\u00e8mia. \u00abA difer\u00e8ncia de les edicions anteriors, on la base de les jornades era la presentaci\u00f3 de recursos assistencials, enguany hem volgut que els diferents hospitals de dia de salut mental de Catalunya compartissin els aspectes innovadors de la feina que duen a terme, i aquest fet ha generat un gran inter\u00e8s per part dels assistents\u00bb, van explicar els organitzadors.<\/p>\n\n\n\n<p>En el marc d\u2019aquestes jornades, a m\u00e9s, el Comit\u00e8 Cient\u00edfic va triar els tres millors p\u00f2sters entre els que es van presentar. El primer premi va ser per a l\u2019Hospital de Dia de Patologia Dual de Gr\u00e0cia, que pertany a l\u2019Hospital Mare de D\u00e9u de la Merc\u00e8 de Barcelona, pel p\u00f2ster titulat \u2018Resultats en addiccions i estabilitzaci\u00f3 de diagn\u00f2stics en Salut Mental 2022\u2019. El segon premi va ser per al p\u00f2ster titulat \u2018Deteriorament cognitiu degut a l\u2019alcohol: experi\u00e8ncia de l\u2019abordatge interdisciplinari (2015-2022)\u2019, que va presentar l\u2019Hospital de Dia de Neuropsiquiatria, tamb\u00e9 de l\u2019Hospital Mare de D\u00e9u de la Merc\u00e8. Finalment, el tercer premi va ser per al p\u00f2ster \u2018Grup iniciaci\u00f3 Mindfulness per a usuaris de l\u2019Hospital de Dia d\u2019Adults\u2019 de l\u2019Hospital de Dia d\u2019Adults de l\u2019Institut Pere Mata de Reus.<\/p>\n\n\n\n<p>A continuaci\u00f3 us deixem algunes not\u00edcies que recullen el passat en les III Jornades Catalanes d&#8217;Hospitals de Dia d&#8217;Adults de Salut Mental:<\/p>\n\n\n\n<ul class=\"wp-block-list\">\n<li><a href=\"https:\/\/www.lavanguardia.com\/vida\/20230420\/8910437\/proponen-terapia-aventura-trastorno-limite-personalidad.amp.html\" target=\"_blank\" rel=\"noreferrer noopener\">Proponen una terapia de aventura para el Trastorno L\u00edmite de Personalidad (La Vanguardia)<\/a><\/li>\n\n\n\n<li><a href=\"https:\/\/www.ccma.cat\/catradio\/catalunya-migdia\/creixen-els-casos-de-trastorn-limit-de-la-personalitat-com-pots-detectar-la-malaltia\/noticia\/3225912\/\" target=\"_blank\" rel=\"noreferrer noopener\">Creixen els casos de trastorn l\u00edmit de la personalitat: com pots detectar la malaltia (CCMA)<\/a><\/li>\n\n\n\n<li><a href=\"https:\/\/www.ccma.cat\/catradio\/alacarta\/catalunya-migdia\/catalunya-migdia-de-14-a-15-h-27042023\/audio\/1170127\/\" target=\"_blank\" rel=\"noreferrer noopener\">L&#8217;increment de casos de TLP, amb declaracions del Dr. Yscadar\u00a0i d&#8217;un ex pacient de l&#8217;Hospital, a partir del minut 28:35 (Catalunya R\u00e0dio)<\/a><\/li>\n<\/ul>\n","protected":false},"excerpt":{"rendered":"<p>L&#8217;Hospital Sant Rafael va congregar el dijous 20 d&#8217;abril uns 150 professionals a les III Jornades Catalanes d&#8217;Hospitals de Dia d&#8217;Adults de Salut Mental, organitzades per Germanes Hospital\u00e0ries Prov\u00edncia d&#8217;Espanya, amb el lema \u2018Reinventant camins&#8217;. A la inauguraci\u00f3, la superiora de l&#8217;Hospital Sagrat Cor, Sor Isabel Bl\u00e1zquez, va parlar dels or\u00edgens de la Congregaci\u00f3 de [&hellip;]<\/p>\n","protected":false},"author":2,"featured_media":6176,"comment_status":"closed","ping_status":"closed","sticky":false,"template":"","format":"standard","meta":{"footnotes":""},"categories":[27],"tags":[],"class_list":["post-6173","post","type-post","status-publish","format-standard","has-post-thumbnail","hentry","category-actualitat"],"blocksy_meta":{"styles_descriptor":{"styles":{"desktop":"","tablet":"","mobile":""},"google_fonts":[],"version":6}},"featured_image_urls_v2":{"full":["https:\/\/fundaciohospitalariesmartorell.org\/entre-tots\/wp-content\/uploads\/2023\/04\/afe992cf-f21b-4ced-8c50-a6e553a94433.jpeg",2048,1536,false],"thumbnail":["https:\/\/fundaciohospitalariesmartorell.org\/entre-tots\/wp-content\/uploads\/2023\/04\/afe992cf-f21b-4ced-8c50-a6e553a94433.jpeg",150,113,false],"medium":["https:\/\/fundaciohospitalariesmartorell.org\/entre-tots\/wp-content\/uploads\/2023\/04\/afe992cf-f21b-4ced-8c50-a6e553a94433.jpeg",300,225,false],"medium_large":["https:\/\/fundaciohospitalariesmartorell.org\/entre-tots\/wp-content\/uploads\/2023\/04\/afe992cf-f21b-4ced-8c50-a6e553a94433.jpeg",768,576,false],"large":["https:\/\/fundaciohospitalariesmartorell.org\/entre-tots\/wp-content\/uploads\/2023\/04\/afe992cf-f21b-4ced-8c50-a6e553a94433.jpeg",1024,768,false],"1536x1536":["https:\/\/fundaciohospitalariesmartorell.org\/entre-tots\/wp-content\/uploads\/2023\/04\/afe992cf-f21b-4ced-8c50-a6e553a94433.jpeg",1536,1152,false],"2048x2048":["https:\/\/fundaciohospitalariesmartorell.org\/entre-tots\/wp-content\/uploads\/2023\/04\/afe992cf-f21b-4ced-8c50-a6e553a94433.jpeg",2048,1536,false],"mailpoet_newsletter_max":["https:\/\/fundaciohospitalariesmartorell.org\/entre-tots\/wp-content\/uploads\/2023\/04\/afe992cf-f21b-4ced-8c50-a6e553a94433.jpeg",1320,990,false]},"post_excerpt_stackable_v2":"<p>L&#8217;Hospital Sant Rafael va congregar el dijous 20 d&#8217;abril uns 150 professionals a les III Jornades Catalanes d&#8217;Hospitals de Dia d&#8217;Adults de Salut Mental, organitzades per Germanes Hospital\u00e0ries Prov\u00edncia d&#8217;Espanya, amb el lema \u2018Reinventant camins&#8217;. A la inauguraci\u00f3, la superiora de l&#8217;Hospital Sagrat Cor, Sor Isabel Bl\u00e1zquez, va parlar dels or\u00edgens de la Congregaci\u00f3 de les Germanes Hospital\u00e0ries del Sagrat Cor de Jes\u00fas, de la import\u00e0ncia del treball en equip per garantir la millor atenci\u00f3 al pacient i, tamb\u00e9, de l&#8217;atenci\u00f3 a la complexitat en salut mental dins la missi\u00f3 de la Instituci\u00f3. A continuaci\u00f3, el director assistencial i educatiu&hellip;<\/p>\n","category_list_v2":"<a href=\"https:\/\/fundaciohospitalariesmartorell.org\/entre-tots\/category\/actualitat\/\" rel=\"category tag\">ACTUALITAT<\/a>","author_info_v2":{"name":"Sagrat Cor","url":"https:\/\/fundaciohospitalariesmartorell.org\/entre-tots\/author\/daniel\/"},"comments_num_v2":"0 comments","_links":{"self":[{"href":"https:\/\/fundaciohospitalariesmartorell.org\/entre-tots\/wp-json\/wp\/v2\/posts\/6173","targetHints":{"allow":["GET"]}}],"collection":[{"href":"https:\/\/fundaciohospitalariesmartorell.org\/entre-tots\/wp-json\/wp\/v2\/posts"}],"about":[{"href":"https:\/\/fundaciohospitalariesmartorell.org\/entre-tots\/wp-json\/wp\/v2\/types\/post"}],"author":[{"embeddable":true,"href":"https:\/\/fundaciohospitalariesmartorell.org\/entre-tots\/wp-json\/wp\/v2\/users\/2"}],"replies":[{"embeddable":true,"href":"https:\/\/fundaciohospitalariesmartorell.org\/entre-tots\/wp-json\/wp\/v2\/comments?post=6173"}],"version-history":[{"count":4,"href":"https:\/\/fundaciohospitalariesmartorell.org\/entre-tots\/wp-json\/wp\/v2\/posts\/6173\/revisions"}],"predecessor-version":[{"id":6217,"href":"https:\/\/fundaciohospitalariesmartorell.org\/entre-tots\/wp-json\/wp\/v2\/posts\/6173\/revisions\/6217"}],"wp:featuredmedia":[{"embeddable":true,"href":"https:\/\/fundaciohospitalariesmartorell.org\/entre-tots\/wp-json\/wp\/v2\/media\/6176"}],"wp:attachment":[{"href":"https:\/\/fundaciohospitalariesmartorell.org\/entre-tots\/wp-json\/wp\/v2\/media?parent=6173"}],"wp:term":[{"taxonomy":"category","embeddable":true,"href":"https:\/\/fundaciohospitalariesmartorell.org\/entre-tots\/wp-json\/wp\/v2\/categories?post=6173"},{"taxonomy":"post_tag","embeddable":true,"href":"https:\/\/fundaciohospitalariesmartorell.org\/entre-tots\/wp-json\/wp\/v2\/tags?post=6173"}],"curies":[{"name":"wp","href":"https:\/\/api.w.org\/{rel}","templated":true}]}}