{"id":6236,"date":"2023-04-30T09:59:05","date_gmt":"2023-04-30T07:59:05","guid":{"rendered":"https:\/\/newweb.hospitalsagratcormartorell.org\/entre-tots\/?p=6236"},"modified":"2023-05-02T13:21:30","modified_gmt":"2023-05-02T11:21:30","slug":"celebracio-de-sant-benito-menni-a-lhospital-sagrat-cor","status":"publish","type":"post","link":"https:\/\/fundaciohospitalariesmartorell.org\/entre-tots\/2023\/04\/celebracio-de-sant-benito-menni-a-lhospital-sagrat-cor\/","title":{"rendered":"Celebraci\u00f3 de Sant Benito Menni a l\u2019Hospital Sagrat Cor"},"content":{"rendered":"<figure class=\"wp-block-post-featured-image\"><img loading=\"lazy\" decoding=\"async\" width=\"2048\" height=\"1536\" src=\"https:\/\/fundaciohospitalariesmartorell.org\/entre-tots\/wp-content\/uploads\/2023\/05\/edae2c65-400b-49e8-9f93-ce0a8de4c079.jpeg\" class=\"attachment-post-thumbnail size-post-thumbnail wp-post-image\" alt=\"\" style=\"object-fit:cover;\" \/><\/figure>\n\n\n<p>Amb motiu de la celebraci\u00f3 de Sant Benito Menni, l\u2019Hospital Sagrat Cor va organitzar diferents actes l\u2019\u00faltima setmana d\u2019abril. La celebraci\u00f3 de la Festivitat va comen\u00e7ar el 24 d\u2019abril, dia de Sant Benito Menni, i es va iniciar amb una solemne eucaristia a la capella del Centre, presidida per Mn. Esteve, que va comptar amb la participaci\u00f3 de la Coral de Masquefa. La superiora de l&#8217;Hospital, Sor Isabel Bl\u00e1zquez, va destacar la necessitat, ara m\u00e9s que mai, d&#8217;espais d&#8217;hospitalitat i d&#8217;actituds plenes de salut i pau, i va agrair a tot el personal col\u00b7laborador la seva aportaci\u00f3 en forma de professionalitat i d\u2019humanitat.<\/p>\n\n\n\n<p>Mn. Esteve va centrar l&#8217;homilia en el lema d&#8217;enguany de Germanes Hospital\u00e0ries Prov\u00edncia d&#8217;Espanya per a la Festivitat de Sant Benito Menni, \u2018Somos Protagonistas de Hospitalidad&#8217;. Va explicar que, perqu\u00e8 puguem integrar aquesta frase i fer-la nostra, cal dividir-la en tres parts: \u2018Som\u2019, \u2018Protagonistes\u2019 i \u2018Hospitalitat\u2019, i va desgranar el significat de cadascuna: \u201cLa manera com fem les coses reafirma all\u00f2 que som i hem de deixar empremta en el nostre cam\u00ed\u201c. \u201cEl protagonisme d&#8217;una persona \u00e9s quan realitza un acte que fa possible la salut espiritual dels altres\u201d. \u201cNo hi ha virtut m\u00e9s bonica que l&#8217;acollida a una altra persona\u201d.<\/p>\n\n\n\n<p>A continuaci\u00f3, una trentena de persones usu\u00e0ries van dur a terme diverses coreografies extretes de l&#8217;Sport2live, un programa d&#8217;activitat f\u00edsica que es va posar en marxa fa m\u00e9s d&#8217;un any i que va adre\u00e7at a millorar la rehabilitaci\u00f3 en salut mental.&nbsp;<\/p>\n\n\n\n<figure class=\"wp-block-image size-full\"><img loading=\"lazy\" decoding=\"async\" width=\"2048\" height=\"1130\" src=\"https:\/\/hospitalsagratcormartorell.org\/entre-tots\/wp-content\/uploads\/2023\/05\/sport2live.jpg\" alt=\"\" class=\"wp-image-6231\"\/><\/figure>\n\n\n\n<p>En el marc de la Festivitat de Sant Benito Menni tamb\u00e9 va tenir lloc la presentaci\u00f3 del llibre del I Concurs de receptes saludables de Nadal, de la m\u00e0 de la directora de l&#8217;\u00c0rea de Persones, Hortensia P\u00e9rez. P\u00e9rez va explicar que es tracta d&#8217;una iniciativa de la Comissi\u00f3 del Cuida&#8217;t x Cuidar, el projecte d&#8217;empresa saludable de l&#8217;Hospital Sagrat Cor, que s&#8217;espera que tingui continu\u00eftat i que compti cada vegada amb m\u00e9s participaci\u00f3.&nbsp;<\/p>\n\n\n\n<p>Es va aprofitar aquest acte de presentaci\u00f3 perqu\u00e8 Raquel Beltran, dietista, responsable de centre de Comertel-Aramark \u2012el prove\u00efdor de restauraci\u00f3 de l&#8217;Hospital\u2012 i membre de la Comissi\u00f3 del Cuida&#8217;t x Cuidar, expliqu\u00e9s la campanya \u2018Jornadas Bienestar 365&#8242;, unes jornades gastron\u00f2miques per promoure els productes de temporada. Tamb\u00e9 va fer lliurament del premi del sorteig que es va fer en el marc de la campanya, en concret, el 4 d&#8217;abril, i que va recaure en Mercedes P\u00e9rez, la nova coordinadora de Voluntariat del Centre.<\/p>\n\n\n\n<p>Finalment les persones assistents es van congregar en un aperitiu commemoratiu que es va celebrar a la cafeteria de l&#8217;Hospital.<\/p>\n\n\n\n<p>Els actes de celebraci\u00f3 van continuar el dijous 27 d\u2019abril, quan Inmaculada Garrido, directora del Colegio de la Fundaci\u00f3n Pur\u00edsima Concepci\u00f3n de Germanes Hospital\u00e0ries de Granada, va fer, a la sala d\u2019actes de l\u2019Hospital Sagrat Cor, una emotiva pon\u00e8ncia amb el nom de \u2018Comunicaci\u00f3 en clau d\u2019Hospitalitat\u2019. La superiora del Centre, Sor Isabel Bl\u00e1zquez, es va encarregar de fer-ne la introducci\u00f3.<\/p>\n\n\n\n<figure class=\"wp-block-image alignleft size-full is-resized\"><img loading=\"lazy\" decoding=\"async\" src=\"https:\/\/hospitalsagratcormartorell.org\/entre-tots\/wp-content\/uploads\/2023\/05\/9f48a5de-533e-43cb-b06e-dfd1f00e13a7.jpeg\" alt=\"\" class=\"wp-image-6227\" width=\"332\" height=\"249\"\/><\/figure>\n\n\n\n<p>Garrido va explicar que all\u00f2 que uneix totes les persones que treballen a la Instituci\u00f3 \u00e9s la identitat, que ens identifica i compr\u00e8n diversos valors, que es poden sintetitzar en un de sol: l\u2019hospitalitat. A continuaci\u00f3 va assenyalar que formem part d&#8217;una gran fam\u00edlia, plural i inclusiva. Tamb\u00e9 va destacar la necessitat de cuidar el nostre teixit relacional per donar resposta a la nostra ra\u00f3 de ser: la persona atesa. En aquest sentit, va posar damunt la taula i desgranar set elements que cal tenir molt en compte quan ens relacionem amb els pacients: empatia, claredat, paci\u00e8ncia, assertivitat, honestedat, confian\u00e7a i escolta.<\/p>\n\n\n\n<p>Va ser una pon\u00e8ncia molt rica en gestos, mirades i exemples, que va captivar les persones assistents a l&#8217;acte. I \u00e9s que, tal com va fer \u00e8mfasi la ponent, a Germanes Hospital\u00e0ries ens relacionem i ens comuniquem amb els altres donant, sempre, una mica m\u00e9s, \u00e9s a dir, sense quedar-nos en la superf\u00edcie.<br>&nbsp;<\/p>\n","protected":false},"excerpt":{"rendered":"<p>Amb motiu de la celebraci\u00f3 de Sant Benito Menni, l\u2019Hospital Sagrat Cor va organitzar diferents actes l\u2019\u00faltima setmana d\u2019abril. La celebraci\u00f3 de la Festivitat va comen\u00e7ar el 24 d\u2019abril, dia de Sant Benito Menni, i es va iniciar amb una solemne eucaristia a la capella del Centre, presidida per Mn. Esteve, que va comptar amb [&hellip;]<\/p>\n","protected":false},"author":2,"featured_media":6230,"comment_status":"closed","ping_status":"closed","sticky":false,"template":"","format":"standard","meta":{"footnotes":""},"categories":[27],"tags":[],"class_list":["post-6236","post","type-post","status-publish","format-standard","has-post-thumbnail","hentry","category-actualitat"],"blocksy_meta":{"styles_descriptor":{"styles":{"desktop":"","tablet":"","mobile":""},"google_fonts":[],"version":6}},"featured_image_urls_v2":{"full":["https:\/\/fundaciohospitalariesmartorell.org\/entre-tots\/wp-content\/uploads\/2023\/05\/edae2c65-400b-49e8-9f93-ce0a8de4c079.jpeg",2048,1536,false],"thumbnail":["https:\/\/fundaciohospitalariesmartorell.org\/entre-tots\/wp-content\/uploads\/2023\/05\/edae2c65-400b-49e8-9f93-ce0a8de4c079.jpeg",150,113,false],"medium":["https:\/\/fundaciohospitalariesmartorell.org\/entre-tots\/wp-content\/uploads\/2023\/05\/edae2c65-400b-49e8-9f93-ce0a8de4c079.jpeg",300,225,false],"medium_large":["https:\/\/fundaciohospitalariesmartorell.org\/entre-tots\/wp-content\/uploads\/2023\/05\/edae2c65-400b-49e8-9f93-ce0a8de4c079.jpeg",768,576,false],"large":["https:\/\/fundaciohospitalariesmartorell.org\/entre-tots\/wp-content\/uploads\/2023\/05\/edae2c65-400b-49e8-9f93-ce0a8de4c079.jpeg",1024,768,false],"1536x1536":["https:\/\/fundaciohospitalariesmartorell.org\/entre-tots\/wp-content\/uploads\/2023\/05\/edae2c65-400b-49e8-9f93-ce0a8de4c079.jpeg",1536,1152,false],"2048x2048":["https:\/\/fundaciohospitalariesmartorell.org\/entre-tots\/wp-content\/uploads\/2023\/05\/edae2c65-400b-49e8-9f93-ce0a8de4c079.jpeg",2048,1536,false],"mailpoet_newsletter_max":["https:\/\/fundaciohospitalariesmartorell.org\/entre-tots\/wp-content\/uploads\/2023\/05\/edae2c65-400b-49e8-9f93-ce0a8de4c079.jpeg",1320,990,false]},"post_excerpt_stackable_v2":"<p>Amb motiu de la celebraci\u00f3 de Sant Benito Menni, l\u2019Hospital Sagrat Cor va organitzar diferents actes l\u2019\u00faltima setmana d\u2019abril. La celebraci\u00f3 de la Festivitat va comen\u00e7ar el 24 d\u2019abril, dia de Sant Benito Menni, i es va iniciar amb una solemne eucaristia a la capella del Centre, presidida per Mn. Esteve, que va comptar amb la participaci\u00f3 de la Coral de Masquefa. La superiora de l&#8217;Hospital, Sor Isabel Bl\u00e1zquez, va destacar la necessitat, ara m\u00e9s que mai, d&#8217;espais d&#8217;hospitalitat i d&#8217;actituds plenes de salut i pau, i va agrair a tot el personal col\u00b7laborador la seva aportaci\u00f3 en forma de&hellip;<\/p>\n","category_list_v2":"<a href=\"https:\/\/fundaciohospitalariesmartorell.org\/entre-tots\/category\/actualitat\/\" rel=\"category tag\">ACTUALITAT<\/a>","author_info_v2":{"name":"Sagrat Cor","url":"https:\/\/fundaciohospitalariesmartorell.org\/entre-tots\/author\/daniel\/"},"comments_num_v2":"0 comments","_links":{"self":[{"href":"https:\/\/fundaciohospitalariesmartorell.org\/entre-tots\/wp-json\/wp\/v2\/posts\/6236","targetHints":{"allow":["GET"]}}],"collection":[{"href":"https:\/\/fundaciohospitalariesmartorell.org\/entre-tots\/wp-json\/wp\/v2\/posts"}],"about":[{"href":"https:\/\/fundaciohospitalariesmartorell.org\/entre-tots\/wp-json\/wp\/v2\/types\/post"}],"author":[{"embeddable":true,"href":"https:\/\/fundaciohospitalariesmartorell.org\/entre-tots\/wp-json\/wp\/v2\/users\/2"}],"replies":[{"embeddable":true,"href":"https:\/\/fundaciohospitalariesmartorell.org\/entre-tots\/wp-json\/wp\/v2\/comments?post=6236"}],"version-history":[{"count":6,"href":"https:\/\/fundaciohospitalariesmartorell.org\/entre-tots\/wp-json\/wp\/v2\/posts\/6236\/revisions"}],"predecessor-version":[{"id":6244,"href":"https:\/\/fundaciohospitalariesmartorell.org\/entre-tots\/wp-json\/wp\/v2\/posts\/6236\/revisions\/6244"}],"wp:featuredmedia":[{"embeddable":true,"href":"https:\/\/fundaciohospitalariesmartorell.org\/entre-tots\/wp-json\/wp\/v2\/media\/6230"}],"wp:attachment":[{"href":"https:\/\/fundaciohospitalariesmartorell.org\/entre-tots\/wp-json\/wp\/v2\/media?parent=6236"}],"wp:term":[{"taxonomy":"category","embeddable":true,"href":"https:\/\/fundaciohospitalariesmartorell.org\/entre-tots\/wp-json\/wp\/v2\/categories?post=6236"},{"taxonomy":"post_tag","embeddable":true,"href":"https:\/\/fundaciohospitalariesmartorell.org\/entre-tots\/wp-json\/wp\/v2\/tags?post=6236"}],"curies":[{"name":"wp","href":"https:\/\/api.w.org\/{rel}","templated":true}]}}