{"id":6243,"date":"2023-04-30T10:03:14","date_gmt":"2023-04-30T08:03:14","guid":{"rendered":"https:\/\/newweb.hospitalsagratcormartorell.org\/entre-tots\/?p=6243"},"modified":"2023-05-02T13:21:21","modified_gmt":"2023-05-02T11:21:21","slug":"visita-del-pacte-nacional-de-salut-mental-a-catalunya","status":"publish","type":"post","link":"https:\/\/fundaciohospitalariesmartorell.org\/entre-tots\/2023\/04\/visita-del-pacte-nacional-de-salut-mental-a-catalunya\/","title":{"rendered":"Visita del Pacte Nacional de Salut Mental a Catalunya"},"content":{"rendered":"<figure class=\"wp-block-post-featured-image\"><img loading=\"lazy\" decoding=\"async\" width=\"1600\" height=\"1200\" src=\"https:\/\/fundaciohospitalariesmartorell.org\/entre-tots\/wp-content\/uploads\/2023\/05\/1e122644-58dc-488b-a77f-2539ea8af87a.jpeg\" class=\"attachment-post-thumbnail size-post-thumbnail wp-post-image\" alt=\"\" style=\"object-fit:cover;\" \/><\/figure>\n\n\n<p>Una representaci\u00f3 d\u2019integrants del Pacte Nacional de Salut Mental a Catalunya va visitar l\u2019Hospital Sagrat Cor el 19 d\u2019abril. L\u2019objectiu d\u2019aquesta visita era con\u00e8ixer com s\u2019est\u00e0 desenvolupant al Centre el programa d\u2019activitat f\u00edsica per millorar la rehabilitaci\u00f3 en salut mental de la m\u00e0 d\u2019Sport2live. Aquest programa est\u00e0 adre\u00e7at a les persones usu\u00e0ries amb un problema de salut mental ingressades a les unitats de rehabilitaci\u00f3 i es va posar en marxa el febrer de 2022. Tot aix\u00f2 perqu\u00e8 el Pacte Nacional de Salut Mental est\u00e0 estudiant com integrar diferents disciplines, entre les quals hi ha l\u2019esport, a dins dels serveis de salut mental.<\/p>\n\n\n\n<p>Els visitants van assistir a dos programes d\u2019exercici amb persones usu\u00e0ries de l\u2019Hospital i els van explicar en profunditat la metodologia que s\u2019hi utilitza, aix\u00ed com les diferents activitats que s\u2019hi duen a terme. A m\u00e9s, Meritxell Argem\u00ed, coordinadora d\u2019Infermeria de l\u2019\u00c0rea de Rehabilitaci\u00f3, Juanma P\u00e9rez, coordinador d\u2019Infermeria del Torn de Tarda, i Josep Tristany, coordinador de l\u2019\u00c0rea de Rehabilitaci\u00f3 en Salut Mental, van explicar a la representaci\u00f3 del Pacte Nacional de Salut Mental a Catalunya com funciona la rehabilitaci\u00f3 a dins del Centre i com s\u2019est\u00e0 integrant l\u2019esport, no com una cosa l\u00fadica, sin\u00f3 com una activitat m\u00e9s que forma part del programa individual per a cada persona atesa.<\/p>\n\n\n\n<figure class=\"wp-block-image size-full\"><img loading=\"lazy\" decoding=\"async\" width=\"1600\" height=\"1200\" src=\"https:\/\/hospitalsagratcormartorell.org\/entre-tots\/wp-content\/uploads\/2023\/05\/6ea7b533-9383-4513-b776-48f18fb6b5cb.jpeg\" alt=\"\" class=\"wp-image-6248\"\/><\/figure>\n\n\n\n<p>Un altre objectiu d&#8217;aquest programa esportiu \u00e9s reduir la simptomatologia associada a la malaltia mental, aix\u00ed com facilitar la integraci\u00f3 social de les persones usu\u00e0ries una vegada donades d&#8217;alta, mitjan\u00e7ant la vinculaci\u00f3 amb els recursos esportius de la comunitat. \u201c\u00c9s molt important que, quan la persona atesa rep l\u2019alta hospital\u00e0ria, continu\u00ef la vinculaci\u00f3 amb l\u2019esport tamb\u00e9 fora del Centre\u201d, explica Meritxell Argem\u00ed, i afegeix que l\u2019\u00e8xit del programa es deu a l\u2019estructura de coordinaci\u00f3 entre els professionals d\u2019Sport2live, els terapeutes ocupacionals, l\u2019educador social i els auxiliars dels programes. \u201cAmb una reuni\u00f3 setmanal aconsegueixen una estructura s\u00f2lida i incorporen l\u2019esport com a eina terap\u00e8utica dins dels programes individuals de rehabilitaci\u00f3 i reinserci\u00f3 dels pacients\u201d, puntualitza Argem\u00ed.<\/p>\n\n\n\n<figure class=\"wp-block-image size-full\"><img loading=\"lazy\" decoding=\"async\" width=\"1600\" height=\"1200\" src=\"https:\/\/hospitalsagratcormartorell.org\/entre-tots\/wp-content\/uploads\/2023\/05\/a7509d39-bfcd-424a-9ef2-aff9e26d2cc7.jpeg\" alt=\"\" class=\"wp-image-6252\"\/><\/figure>\n\n\n\n<p>\u201cFeia anys que hav\u00edem detectat la necessitat d&#8217;iniciar un programa d&#8217;aquest tipus per\u00f2 la pand\u00e8mia de covid-19 ho va aguditzar\u201d, comenta Pilar Herrero, directora d&#8217;Infermeria de l&#8217;Hospital Sagrat Cor. Herrero va recordar que, durant els mesos m\u00e9s \u00e0lgids de la crisi sanit\u00e0ria, vam haver d&#8217;aturar l&#8217;activitat dels recursos comunitaris del Centre, per la qual cosa vam demanar al seu personal professional que es desplac\u00e9s fins a l&#8217;Hospital. \u201cEn aquell context, l&#8217;increment d&#8217;activitats a les unitats d&#8217;hospitalitzaci\u00f3 ja va comportar moltes millores en les persones ateses, f\u00edsicament per\u00f2, sobretot, psicol\u00f2gicament\u201d, assegura.<\/p>\n","protected":false},"excerpt":{"rendered":"<p>Una representaci\u00f3 d\u2019integrants del Pacte Nacional de Salut Mental a Catalunya va visitar l\u2019Hospital Sagrat Cor el 19 d\u2019abril. L\u2019objectiu d\u2019aquesta visita era con\u00e8ixer com s\u2019est\u00e0 desenvolupant al Centre el programa d\u2019activitat f\u00edsica per millorar la rehabilitaci\u00f3 en salut mental de la m\u00e0 d\u2019Sport2live. Aquest programa est\u00e0 adre\u00e7at a les persones usu\u00e0ries amb un problema [&hellip;]<\/p>\n","protected":false},"author":2,"featured_media":6247,"comment_status":"closed","ping_status":"closed","sticky":false,"template":"","format":"standard","meta":{"footnotes":""},"categories":[27],"tags":[],"class_list":["post-6243","post","type-post","status-publish","format-standard","has-post-thumbnail","hentry","category-actualitat"],"blocksy_meta":{"styles_descriptor":{"styles":{"desktop":"","tablet":"","mobile":""},"google_fonts":[],"version":6}},"featured_image_urls_v2":{"full":["https:\/\/fundaciohospitalariesmartorell.org\/entre-tots\/wp-content\/uploads\/2023\/05\/1e122644-58dc-488b-a77f-2539ea8af87a.jpeg",1600,1200,false],"thumbnail":["https:\/\/fundaciohospitalariesmartorell.org\/entre-tots\/wp-content\/uploads\/2023\/05\/1e122644-58dc-488b-a77f-2539ea8af87a.jpeg",150,113,false],"medium":["https:\/\/fundaciohospitalariesmartorell.org\/entre-tots\/wp-content\/uploads\/2023\/05\/1e122644-58dc-488b-a77f-2539ea8af87a.jpeg",300,225,false],"medium_large":["https:\/\/fundaciohospitalariesmartorell.org\/entre-tots\/wp-content\/uploads\/2023\/05\/1e122644-58dc-488b-a77f-2539ea8af87a.jpeg",768,576,false],"large":["https:\/\/fundaciohospitalariesmartorell.org\/entre-tots\/wp-content\/uploads\/2023\/05\/1e122644-58dc-488b-a77f-2539ea8af87a.jpeg",1024,768,false],"1536x1536":["https:\/\/fundaciohospitalariesmartorell.org\/entre-tots\/wp-content\/uploads\/2023\/05\/1e122644-58dc-488b-a77f-2539ea8af87a.jpeg",1536,1152,false],"2048x2048":["https:\/\/fundaciohospitalariesmartorell.org\/entre-tots\/wp-content\/uploads\/2023\/05\/1e122644-58dc-488b-a77f-2539ea8af87a.jpeg",1600,1200,false],"mailpoet_newsletter_max":["https:\/\/fundaciohospitalariesmartorell.org\/entre-tots\/wp-content\/uploads\/2023\/05\/1e122644-58dc-488b-a77f-2539ea8af87a.jpeg",1320,990,false]},"post_excerpt_stackable_v2":"<p>Una representaci\u00f3 d\u2019integrants del Pacte Nacional de Salut Mental a Catalunya va visitar l\u2019Hospital Sagrat Cor el 19 d\u2019abril. L\u2019objectiu d\u2019aquesta visita era con\u00e8ixer com s\u2019est\u00e0 desenvolupant al Centre el programa d\u2019activitat f\u00edsica per millorar la rehabilitaci\u00f3 en salut mental de la m\u00e0 d\u2019Sport2live. Aquest programa est\u00e0 adre\u00e7at a les persones usu\u00e0ries amb un problema de salut mental ingressades a les unitats de rehabilitaci\u00f3 i es va posar en marxa el febrer de 2022. Tot aix\u00f2 perqu\u00e8 el Pacte Nacional de Salut Mental est\u00e0 estudiant com integrar diferents disciplines, entre les quals hi ha l\u2019esport, a dins dels serveis de&hellip;<\/p>\n","category_list_v2":"<a href=\"https:\/\/fundaciohospitalariesmartorell.org\/entre-tots\/category\/actualitat\/\" rel=\"category tag\">ACTUALITAT<\/a>","author_info_v2":{"name":"Sagrat Cor","url":"https:\/\/fundaciohospitalariesmartorell.org\/entre-tots\/author\/daniel\/"},"comments_num_v2":"0 comments","_links":{"self":[{"href":"https:\/\/fundaciohospitalariesmartorell.org\/entre-tots\/wp-json\/wp\/v2\/posts\/6243","targetHints":{"allow":["GET"]}}],"collection":[{"href":"https:\/\/fundaciohospitalariesmartorell.org\/entre-tots\/wp-json\/wp\/v2\/posts"}],"about":[{"href":"https:\/\/fundaciohospitalariesmartorell.org\/entre-tots\/wp-json\/wp\/v2\/types\/post"}],"author":[{"embeddable":true,"href":"https:\/\/fundaciohospitalariesmartorell.org\/entre-tots\/wp-json\/wp\/v2\/users\/2"}],"replies":[{"embeddable":true,"href":"https:\/\/fundaciohospitalariesmartorell.org\/entre-tots\/wp-json\/wp\/v2\/comments?post=6243"}],"version-history":[{"count":2,"href":"https:\/\/fundaciohospitalariesmartorell.org\/entre-tots\/wp-json\/wp\/v2\/posts\/6243\/revisions"}],"predecessor-version":[{"id":6255,"href":"https:\/\/fundaciohospitalariesmartorell.org\/entre-tots\/wp-json\/wp\/v2\/posts\/6243\/revisions\/6255"}],"wp:featuredmedia":[{"embeddable":true,"href":"https:\/\/fundaciohospitalariesmartorell.org\/entre-tots\/wp-json\/wp\/v2\/media\/6247"}],"wp:attachment":[{"href":"https:\/\/fundaciohospitalariesmartorell.org\/entre-tots\/wp-json\/wp\/v2\/media?parent=6243"}],"wp:term":[{"taxonomy":"category","embeddable":true,"href":"https:\/\/fundaciohospitalariesmartorell.org\/entre-tots\/wp-json\/wp\/v2\/categories?post=6243"},{"taxonomy":"post_tag","embeddable":true,"href":"https:\/\/fundaciohospitalariesmartorell.org\/entre-tots\/wp-json\/wp\/v2\/tags?post=6243"}],"curies":[{"name":"wp","href":"https:\/\/api.w.org\/{rel}","templated":true}]}}