{"id":6256,"date":"2023-04-30T10:14:15","date_gmt":"2023-04-30T08:14:15","guid":{"rendered":"https:\/\/newweb.hospitalsagratcormartorell.org\/entre-tots\/?p=6256"},"modified":"2023-05-02T13:17:58","modified_gmt":"2023-05-02T11:17:58","slug":"el-model-martorell-datencio-als-trastorns-de-personalitat","status":"publish","type":"post","link":"https:\/\/fundaciohospitalariesmartorell.org\/entre-tots\/2023\/04\/el-model-martorell-datencio-als-trastorns-de-personalitat\/","title":{"rendered":"El model Martorell d\u2019atenci\u00f3 als trastorns de personalitat"},"content":{"rendered":"<figure class=\"wp-block-post-featured-image\"><img loading=\"lazy\" decoding=\"async\" width=\"1646\" height=\"1194\" src=\"https:\/\/fundaciohospitalariesmartorell.org\/entre-tots\/wp-content\/uploads\/2023\/04\/Captura-de-pantalla-2023-05-02-a-les-11.52.23.jpg\" class=\"attachment-post-thumbnail size-post-thumbnail wp-post-image\" alt=\"\" style=\"object-fit:cover;\" \/><\/figure>\n\n\n<p style=\"font-size:clamp(15.197px, 0.95rem + ((1vw - 3.2px) * 0.61), 23px);\"><strong>&#8220;En moltes ocasions parlo de la desesperaci\u00f3, dels petits moments de desesperaci\u00f3 m\u00e0xima. No m\u2019agraden, no m\u2019agraden gens perqu\u00e8 sento que no controlo res, que no puc controlar els meus pensaments i, a vegades, ni les meves accions&#8221;.&nbsp;<\/strong><\/p>\n\n\n\n<p style=\"font-size:clamp(15.197px, 0.95rem + ((1vw - 3.2px) * 0.61), 23px);\"><strong>&#8220;\u00c9s com que les coses em sobrepassen i el got mig ple, s\u2019omple de cop, i vessa (&#8230;) Em converteixo en una persona totalment irracional, tots els que estimo, els que vull que estiguin a la meva vida, tot all\u00f2 pel que cada dia m\u2019acabo llevant deixa de tenir import\u00e0ncia. No m\u2019agafo a res. Tant se val tot (&#8230;) \u00c9s indifer\u00e8ncia. \u00c9s el desig de deixar de patir, de deixar que el vaixell s\u2019enfonsi (&#8230;) En realitat, all\u00f2 que busco \u00e9s tan sols pau mental&#8221;.&nbsp;<\/strong><\/p>\n\n\n\n<p>Aquests s\u00f3n dos extractes d\u2019una carta que va escriure la P., una pacient de 21 anys amb Trastorn L\u00edmit de la Personalitat (TLP), despr\u00e9s del primer intent de su\u00efcidi i abans de ser diagnosticada d\u2019aquest trastorn a l\u2019Hospital Sagrat Cor.<\/p>\n\n\n\n<p>La desesperaci\u00f3 i el patiment extrem s\u00f3n dos dels trets caracter\u00edstics del TLP, una malaltia mental greu i cr\u00f2nica que es caracteritza per la inestabilitat en les relacions personals, les emocions extremes, la distorsi\u00f3 de l\u2019autoimatge i la car\u00e8ncia de control dels impulsos.<\/p>\n\n\n\n<p>L\u2019any 2007, dos professionals de l\u2019Hospital Sagrat Cor, el doctor&nbsp;Pedro Yscadar, psiquiatre de la Unitat d\u2019Aguts, i Rosa Rodr\u00edguez, terapeuta ocupacional de l\u2019\u00c0rea de Rehabilitaci\u00f3 Hospital\u00e0ria, van voler donar una resposta diferent a les persones amb trastorn l\u00edmit de personalitat de la que es donava en aquells moments i van desenvolupar un programa d\u2019atenci\u00f3 espec\u00edfica al TLP, que es caracteritza per la interacci\u00f3 permanent de professionals de diferents disciplines, com la psicoter\u00e0pia, la infermeria i la ter\u00e0pia ocupacional. En el disseny d\u2019aquest programa tamb\u00e9 hi van intervenir Josep Tristany, coordinador de l\u2019\u00c0rea de Rehabilitaci\u00f3, i Anna Donaire, en aquells moments psic\u00f2loga de l\u2019\u00c0rea de Rehabilitaci\u00f3.<\/p>\n\n\n\n<figure class=\"wp-block-image size-full\"><img loading=\"lazy\" decoding=\"async\" width=\"3048\" height=\"1938\" src=\"https:\/\/hospitalsagratcormartorell.org\/entre-tots\/wp-content\/uploads\/2023\/05\/20230428_234625.jpg\" alt=\"\" class=\"wp-image-6259\"\/><\/figure>\n\n\n\n<p>Els professionals del Centre que han treballat i treballen aquest pla d\u2019intervenci\u00f3 l\u2019anomenen \u2018model Martorell\u2019, ja que \u00e9s un programa que han anat construint ells mateixos amb els anys i que \u00e9s fruit de la integraci\u00f3 de fins a set models diferents de diversos \u00e0mbits terap\u00e8utics, com la psicologia humanista de Maslow, el model de comportament ocupacional de M. Reilly o el model de psicoter\u00e0pia anal\u00edtica de Jung.<\/p>\n\n\n\n<p>Al seg\u00fcent v\u00eddeo el Dr. Yscadar i Rosa Rodr\u00edguez ens expliquen l\u2019origen i particularitats del model Martorell d\u2019atenci\u00f3 als trastorns de personalitat:<\/p>\n\n\n\n<figure class=\"wp-block-embed is-type-video is-provider-youtube wp-block-embed-youtube wp-embed-aspect-16-9 wp-has-aspect-ratio\"><div class=\"wp-block-embed__wrapper\">\n<iframe loading=\"lazy\" title=\"Model Martorell d&#039;atenci\u00f3 als trastorns de personalitat\" width=\"1290\" height=\"726\" src=\"https:\/\/www.youtube.com\/embed\/CdEtUKXyiIA?feature=oembed\" frameborder=\"0\" allow=\"accelerometer; autoplay; clipboard-write; encrypted-media; gyroscope; picture-in-picture; web-share\" allowfullscreen><\/iframe>\n<\/div><\/figure>\n\n\n\n<p>El programa d\u2019atenci\u00f3 espec\u00edfica a les persones amb TLP a nivell hospitalari es va comen\u00e7ar a aplicar a mitjan setembre passat, a la Unitat d\u2019Aguts. Cadascuna de les fases t\u00e9 unes activitats que es van jerarquitzant en funci\u00f3 de l\u2019estat del pacient. \u201cEls resultats obtinguts fins a dia d\u2019avui s\u00f3n molt bons i demostren que aquest treball en equip repercuteix en una menor taxa de reingressos que en altres hospitals\u201d, assenyala en Dr. Yscadar.<\/p>\n\n\n\n<p>Aquest programa compta amb una nova figura professional: el treballador social. Aix\u00ed, cada setmana el pacient amb un trastorn l\u00edmit de personalitat ingressat a la Unitat d\u2019Aguts de l\u2019Hospital Sagrat Cor rep atenci\u00f3 psicoterap\u00e8utica individual i col\u00b7lectiva, de ter\u00e0pia ocupacional, a partir d\u2019un taller de joc i, tamb\u00e9, atenci\u00f3 grupal de treball social.<\/p>\n\n\n\n<figure class=\"wp-block-gallery alignright has-nested-images columns-default is-cropped wp-block-gallery-1 is-layout-flex wp-block-gallery-is-layout-flex\">\n<figure class=\"wp-block-image size-large\"><img loading=\"lazy\" decoding=\"async\" width=\"866\" height=\"686\" data-id=\"6261\" src=\"https:\/\/hospitalsagratcormartorell.org\/entre-tots\/wp-content\/uploads\/2023\/05\/IMG-20230426-WA0087.jpg\" alt=\"\" class=\"wp-image-6261\"\/><figcaption class=\"wp-element-caption\">Un dels jocs que s&#8217;utilitzen a ter\u00e0pia ocupacional<\/figcaption><\/figure>\n<\/figure>\n\n\n\n<p>Els professionals del grup de TLP del Centre expliquen que l\u2019objectiu d\u2019aquest tractament \u00e9s que el pacient aprengui a gestionar el seu malestar emocional, que es tradueix en angoixa, ansietat, r\u00e0bia i frustraci\u00f3.<\/p>\n\n\n\n<p>Aquest grup constitu\u00eft per prestar aquesta atenci\u00f3 espec\u00edfica en TLP est\u00e0 format pel Dr. Yscadar i la Rosa Rodr\u00edguez, junt amb Javier Anta, terapeuta ocupacional; Mercedes P\u00e9rez, treballadora social; Nuria Jaurrieta, psic\u00f2loga; Andrea Caparr\u00f3s, treballadora social; Clara Mostalac, psiquiatra resident, i C\u00e8lia Llorens, psic\u00f2loga resident. Josep Tristany i Anna Donaire s\u00f3n, actualment, assessors del programa.<\/p>\n\n\n\n<p>Tots ells es reuneixen dues vegades per setmana per consensuar el tractament que s\u2019ofereix a cada pacient. \u201cQuan ha faltat algun professional perqu\u00e8 estava de baixa o per qualsevol altre motiu s\u2019ha seguit oferint l\u2019atenci\u00f3, cosa que significa que tots els membres del grup tenim el mateix pes i que s\u2019ha generat un coneixement compartit\u201d, expliquen.<\/p>\n\n\n\n<figure class=\"wp-block-gallery has-nested-images columns-default is-cropped wp-block-gallery-2 is-layout-flex wp-block-gallery-is-layout-flex\">\n<figure class=\"wp-block-image size-full\"><img loading=\"lazy\" decoding=\"async\" width=\"1600\" height=\"739\" data-id=\"6260\" src=\"https:\/\/hospitalsagratcormartorell.org\/entre-tots\/wp-content\/uploads\/2023\/05\/equip-TLP.jpg\" alt=\"\" class=\"wp-image-6260\"\/><figcaption class=\"wp-element-caption\">Equip TLP Hospital Sagrat Cor<\/figcaption><\/figure>\n<\/figure>\n\n\n\n<div class=\"wp-block-stackable-heading stk-block-heading stk-block-heading--v2 stk-block stk-367c6fb\" id=\"strong-tallers-multifamiliars-strong\" data-block-id=\"367c6fb\"><h5 class=\"stk-block-heading__text\"><strong>Tallers multifamiliars<\/strong><\/h5><\/div>\n\n\n\n<p>Cal destacar la creaci\u00f3, tamb\u00e9 des del passat mes de setembre, per iniciativa de Nuria Jaurrieta, de tallers multifamiliars, que van m\u00e9s enll\u00e0 de l\u2019ingr\u00e9s del pacient a la Unitat d\u2019Aguts. En aquestes sessions conflueixen persones amb TLP que estan ingressades a Aguts i les seves fam\u00edlies, moltes de les quals estan desbordades, i pacients amb aquest trastorn que ja han estat donats d\u2019alta i es troben en tractament ambulatori, junt amb les seves fam\u00edlies. Se celebren un dia a la setmana, els divendres, compten amb l\u2019acompanyament dels professionals i els assistents poden compartir preocupacions, experi\u00e8ncies, fites assolides&#8230;<\/p>\n\n\n\n<p>La P. va rebre el primer diagn\u00f2stic de TLP al nostre Centre el 2022, despr\u00e9s de quatre anys de calvari amb diversos intents de su\u00efcidi. Avui dia segueix vinculada a l\u2019Hospital Sagrat Cor a trav\u00e9s dels grups multifamiliars, que reconeix que l\u2019ajuden a tirar endavant escoltant i traslladant coneixements apresos sobre la malaltia a persones en les quals veu el seu reflex de temps enrere.<\/p>\n\n\n\n<p>L\u2019Edgar, de 22 anys, tamb\u00e9 va ser diagnosticat per primera vegada a l\u2019Hospital Sagrat Cor quan en tenia 19 i, ara que ja li han donat d\u2019alta, segueix venint a aquestes sessions del divendres per poder seguir donant continu\u00eftat al seu tractament. Ambd\u00f3s venen acompanyats dels seus pares, ja que el suport de la fam\u00edlia \u00e9s un element clau per poder tirar endavant quan tens un trastorn l\u00edmit de personalitat.<\/p>\n\n\n\n<figure class=\"wp-block-gallery has-nested-images columns-default is-cropped wp-block-gallery-3 is-layout-flex wp-block-gallery-is-layout-flex\">\n<figure class=\"wp-block-image size-full\"><img loading=\"lazy\" decoding=\"async\" width=\"1600\" height=\"754\" data-id=\"6264\" src=\"https:\/\/hospitalsagratcormartorell.org\/entre-tots\/wp-content\/uploads\/2023\/05\/taller-multifamiliar.jpg\" alt=\"\" class=\"wp-image-6264\"\/><figcaption class=\"wp-element-caption\">Grup multifamiliar a l\u2019Hospital Sagrat Cor<\/figcaption><\/figure>\n<\/figure>\n\n\n\n<div class=\"wp-block-stackable-heading stk-block-heading stk-block-heading--v2 stk-block stk-f4a6f82\" id=\"strong-missatge-desperanca-per-a-pacients-i-families-strong\" data-block-id=\"f4a6f82\"><h5 class=\"stk-block-heading__text\"><strong>Missatge d\u2019esperan\u00e7a per a pacients i fam\u00edlies<\/strong><\/h5><\/div>\n\n\n\n<p>Els professionals alerten de l\u2019augment de casos de TLP els darrers anys. Una evid\u00e8ncia del creixement d\u2019aquest trastorn l\u2019observem al nostre Hospital on, a dia d\u2019avui, un de cada quatre pacients donats d\u2019alta a Aguts t\u00e9 TLP. Tamb\u00e9 assenyalen que es manifesta a edats cada vegada m\u00e9s primerenques, a l\u2019Hospital Sagrat Cor l\u2019edat mitjana d\u2019aquest col\u00b7lectiu de pacients \u00e9s de 22-23 anys.&nbsp;<\/p>\n\n\n\n<p>Tanmateix, insisteixen en la import\u00e0ncia de traslladar un missatge positiu: existeix un tractament i funciona, nom\u00e9s cal conscienciar aquests pacients que poden tirar endavant i que s\u2019han de deixar ajudar. En la mateixa l\u00ednia, tant la P. com l\u2019Edgar reconeixen que avui dia se senten m\u00e9s forts i que han apr\u00e8s eines per portar millor la malaltia, com dutxes d\u2019aigua freda, agafar un gla\u00e7\u00f3 de gel i posar-se\u2019l a sobre la pell, mindfulness&#8230;<\/p>\n\n\n\n<p>\u201cSi abans no veia la llum i no tenia ganes de seguir vivint, com a soluci\u00f3 a deixar de patir, ara veig una porta o una finestra cap a on s\u00e9 que he d\u2019anar\u201d, explica la P.<\/p>\n\n\n\n<p>\u201cHe passat d\u2019estar enfonsat i sentir-me molt sol a estar envoltat de persones que em fan costat, gr\u00e0cies en gran part als ingressos que he fet a l\u2019Hospital Sagrat Cor, on he conegut gent que pateix la mateixa malaltia i que s\u2019han convertit en amics i amigues\u201d, afirma l\u2019Edgar.<\/p>\n\n\n\n<figure class=\"wp-block-gallery has-nested-images columns-default is-cropped wp-block-gallery-4 is-layout-flex wp-block-gallery-is-layout-flex\">\n<figure class=\"wp-block-image size-large\"><img loading=\"lazy\" decoding=\"async\" width=\"3472\" height=\"3472\" data-id=\"6258\" src=\"https:\/\/hospitalsagratcormartorell.org\/entre-tots\/wp-content\/uploads\/2023\/05\/20230426_173524.jpg\" alt=\"\" class=\"wp-image-6258\"\/><figcaption class=\"wp-element-caption\">P.<\/figcaption><\/figure>\n\n\n\n<figure class=\"wp-block-image size-large\"><img loading=\"lazy\" decoding=\"async\" width=\"547\" height=\"547\" data-id=\"6262\" src=\"https:\/\/hospitalsagratcormartorell.org\/entre-tots\/wp-content\/uploads\/2023\/05\/IMG-20230429-WA0008.jpg\" alt=\"\" class=\"wp-image-6262\"\/><figcaption class=\"wp-element-caption\">Edgar<\/figcaption><\/figure>\n<\/figure>\n","protected":false},"excerpt":{"rendered":"<p>&#8220;En moltes ocasions parlo de la desesperaci\u00f3, dels petits moments de desesperaci\u00f3 m\u00e0xima. No m\u2019agraden, no m\u2019agraden gens perqu\u00e8 sento que no controlo res, que no puc controlar els meus pensaments i, a vegades, ni les meves accions&#8221;.&nbsp; &#8220;\u00c9s com que les coses em sobrepassen i el got mig ple, s\u2019omple de cop, i vessa [&hellip;]<\/p>\n","protected":false},"author":2,"featured_media":6293,"comment_status":"closed","ping_status":"closed","sticky":false,"template":"","format":"standard","meta":{"footnotes":""},"categories":[28],"tags":[],"class_list":["post-6256","post","type-post","status-publish","format-standard","has-post-thumbnail","hentry","category-tot-aixo-es-nostre"],"blocksy_meta":{"styles_descriptor":{"styles":{"desktop":"","tablet":"","mobile":""},"google_fonts":[],"version":6}},"featured_image_urls_v2":{"full":["https:\/\/fundaciohospitalariesmartorell.org\/entre-tots\/wp-content\/uploads\/2023\/04\/Captura-de-pantalla-2023-05-02-a-les-11.52.23.jpg",1646,1194,false],"thumbnail":["https:\/\/fundaciohospitalariesmartorell.org\/entre-tots\/wp-content\/uploads\/2023\/04\/Captura-de-pantalla-2023-05-02-a-les-11.52.23.jpg",150,109,false],"medium":["https:\/\/fundaciohospitalariesmartorell.org\/entre-tots\/wp-content\/uploads\/2023\/04\/Captura-de-pantalla-2023-05-02-a-les-11.52.23.jpg",300,218,false],"medium_large":["https:\/\/fundaciohospitalariesmartorell.org\/entre-tots\/wp-content\/uploads\/2023\/04\/Captura-de-pantalla-2023-05-02-a-les-11.52.23.jpg",768,557,false],"large":["https:\/\/fundaciohospitalariesmartorell.org\/entre-tots\/wp-content\/uploads\/2023\/04\/Captura-de-pantalla-2023-05-02-a-les-11.52.23.jpg",1024,743,false],"1536x1536":["https:\/\/fundaciohospitalariesmartorell.org\/entre-tots\/wp-content\/uploads\/2023\/04\/Captura-de-pantalla-2023-05-02-a-les-11.52.23.jpg",1536,1114,false],"2048x2048":["https:\/\/fundaciohospitalariesmartorell.org\/entre-tots\/wp-content\/uploads\/2023\/04\/Captura-de-pantalla-2023-05-02-a-les-11.52.23.jpg",1646,1194,false],"mailpoet_newsletter_max":["https:\/\/fundaciohospitalariesmartorell.org\/entre-tots\/wp-content\/uploads\/2023\/04\/Captura-de-pantalla-2023-05-02-a-les-11.52.23.jpg",1320,958,false]},"post_excerpt_stackable_v2":"<p>&#8220;En moltes ocasions parlo de la desesperaci\u00f3, dels petits moments de desesperaci\u00f3 m\u00e0xima. No m\u2019agraden, no m\u2019agraden gens perqu\u00e8 sento que no controlo res, que no puc controlar els meus pensaments i, a vegades, ni les meves accions&#8221;.&nbsp; &#8220;\u00c9s com que les coses em sobrepassen i el got mig ple, s\u2019omple de cop, i vessa (&#8230;) Em converteixo en una persona totalment irracional, tots els que estimo, els que vull que estiguin a la meva vida, tot all\u00f2 pel que cada dia m\u2019acabo llevant deixa de tenir import\u00e0ncia. No m\u2019agafo a res. Tant se val tot (&#8230;) \u00c9s indifer\u00e8ncia. \u00c9s&hellip;<\/p>\n","category_list_v2":"<a href=\"https:\/\/fundaciohospitalariesmartorell.org\/entre-tots\/category\/tot-aixo-es-nostre\/\" rel=\"category tag\">TOT AIX\u00d2 \u00c9S NOSTRE<\/a>","author_info_v2":{"name":"Sagrat Cor","url":"https:\/\/fundaciohospitalariesmartorell.org\/entre-tots\/author\/daniel\/"},"comments_num_v2":"0 comments","_links":{"self":[{"href":"https:\/\/fundaciohospitalariesmartorell.org\/entre-tots\/wp-json\/wp\/v2\/posts\/6256","targetHints":{"allow":["GET"]}}],"collection":[{"href":"https:\/\/fundaciohospitalariesmartorell.org\/entre-tots\/wp-json\/wp\/v2\/posts"}],"about":[{"href":"https:\/\/fundaciohospitalariesmartorell.org\/entre-tots\/wp-json\/wp\/v2\/types\/post"}],"author":[{"embeddable":true,"href":"https:\/\/fundaciohospitalariesmartorell.org\/entre-tots\/wp-json\/wp\/v2\/users\/2"}],"replies":[{"embeddable":true,"href":"https:\/\/fundaciohospitalariesmartorell.org\/entre-tots\/wp-json\/wp\/v2\/comments?post=6256"}],"version-history":[{"count":19,"href":"https:\/\/fundaciohospitalariesmartorell.org\/entre-tots\/wp-json\/wp\/v2\/posts\/6256\/revisions"}],"predecessor-version":[{"id":6335,"href":"https:\/\/fundaciohospitalariesmartorell.org\/entre-tots\/wp-json\/wp\/v2\/posts\/6256\/revisions\/6335"}],"wp:featuredmedia":[{"embeddable":true,"href":"https:\/\/fundaciohospitalariesmartorell.org\/entre-tots\/wp-json\/wp\/v2\/media\/6293"}],"wp:attachment":[{"href":"https:\/\/fundaciohospitalariesmartorell.org\/entre-tots\/wp-json\/wp\/v2\/media?parent=6256"}],"wp:term":[{"taxonomy":"category","embeddable":true,"href":"https:\/\/fundaciohospitalariesmartorell.org\/entre-tots\/wp-json\/wp\/v2\/categories?post=6256"},{"taxonomy":"post_tag","embeddable":true,"href":"https:\/\/fundaciohospitalariesmartorell.org\/entre-tots\/wp-json\/wp\/v2\/tags?post=6256"}],"curies":[{"name":"wp","href":"https:\/\/api.w.org\/{rel}","templated":true}]}}