{"id":6380,"date":"2023-05-31T10:00:43","date_gmt":"2023-05-31T08:00:43","guid":{"rendered":"https:\/\/newweb.hospitalsagratcormartorell.org\/entre-tots\/?p=6380"},"modified":"2023-05-31T11:49:10","modified_gmt":"2023-05-31T09:49:10","slug":"el-91-del-personal-collaborador-esta-satisfet-de-treballar-a-lhospital-sagrat-cor","status":"publish","type":"post","link":"https:\/\/fundaciohospitalariesmartorell.org\/entre-tots\/2023\/05\/el-91-del-personal-collaborador-esta-satisfet-de-treballar-a-lhospital-sagrat-cor\/","title":{"rendered":"El 91 % del personal col.laborador est\u00e0 satisfet de treballar a l\u2019Hospital Sagrat Cor"},"content":{"rendered":"<figure class=\"wp-block-post-featured-image\"><img loading=\"lazy\" decoding=\"async\" width=\"1708\" height=\"956\" src=\"https:\/\/fundaciohospitalariesmartorell.org\/entre-tots\/wp-content\/uploads\/2023\/05\/Captura-de-pantalla-2023-05-25-a-las-10.07.14.png\" class=\"attachment-post-thumbnail size-post-thumbnail wp-post-image\" alt=\"\" style=\"object-fit:cover;\" \/><\/figure>\n\n\n<p>Segons els resultats de l\u2019enquesta de satisfacci\u00f3 feta al personal col\u00b7laborador de Germanes Hospital\u00e0ries, l\u2019Hospital Sagrat Cor, amb una puntuaci\u00f3 d\u2019un 91 %, se situa entre els centres amb un grau m\u00e9s alt de satisfacci\u00f3 general. &nbsp;Per dispositius, la satisfacci\u00f3 general \u00e9s de un 94,4 % entre el personal col\u00b7laborador d\u2019atenci\u00f3 comunit\u00e0ria i d\u2019un 89,6 % entre el personal de l\u2019hospital.<\/p>\n\n\n\n<p>Entre les dimensions m\u00e9s valorades pel personal col\u00b7laborador de l\u2019Hospital Sagrat Cor es troba la \u2018Missi\u00f3, visi\u00f3 i valors\u2019, amb un \u00edndex de satisfacci\u00f3 del 84,9 %, que tamb\u00e9 va ser la m\u00e9s valorada a l\u2019enquesta de 2021, i \u2018Comprom\u00eds i imatge institucional\u2019, amb un 81,3 %. Entre el personal d\u2019atenci\u00f3 comunit\u00e0ria la dimensi\u00f3 m\u00e9s valorada tamb\u00e9 \u00e9s \u2018Missi\u00f3, visi\u00f3 i valors\u2019, amb una satisfacci\u00f3 del 89,3 %, seguida per \u2018Comprom\u00eds i imatge institucional\u2019 amb un 86,7 %. Aix\u00ed mateix, cal destacar entre el personal col\u00b7laborador d\u2019atenci\u00f3 comunit\u00e0ria la millora en \u2018Condicions de treball\u2019, amb un creixement de 6,70 punts, i de \u2018Comunicaci\u00f3 interna\u2019, de 5,80&nbsp;punts.<\/p>\n\n\n\n<p>Per altra banda, \u2018Formaci\u00f3 i desenvolupament\u2019 \u00e9s la dimensi\u00f3 menys valorada entre el personal col\u00b7laborador del Centre amb un \u00edndex de satisfacci\u00f3 del 59,1 %. Tot i haver millorat gaireb\u00e9 un punt percentual respecte al 2021 i, juntament amb \u2018Organitzaci\u00f3 i planificaci\u00f3\u2019, van ser les \u00faniques dimensions amb un \u00edndex inferior a la mitjana nacional. Entre el personal d\u2019atenci\u00f3 comunit\u00e0ria la dimensi\u00f3 menys valorada \u00e9s \u2018Organitzaci\u00f3 i planificaci\u00f3\u2019, amb un \u00edndex del 60,4 %, i ha estat l\u2019\u00fanica dimensi\u00f3 per sota de la mitjana nacional.<\/p>\n\n\n\n<p>En aquesta enquesta, que es va fer en l\u00ednia entre el 15 de febrer i el 8 de mar\u00e7 de 2023, hi van participar 3.292 persones de tots els centres de Germanes Hospital\u00e0ries, la qual cosa suposa un 42,9 % del personal col\u00b7laborador. L\u2019Hospital Sagrat Cor destaca com un dels m\u00e9s participatius, amb 301 enquestes realitzades, que suposen un 55 %.<\/p>\n\n\n\n<p>Podeu consultar el detall dels resultats de l\u2019enquesta a la intranet.<\/p>\n\n\n\n<p><br>&nbsp;<\/p>\n","protected":false},"excerpt":{"rendered":"<p>Segons els resultats de l\u2019enquesta de satisfacci\u00f3 feta al personal col\u00b7laborador de Germanes Hospital\u00e0ries, l\u2019Hospital Sagrat Cor, amb una puntuaci\u00f3 d\u2019un 91 %, se situa entre els centres amb un grau m\u00e9s alt de satisfacci\u00f3 general. &nbsp;Per dispositius, la satisfacci\u00f3 general \u00e9s de un 94,4 % entre el personal col\u00b7laborador d\u2019atenci\u00f3 comunit\u00e0ria i d\u2019un 89,6 [&hellip;]<\/p>\n","protected":false},"author":2,"featured_media":6382,"comment_status":"closed","ping_status":"closed","sticky":false,"template":"","format":"standard","meta":{"footnotes":""},"categories":[27],"tags":[],"class_list":["post-6380","post","type-post","status-publish","format-standard","has-post-thumbnail","hentry","category-actualitat"],"blocksy_meta":{"styles_descriptor":{"styles":{"desktop":"","tablet":"","mobile":""},"google_fonts":[],"version":6}},"featured_image_urls_v2":{"full":["https:\/\/fundaciohospitalariesmartorell.org\/entre-tots\/wp-content\/uploads\/2023\/05\/Captura-de-pantalla-2023-05-25-a-las-10.07.14.png",1708,956,false],"thumbnail":["https:\/\/fundaciohospitalariesmartorell.org\/entre-tots\/wp-content\/uploads\/2023\/05\/Captura-de-pantalla-2023-05-25-a-las-10.07.14.png",150,84,false],"medium":["https:\/\/fundaciohospitalariesmartorell.org\/entre-tots\/wp-content\/uploads\/2023\/05\/Captura-de-pantalla-2023-05-25-a-las-10.07.14.png",300,168,false],"medium_large":["https:\/\/fundaciohospitalariesmartorell.org\/entre-tots\/wp-content\/uploads\/2023\/05\/Captura-de-pantalla-2023-05-25-a-las-10.07.14.png",768,430,false],"large":["https:\/\/fundaciohospitalariesmartorell.org\/entre-tots\/wp-content\/uploads\/2023\/05\/Captura-de-pantalla-2023-05-25-a-las-10.07.14.png",1024,573,false],"1536x1536":["https:\/\/fundaciohospitalariesmartorell.org\/entre-tots\/wp-content\/uploads\/2023\/05\/Captura-de-pantalla-2023-05-25-a-las-10.07.14.png",1536,860,false],"2048x2048":["https:\/\/fundaciohospitalariesmartorell.org\/entre-tots\/wp-content\/uploads\/2023\/05\/Captura-de-pantalla-2023-05-25-a-las-10.07.14.png",1708,956,false],"mailpoet_newsletter_max":["https:\/\/fundaciohospitalariesmartorell.org\/entre-tots\/wp-content\/uploads\/2023\/05\/Captura-de-pantalla-2023-05-25-a-las-10.07.14.png",1320,739,false]},"post_excerpt_stackable_v2":"<p>Segons els resultats de l\u2019enquesta de satisfacci\u00f3 feta al personal col\u00b7laborador de Germanes Hospital\u00e0ries, l\u2019Hospital Sagrat Cor, amb una puntuaci\u00f3 d\u2019un 91 %, se situa entre els centres amb un grau m\u00e9s alt de satisfacci\u00f3 general. &nbsp;Per dispositius, la satisfacci\u00f3 general \u00e9s de un 94,4 % entre el personal col\u00b7laborador d\u2019atenci\u00f3 comunit\u00e0ria i d\u2019un 89,6 % entre el personal de l\u2019hospital. Entre les dimensions m\u00e9s valorades pel personal col\u00b7laborador de l\u2019Hospital Sagrat Cor es troba la \u2018Missi\u00f3, visi\u00f3 i valors\u2019, amb un \u00edndex de satisfacci\u00f3 del 84,9 %, que tamb\u00e9 va ser la m\u00e9s valorada a l\u2019enquesta de 2021, i&hellip;<\/p>\n","category_list_v2":"<a href=\"https:\/\/fundaciohospitalariesmartorell.org\/entre-tots\/category\/actualitat\/\" rel=\"category tag\">ACTUALITAT<\/a>","author_info_v2":{"name":"Sagrat Cor","url":"https:\/\/fundaciohospitalariesmartorell.org\/entre-tots\/author\/daniel\/"},"comments_num_v2":"0 comments","_links":{"self":[{"href":"https:\/\/fundaciohospitalariesmartorell.org\/entre-tots\/wp-json\/wp\/v2\/posts\/6380","targetHints":{"allow":["GET"]}}],"collection":[{"href":"https:\/\/fundaciohospitalariesmartorell.org\/entre-tots\/wp-json\/wp\/v2\/posts"}],"about":[{"href":"https:\/\/fundaciohospitalariesmartorell.org\/entre-tots\/wp-json\/wp\/v2\/types\/post"}],"author":[{"embeddable":true,"href":"https:\/\/fundaciohospitalariesmartorell.org\/entre-tots\/wp-json\/wp\/v2\/users\/2"}],"replies":[{"embeddable":true,"href":"https:\/\/fundaciohospitalariesmartorell.org\/entre-tots\/wp-json\/wp\/v2\/comments?post=6380"}],"version-history":[{"count":5,"href":"https:\/\/fundaciohospitalariesmartorell.org\/entre-tots\/wp-json\/wp\/v2\/posts\/6380\/revisions"}],"predecessor-version":[{"id":6593,"href":"https:\/\/fundaciohospitalariesmartorell.org\/entre-tots\/wp-json\/wp\/v2\/posts\/6380\/revisions\/6593"}],"wp:featuredmedia":[{"embeddable":true,"href":"https:\/\/fundaciohospitalariesmartorell.org\/entre-tots\/wp-json\/wp\/v2\/media\/6382"}],"wp:attachment":[{"href":"https:\/\/fundaciohospitalariesmartorell.org\/entre-tots\/wp-json\/wp\/v2\/media?parent=6380"}],"wp:term":[{"taxonomy":"category","embeddable":true,"href":"https:\/\/fundaciohospitalariesmartorell.org\/entre-tots\/wp-json\/wp\/v2\/categories?post=6380"},{"taxonomy":"post_tag","embeddable":true,"href":"https:\/\/fundaciohospitalariesmartorell.org\/entre-tots\/wp-json\/wp\/v2\/tags?post=6380"}],"curies":[{"name":"wp","href":"https:\/\/api.w.org\/{rel}","templated":true}]}}