{"id":6386,"date":"2023-05-31T09:00:05","date_gmt":"2023-05-31T07:00:05","guid":{"rendered":"https:\/\/newweb.hospitalsagratcormartorell.org\/entre-tots\/?p=6386"},"modified":"2023-05-31T13:08:30","modified_gmt":"2023-05-31T11:08:30","slug":"lhospital-celebra-el-dia-mundial-de-les-infermeres","status":"publish","type":"post","link":"https:\/\/fundaciohospitalariesmartorell.org\/entre-tots\/2023\/05\/lhospital-celebra-el-dia-mundial-de-les-infermeres\/","title":{"rendered":"L\u2019Hospital celebra el Dia Internacional de les Infermeres"},"content":{"rendered":"\n<figure class=\"wp-block-image size-full\"><a href=\"https:\/\/youtu.be\/iEaXi1k33R8\" target=\"_blank\" rel=\"noreferrer noopener\"><img loading=\"lazy\" decoding=\"async\" width=\"3100\" height=\"1784\" src=\"https:\/\/hospitalsagratcormartorell.org\/entre-tots\/wp-content\/uploads\/2023\/05\/Captura-de-pantalla-2023-05-31-a-les-12.57.53.jpg\" alt=\"\" class=\"wp-image-6629\"\/><\/a><\/figure>\n\n\n\n<p>El dia 12 de maig es va celebrar el Dia Internacional de les Infermeres i vam voler fer un agra\u00efment p\u00fablic a totes les persones que constitueixen aquest col\u00b7lectiu professional i destacar el valor caracter\u00edstic de les infermeres de l\u2019Hospital Sagrat Cor: la seva Hospitalitat. Per aix\u00f2 es va elaborar un v\u00eddeo per a totes elles, que es va veure tot el dia a les pantalles de TV de la cafeteria. Tamb\u00e9 es va confeccionar un p\u00f2ster commemoratiu que es va repartir per tot l\u2019Hospital.<\/p>\n\n\n\n<p>Podeu veure <a href=\"https:\/\/youtu.be\/iEaXi1k33R8\" target=\"_blank\" rel=\"noreferrer noopener\">el v\u00eddeo<\/a>.<\/p>\n\n\n\n<figure class=\"wp-block-image size-full\"><img loading=\"lazy\" decoding=\"async\" width=\"1080\" height=\"810\" src=\"https:\/\/hospitalsagratcormartorell.org\/entre-tots\/wp-content\/uploads\/2023\/05\/Dia-internacional-infermeres-Hospital-Sagrat-Cor.png\" alt=\"\" class=\"wp-image-6388\"\/><\/figure>\n","protected":false},"excerpt":{"rendered":"<p>El dia 12 de maig es va celebrar el Dia Internacional de les Infermeres i vam voler fer un agra\u00efment p\u00fablic a totes les persones que constitueixen aquest col\u00b7lectiu professional i destacar el valor caracter\u00edstic de les infermeres de l\u2019Hospital Sagrat Cor: la seva Hospitalitat. Per aix\u00f2 es va elaborar un v\u00eddeo per a totes [&hellip;]<\/p>\n","protected":false},"author":2,"featured_media":6629,"comment_status":"closed","ping_status":"closed","sticky":false,"template":"","format":"standard","meta":{"footnotes":""},"categories":[27],"tags":[],"class_list":["post-6386","post","type-post","status-publish","format-standard","has-post-thumbnail","hentry","category-actualitat"],"blocksy_meta":{"styles_descriptor":{"styles":{"desktop":"","tablet":"","mobile":""},"google_fonts":[],"version":6}},"featured_image_urls_v2":{"full":["https:\/\/fundaciohospitalariesmartorell.org\/entre-tots\/wp-content\/uploads\/2023\/05\/Captura-de-pantalla-2023-05-31-a-les-12.57.53.jpg",3100,1784,false],"thumbnail":["https:\/\/fundaciohospitalariesmartorell.org\/entre-tots\/wp-content\/uploads\/2023\/05\/Captura-de-pantalla-2023-05-31-a-les-12.57.53.jpg",150,86,false],"medium":["https:\/\/fundaciohospitalariesmartorell.org\/entre-tots\/wp-content\/uploads\/2023\/05\/Captura-de-pantalla-2023-05-31-a-les-12.57.53.jpg",300,173,false],"medium_large":["https:\/\/fundaciohospitalariesmartorell.org\/entre-tots\/wp-content\/uploads\/2023\/05\/Captura-de-pantalla-2023-05-31-a-les-12.57.53.jpg",768,442,false],"large":["https:\/\/fundaciohospitalariesmartorell.org\/entre-tots\/wp-content\/uploads\/2023\/05\/Captura-de-pantalla-2023-05-31-a-les-12.57.53.jpg",1024,589,false],"1536x1536":["https:\/\/fundaciohospitalariesmartorell.org\/entre-tots\/wp-content\/uploads\/2023\/05\/Captura-de-pantalla-2023-05-31-a-les-12.57.53.jpg",1536,884,false],"2048x2048":["https:\/\/fundaciohospitalariesmartorell.org\/entre-tots\/wp-content\/uploads\/2023\/05\/Captura-de-pantalla-2023-05-31-a-les-12.57.53.jpg",2048,1179,false],"mailpoet_newsletter_max":["https:\/\/fundaciohospitalariesmartorell.org\/entre-tots\/wp-content\/uploads\/2023\/05\/Captura-de-pantalla-2023-05-31-a-les-12.57.53.jpg",1320,760,false]},"post_excerpt_stackable_v2":"<p>El dia 12 de maig es va celebrar el Dia Internacional de les Infermeres i vam voler fer un agra\u00efment p\u00fablic a totes les persones que constitueixen aquest col\u00b7lectiu professional i destacar el valor caracter\u00edstic de les infermeres de l\u2019Hospital Sagrat Cor: la seva Hospitalitat. Per aix\u00f2 es va elaborar un v\u00eddeo per a totes elles, que es va veure tot el dia a les pantalles de TV de la cafeteria. Tamb\u00e9 es va confeccionar un p\u00f2ster commemoratiu que es va repartir per tot l\u2019Hospital. Podeu veure el v\u00eddeo.<\/p>\n","category_list_v2":"<a href=\"https:\/\/fundaciohospitalariesmartorell.org\/entre-tots\/category\/actualitat\/\" rel=\"category tag\">ACTUALITAT<\/a>","author_info_v2":{"name":"Sagrat Cor","url":"https:\/\/fundaciohospitalariesmartorell.org\/entre-tots\/author\/daniel\/"},"comments_num_v2":"0 comments","_links":{"self":[{"href":"https:\/\/fundaciohospitalariesmartorell.org\/entre-tots\/wp-json\/wp\/v2\/posts\/6386","targetHints":{"allow":["GET"]}}],"collection":[{"href":"https:\/\/fundaciohospitalariesmartorell.org\/entre-tots\/wp-json\/wp\/v2\/posts"}],"about":[{"href":"https:\/\/fundaciohospitalariesmartorell.org\/entre-tots\/wp-json\/wp\/v2\/types\/post"}],"author":[{"embeddable":true,"href":"https:\/\/fundaciohospitalariesmartorell.org\/entre-tots\/wp-json\/wp\/v2\/users\/2"}],"replies":[{"embeddable":true,"href":"https:\/\/fundaciohospitalariesmartorell.org\/entre-tots\/wp-json\/wp\/v2\/comments?post=6386"}],"version-history":[{"count":10,"href":"https:\/\/fundaciohospitalariesmartorell.org\/entre-tots\/wp-json\/wp\/v2\/posts\/6386\/revisions"}],"predecessor-version":[{"id":6635,"href":"https:\/\/fundaciohospitalariesmartorell.org\/entre-tots\/wp-json\/wp\/v2\/posts\/6386\/revisions\/6635"}],"wp:featuredmedia":[{"embeddable":true,"href":"https:\/\/fundaciohospitalariesmartorell.org\/entre-tots\/wp-json\/wp\/v2\/media\/6629"}],"wp:attachment":[{"href":"https:\/\/fundaciohospitalariesmartorell.org\/entre-tots\/wp-json\/wp\/v2\/media?parent=6386"}],"wp:term":[{"taxonomy":"category","embeddable":true,"href":"https:\/\/fundaciohospitalariesmartorell.org\/entre-tots\/wp-json\/wp\/v2\/categories?post=6386"},{"taxonomy":"post_tag","embeddable":true,"href":"https:\/\/fundaciohospitalariesmartorell.org\/entre-tots\/wp-json\/wp\/v2\/tags?post=6386"}],"curies":[{"name":"wp","href":"https:\/\/api.w.org\/{rel}","templated":true}]}}