{"id":6390,"date":"2023-05-31T08:00:50","date_gmt":"2023-05-31T06:00:50","guid":{"rendered":"https:\/\/newweb.hospitalsagratcormartorell.org\/entre-tots\/?p=6390"},"modified":"2023-05-31T11:49:20","modified_gmt":"2023-05-31T09:49:20","slug":"la-i-jornada-salut-mental-infantojuvenil-congrega-uns-150-assistents","status":"publish","type":"post","link":"https:\/\/fundaciohospitalariesmartorell.org\/entre-tots\/2023\/05\/la-i-jornada-salut-mental-infantojuvenil-congrega-uns-150-assistents\/","title":{"rendered":"La I Jornada Salut Mental Infantojuvenil congrega uns 150 assistents"},"content":{"rendered":"<figure class=\"wp-block-post-featured-image\"><img loading=\"lazy\" decoding=\"async\" width=\"1200\" height=\"900\" src=\"https:\/\/fundaciohospitalariesmartorell.org\/entre-tots\/wp-content\/uploads\/2023\/05\/sala-actes.jpg\" class=\"attachment-post-thumbnail size-post-thumbnail wp-post-image\" alt=\"\" style=\"object-fit:cover;\" \/><\/figure>\n\n\n<p><br>La I Jornada Salut Mental Infantojuvenil,&nbsp;organitzada per Germanes Hospital\u00e0ries Prov\u00edncia d&#8217;Espanya, que va tenir lloc el 19 de maig a l&#8217;Hospital Sant Rafael i en&nbsp;<em>streaming<\/em>, va&nbsp;congregar uns 150 assistents.<\/p>\n\n\n\n<p>Amb el lema de \u2018Desconnexi\u00f3 en la hiperconnexi\u00f3; el moment del \u201cre\u201d: revincular, repensar, retrobar&#8230;&#8217; l&#8217;objectiu de l&#8217;acte era reflexionar i intentar donar resposta&nbsp;als reptes en els \u00e0mbits educatiu i social que afecten, en gran mesura, el desenvolupament de la poblaci\u00f3 infantil i adolescent.<\/p>\n\n\n\n<p>El doctor Francesc Fatj\u00f3, director m\u00e8dic de l&#8217;Hospital Sant Rafael, va conduir la inauguraci\u00f3 de la jornada, la qual va comptar amb la intervenci\u00f3 de representants de l&#8217;Administraci\u00f3, com&nbsp;Magda Casamitjana, directora del Pacte Nacional de Salut Mental; el doctor Joan Vegu\u00e9, director del Pla director de Salut Mental i Addiccions; N\u00faria Valls, secret\u00e0ria d&#8217;Inf\u00e0ncia, Adolesc\u00e8ncia i Joventut, i Laia Asso, directora general d&#8217;Educaci\u00f3 Inclusiva.<\/p>\n\n\n\n<figure class=\"wp-block-gallery has-nested-images columns-default is-cropped wp-block-gallery-1 is-layout-flex wp-block-gallery-is-layout-flex\">\n<figure class=\"wp-block-image size-large\"><img loading=\"lazy\" decoding=\"async\" width=\"907\" height=\"900\" data-id=\"6395\" src=\"https:\/\/hospitalsagratcormartorell.org\/entre-tots\/wp-content\/uploads\/2023\/05\/foto-amb-autoritats.jpg\" alt=\"\" class=\"wp-image-6395\"\/><\/figure>\n\n\n\n<figure class=\"wp-block-image size-large\"><img loading=\"lazy\" decoding=\"async\" width=\"1031\" height=\"900\" data-id=\"6397\" src=\"https:\/\/hospitalsagratcormartorell.org\/entre-tots\/wp-content\/uploads\/2023\/05\/taula-inaugural.jpg\" alt=\"\" class=\"wp-image-6397\"\/><\/figure>\n<\/figure>\n\n\n\n<p><br>N\u00faria Valls va assumir que no s&#8217;ha estat prou atent a la salut mental de l&#8217;infant i dels joves durant la pand\u00e8mia i va destacar la prioritat que suposa aquesta vetlla per la salut mental. En aquest sentit va explicar que s&#8217;est\u00e0 treballant amb un algoritme de detecci\u00f3 i prevenci\u00f3 del su\u00efcidi a les xarxes socials.<br><br>Per la seva banda, Laia Asso va posar el focus en el fet que partint de la base que el Departament d&#8217;Educaci\u00f3 fa atenci\u00f3 educativa i, tamb\u00e9, en el marc de l&#8217;escola es fa prevenci\u00f3, promoci\u00f3 i detecci\u00f3 preco\u00e7 de problemes de salut mental, caldria tenir cura dels professionals educadors i racionalitzar all\u00f2 que se&#8217;ls demana.\u00a0<br><br>En la seva intervenci\u00f3, el doctor Joan Vegu\u00e9 va destacar que la prevenci\u00f3 \u00e9s un tema nuclear, ja no nom\u00e9s pensant en els intents de su\u00efcidi, sin\u00f3 en el terreny de les ideacions.<br><br>El darrer torn de paraula va ser per a Magda Casamitjana, qui va reiterar la necessitat d&#8217;un relat coherent en tots els \u00e0mbits de la vida dels nens i joves, i la import\u00e0ncia d&#8217;escoltar-los i acompanyar-los perqu\u00e8 treguin el seu talent i reneixin. Tamb\u00e9 va assenyalar que els problemes que pateixen no s\u00f3n a nivell local sin\u00f3 global, per la qual cosa cal fixar-nos en les prioritats que es marquen des de l&#8217;OMS i, per exemple, organitzar i coordinar totes les xarxes\u00a0perqu\u00e8 la persona amb un trastorn mental pugui viure, des que es desperta fins que se&#8217;n va a dormir, amb tots els elements de suport necessaris.<\/p>\n\n\n\n<p>A continuaci\u00f3,\u00a0Mireia Segarra, psic\u00f2loga del CSMIJ de Martorell de l&#8217;Hospital Sagrat Cor, va introduir la confer\u00e8ncia inaugural de la jornada amb el t\u00edtol de &#8216;Un m\u00f3n sense adults?&#8217;, de la m\u00e0 de Llu\u00eds Roca Jusmet, fil\u00f2sof i escriptor.<\/p>\n\n\n\n<p>&#8220;Els joves necessiten referents i ara els adults no ho s\u00f3n, \u00e9s m\u00e9s aviat a la inversa, els adults busquen el reconeixement dels adolescents&#8221;, va afirmar Roca. Tamb\u00e9 va destacar que en aquest escenari on els valors s\u00f3n la satisfacci\u00f3 a trav\u00e9s dels objectes cal que parem, reflexionem, compartim i escoltem, ja que nom\u00e9s aix\u00ed podrem\u00a0tornar a construir la figura de l&#8217;adult.<\/p>\n\n\n\n<figure class=\"wp-block-gallery has-nested-images columns-default is-cropped wp-block-gallery-2 is-layout-flex wp-block-gallery-is-layout-flex\">\n<figure class=\"wp-block-image size-large\"><img loading=\"lazy\" decoding=\"async\" width=\"1015\" height=\"900\" data-id=\"6393\" src=\"https:\/\/hospitalsagratcormartorell.org\/entre-tots\/wp-content\/uploads\/2023\/05\/conferencia-inaugural.jpg\" alt=\"\" class=\"wp-image-6393\"\/><\/figure>\n\n\n\n<figure class=\"wp-block-image size-large\"><img loading=\"lazy\" decoding=\"async\" width=\"900\" height=\"900\" data-id=\"6398\" src=\"https:\/\/hospitalsagratcormartorell.org\/entre-tots\/wp-content\/uploads\/2023\/05\/taula-rodona.jpg\" alt=\"\" class=\"wp-image-6398\"\/><\/figure>\n<\/figure>\n\n\n\n<p>Despr\u00e9s de la pausa caf\u00e8 es va celebrar una taula rodona moderada pel doctor Josep Salavert, coordinador de l&#8217;\u00c0rea de Salut Mental Infantojuvenil de l&#8217;Hospital Sant Rafael. El primer en intervenir va ser el doctor Mark Dangerfield, psic\u00f2leg especialista en psicologia cl\u00ednica i director de l&#8217;Institut Universitari de Salut Mental Vidal i Barraquer (Universitat Ramon Llull), entre altres c\u00e0rrecs.\u00a0Dangerfield va remarcar que la sobrec\u00e0rrega emocional que pateixen avui dia els professionals de la salut mental inhibeix la seva capacitat d&#8217;escolta i va insistir en la necessitat de revertir aquesta situaci\u00f3. &#8220;Cal cuidar les persones que cuiden&#8221;, va subratllar. Aix\u00ed mateix, va apuntar un altre aspecte de millora que \u00e9s la relaci\u00f3 entre els equips assistencials, que ha d&#8217;estar basada en vincles de confian\u00e7a epist\u00e8mica, ja que \u00e9s l&#8217;\u00fanica manera d&#8217;iniciar el treball terap\u00e8utic.<\/p>\n\n\n\n<p>Tot seguit, Segundo Moyano, educador social i doctor en Pedagogia, i professor del Grau d&#8217;Educaci\u00f3 Social de la UOC, va explicar que estem vivint la desorientaci\u00f3 adulta, on a vegades sembla que sabem de tot i d&#8217;altres que no sabem res. &#8220;Cal que l&#8217;adult prengui decisions&#8221;, va remarcar. En el moment actual, on hi ha una forta demanda d&#8217;immediatesa i urg\u00e8ncia, qui ens acompanya en el nostre creixement \u00e9s el mercat. Segons Moyano, s&#8217;han de buscar lectures alternatives a aquesta acceleraci\u00f3; la societat s&#8217;ha d&#8217;aturar.<\/p>\n\n\n\n<p>Berna Villareal, treballadora social i directora de l&#8217;Institut de doc\u00e8ncia, recerca i innovaci\u00f3 de Pere Claver Grup, entre altres funcions, va tancar la ronda d&#8217;intervencions posant sobre la taula quatre aspectes clau que ens ajudaran a desenvolupar-nos: pres\u00e8ncia constant, disponibilitat afectiva, capacitat de regulaci\u00f3 i construcci\u00f3 d&#8217;un di\u00e0leg reflexiu. Tanmateix, va assenyalar que el moment actual t\u00e9 determinades caracter\u00edstiques que dificulten el desenvolupament d&#8217;aquestes funcions, com la crisi de les cures, la precarietat laboral i la naturalitzaci\u00f3 de l&#8217;ansietat, la manca de temps.<\/p>\n\n\n\n<figure class=\"wp-block-image alignleft size-full is-resized\"><img loading=\"lazy\" decoding=\"async\" src=\"https:\/\/hospitalsagratcormartorell.org\/entre-tots\/wp-content\/uploads\/2023\/05\/clausura_copy1.jpg\" alt=\"\" class=\"wp-image-6392\" width=\"310\" height=\"248\"\/><\/figure>\n\n\n\n<p>La cloenda de la I Jornada Salut Mental Infantojuvenil va anar de la m\u00e0 de Rosa Almi\u00f1ana, antiga coordinadora de l&#8217;\u00c0rea de Salut Mental Infantojuvenil de l&#8217;Hospital Sagrat Cor,\u00a0i del doctor Jos\u00e9 Antonio Larraz, director de l&#8217;\u00c0rea Assistencial i Educativa de Germanes Hospital\u00e0ries. El Dr. Larraz va apel\u00b7lar a la necessitat de reflexi\u00f3 sobre com estem fent les coses i els reptes que tenim per endavant, tant l&#8217;Administraci\u00f3 com els\u00a0professionals.<\/p>\n\n\n\n<p>Per la seva banda, Almi\u00f1ana va fer una crida a no perdre la il\u00b7lusi\u00f3 i va remarcar que manca capacitat de reflexi\u00f3, de la saviesa de l&#8217;experi\u00e8ncia compartida. &#8220;Cal sortir dels despatxos i apropar-nos a la poblaci\u00f3 amb l&#8217;objectiu\u00a0 de construir projectes viables i humanitzats&#8221;, va concloure.<\/p>\n","protected":false},"excerpt":{"rendered":"<p>La I Jornada Salut Mental Infantojuvenil,&nbsp;organitzada per Germanes Hospital\u00e0ries Prov\u00edncia d&#8217;Espanya, que va tenir lloc el 19 de maig a l&#8217;Hospital Sant Rafael i en&nbsp;streaming, va&nbsp;congregar uns 150 assistents. Amb el lema de \u2018Desconnexi\u00f3 en la hiperconnexi\u00f3; el moment del \u201cre\u201d: revincular, repensar, retrobar&#8230;&#8217; l&#8217;objectiu de l&#8217;acte era reflexionar i intentar donar resposta&nbsp;als reptes en [&hellip;]<\/p>\n","protected":false},"author":2,"featured_media":6396,"comment_status":"closed","ping_status":"closed","sticky":false,"template":"","format":"standard","meta":{"footnotes":""},"categories":[27],"tags":[],"class_list":["post-6390","post","type-post","status-publish","format-standard","has-post-thumbnail","hentry","category-actualitat"],"blocksy_meta":{"styles_descriptor":{"styles":{"desktop":"","tablet":"","mobile":""},"google_fonts":[],"version":6}},"featured_image_urls_v2":{"full":["https:\/\/fundaciohospitalariesmartorell.org\/entre-tots\/wp-content\/uploads\/2023\/05\/sala-actes.jpg",1200,900,false],"thumbnail":["https:\/\/fundaciohospitalariesmartorell.org\/entre-tots\/wp-content\/uploads\/2023\/05\/sala-actes.jpg",150,113,false],"medium":["https:\/\/fundaciohospitalariesmartorell.org\/entre-tots\/wp-content\/uploads\/2023\/05\/sala-actes.jpg",300,225,false],"medium_large":["https:\/\/fundaciohospitalariesmartorell.org\/entre-tots\/wp-content\/uploads\/2023\/05\/sala-actes.jpg",768,576,false],"large":["https:\/\/fundaciohospitalariesmartorell.org\/entre-tots\/wp-content\/uploads\/2023\/05\/sala-actes.jpg",1024,768,false],"1536x1536":["https:\/\/fundaciohospitalariesmartorell.org\/entre-tots\/wp-content\/uploads\/2023\/05\/sala-actes.jpg",1200,900,false],"2048x2048":["https:\/\/fundaciohospitalariesmartorell.org\/entre-tots\/wp-content\/uploads\/2023\/05\/sala-actes.jpg",1200,900,false],"mailpoet_newsletter_max":["https:\/\/fundaciohospitalariesmartorell.org\/entre-tots\/wp-content\/uploads\/2023\/05\/sala-actes.jpg",1200,900,false]},"post_excerpt_stackable_v2":"<p>La I Jornada Salut Mental Infantojuvenil,&nbsp;organitzada per Germanes Hospital\u00e0ries Prov\u00edncia d&#8217;Espanya, que va tenir lloc el 19 de maig a l&#8217;Hospital Sant Rafael i en&nbsp;streaming, va&nbsp;congregar uns 150 assistents. Amb el lema de \u2018Desconnexi\u00f3 en la hiperconnexi\u00f3; el moment del \u201cre\u201d: revincular, repensar, retrobar&#8230;&#8217; l&#8217;objectiu de l&#8217;acte era reflexionar i intentar donar resposta&nbsp;als reptes en els \u00e0mbits educatiu i social que afecten, en gran mesura, el desenvolupament de la poblaci\u00f3 infantil i adolescent. El doctor Francesc Fatj\u00f3, director m\u00e8dic de l&#8217;Hospital Sant Rafael, va conduir la inauguraci\u00f3 de la jornada, la qual va comptar amb la intervenci\u00f3 de representants de&hellip;<\/p>\n","category_list_v2":"<a href=\"https:\/\/fundaciohospitalariesmartorell.org\/entre-tots\/category\/actualitat\/\" rel=\"category tag\">ACTUALITAT<\/a>","author_info_v2":{"name":"Sagrat Cor","url":"https:\/\/fundaciohospitalariesmartorell.org\/entre-tots\/author\/daniel\/"},"comments_num_v2":"0 comments","_links":{"self":[{"href":"https:\/\/fundaciohospitalariesmartorell.org\/entre-tots\/wp-json\/wp\/v2\/posts\/6390","targetHints":{"allow":["GET"]}}],"collection":[{"href":"https:\/\/fundaciohospitalariesmartorell.org\/entre-tots\/wp-json\/wp\/v2\/posts"}],"about":[{"href":"https:\/\/fundaciohospitalariesmartorell.org\/entre-tots\/wp-json\/wp\/v2\/types\/post"}],"author":[{"embeddable":true,"href":"https:\/\/fundaciohospitalariesmartorell.org\/entre-tots\/wp-json\/wp\/v2\/users\/2"}],"replies":[{"embeddable":true,"href":"https:\/\/fundaciohospitalariesmartorell.org\/entre-tots\/wp-json\/wp\/v2\/comments?post=6390"}],"version-history":[{"count":14,"href":"https:\/\/fundaciohospitalariesmartorell.org\/entre-tots\/wp-json\/wp\/v2\/posts\/6390\/revisions"}],"predecessor-version":[{"id":6417,"href":"https:\/\/fundaciohospitalariesmartorell.org\/entre-tots\/wp-json\/wp\/v2\/posts\/6390\/revisions\/6417"}],"wp:featuredmedia":[{"embeddable":true,"href":"https:\/\/fundaciohospitalariesmartorell.org\/entre-tots\/wp-json\/wp\/v2\/media\/6396"}],"wp:attachment":[{"href":"https:\/\/fundaciohospitalariesmartorell.org\/entre-tots\/wp-json\/wp\/v2\/media?parent=6390"}],"wp:term":[{"taxonomy":"category","embeddable":true,"href":"https:\/\/fundaciohospitalariesmartorell.org\/entre-tots\/wp-json\/wp\/v2\/categories?post=6390"},{"taxonomy":"post_tag","embeddable":true,"href":"https:\/\/fundaciohospitalariesmartorell.org\/entre-tots\/wp-json\/wp\/v2\/tags?post=6390"}],"curies":[{"name":"wp","href":"https:\/\/api.w.org\/{rel}","templated":true}]}}