{"id":6418,"date":"2023-05-31T07:00:23","date_gmt":"2023-05-31T05:00:23","guid":{"rendered":"https:\/\/newweb.hospitalsagratcormartorell.org\/entre-tots\/?p=6418"},"modified":"2023-05-31T11:49:31","modified_gmt":"2023-05-31T09:49:31","slug":"es-posa-en-marxa-lequip-lean-de-lhospital-sagrat-cor","status":"publish","type":"post","link":"https:\/\/fundaciohospitalariesmartorell.org\/entre-tots\/2023\/05\/es-posa-en-marxa-lequip-lean-de-lhospital-sagrat-cor\/","title":{"rendered":"Es posa en marxa l&#8217;Equip Lean de l&#8217;Hospital Sagrat Cor"},"content":{"rendered":"<figure class=\"wp-block-post-featured-image\"><img loading=\"lazy\" decoding=\"async\" width=\"781\" height=\"487\" src=\"https:\/\/fundaciohospitalariesmartorell.org\/entre-tots\/wp-content\/uploads\/2023\/05\/Equip-Lean-Hospital-Sagrat-Cor-1.png\" class=\"attachment-post-thumbnail size-post-thumbnail wp-post-image\" alt=\"\" style=\"object-fit:cover;\" \/><\/figure>\n\n\n<p>Recentment s&#8217;ha posat en marxa l&#8217;Equip Lean de l&#8217;Hospital Sagrat Cor, que t\u00e9 l&#8217;objectiu de millorar els processos assistencials posant \u00e8mfasi en com ens organitzem per tal d&#8217;optimitzar la coordinaci\u00f3 de les diferents \u00e0rees tant de l\u2019Hospital com de l\u2019atenci\u00f3 comunit\u00e0ria. El nostre Centre utilitza la metodologia Lean des de l&#8217;any 2015 per identificar quines tasques del nostre dia a dia no aporten valor i, per tant, haur\u00edem de plantejar-nos deixar de fer.<\/p>\n\n\n\n<p>Ara volem fer un pas m\u00e9s i, despr\u00e9s de formar en aquest m\u00e8tode diversos col\u00b7laboradors i col\u00b7laboradores que fa anys que implementen projectes de millora en la gesti\u00f3 de processos, posem en funcionament un equip intern Lean, que ens permetr\u00e0 ser m\u00e9s \u00e0gils i resolutius, i treballar directament de la m\u00e0 del personal professional de l&#8217;Hospital.<\/p>\n\n\n\n<p>Creieu que esteu fent tasques en el vostre dia a dia que podr\u00edeu deixar de fer?\u00a0Voleu que us ajudem a identificar-les?\u00a0Contacteu-nos a la seg\u00fcent adre\u00e7a de correu:\u00a0G_SCOR_equiplean (<a href=\"mailto:equiplean.hsagratcor@hospitalarias.es\" target=\"_blank\" rel=\"noreferrer noopener\">equiplean.hsagratcor@hospitalarias.es<\/a>).<\/p>\n\n\n\n<p>Si voleu con\u00e8ixer m\u00e9s a fons la metodologia Lean a partir d&#8217;exemples reals de com s&#8217;aplica dins de la nostra Organitzaci\u00f3, hem organitzat&nbsp;sessions formatives gratu\u00eftes&nbsp;a les quals us podeu apuntar enviant-nos un correu electr\u00f2nic. Les properes tindran lloc el 03\/10\/2023 i el 22\/11\/2023. Comenteu-ho al vostre coordinador si hi esteu interessats!<\/p>\n","protected":false},"excerpt":{"rendered":"<p>Recentment s&#8217;ha posat en marxa l&#8217;Equip Lean de l&#8217;Hospital Sagrat Cor, que t\u00e9 l&#8217;objectiu de millorar els processos assistencials posant \u00e8mfasi en com ens organitzem per tal d&#8217;optimitzar la coordinaci\u00f3 de les diferents \u00e0rees tant de l\u2019Hospital com de l\u2019atenci\u00f3 comunit\u00e0ria. El nostre Centre utilitza la metodologia Lean des de l&#8217;any 2015 per identificar quines [&hellip;]<\/p>\n","protected":false},"author":2,"featured_media":6420,"comment_status":"closed","ping_status":"closed","sticky":false,"template":"","format":"standard","meta":{"footnotes":""},"categories":[27],"tags":[],"class_list":["post-6418","post","type-post","status-publish","format-standard","has-post-thumbnail","hentry","category-actualitat"],"blocksy_meta":{"styles_descriptor":{"styles":{"desktop":"","tablet":"","mobile":""},"google_fonts":[],"version":6}},"featured_image_urls_v2":{"full":["https:\/\/fundaciohospitalariesmartorell.org\/entre-tots\/wp-content\/uploads\/2023\/05\/Equip-Lean-Hospital-Sagrat-Cor-1.png",781,487,false],"thumbnail":["https:\/\/fundaciohospitalariesmartorell.org\/entre-tots\/wp-content\/uploads\/2023\/05\/Equip-Lean-Hospital-Sagrat-Cor-1.png",150,94,false],"medium":["https:\/\/fundaciohospitalariesmartorell.org\/entre-tots\/wp-content\/uploads\/2023\/05\/Equip-Lean-Hospital-Sagrat-Cor-1.png",300,187,false],"medium_large":["https:\/\/fundaciohospitalariesmartorell.org\/entre-tots\/wp-content\/uploads\/2023\/05\/Equip-Lean-Hospital-Sagrat-Cor-1.png",768,479,false],"large":["https:\/\/fundaciohospitalariesmartorell.org\/entre-tots\/wp-content\/uploads\/2023\/05\/Equip-Lean-Hospital-Sagrat-Cor-1.png",781,487,false],"1536x1536":["https:\/\/fundaciohospitalariesmartorell.org\/entre-tots\/wp-content\/uploads\/2023\/05\/Equip-Lean-Hospital-Sagrat-Cor-1.png",781,487,false],"2048x2048":["https:\/\/fundaciohospitalariesmartorell.org\/entre-tots\/wp-content\/uploads\/2023\/05\/Equip-Lean-Hospital-Sagrat-Cor-1.png",781,487,false],"mailpoet_newsletter_max":["https:\/\/fundaciohospitalariesmartorell.org\/entre-tots\/wp-content\/uploads\/2023\/05\/Equip-Lean-Hospital-Sagrat-Cor-1.png",781,487,false]},"post_excerpt_stackable_v2":"<p>Recentment s&#8217;ha posat en marxa l&#8217;Equip Lean de l&#8217;Hospital Sagrat Cor, que t\u00e9 l&#8217;objectiu de millorar els processos assistencials posant \u00e8mfasi en com ens organitzem per tal d&#8217;optimitzar la coordinaci\u00f3 de les diferents \u00e0rees tant de l\u2019Hospital com de l\u2019atenci\u00f3 comunit\u00e0ria. El nostre Centre utilitza la metodologia Lean des de l&#8217;any 2015 per identificar quines tasques del nostre dia a dia no aporten valor i, per tant, haur\u00edem de plantejar-nos deixar de fer. Ara volem fer un pas m\u00e9s i, despr\u00e9s de formar en aquest m\u00e8tode diversos col\u00b7laboradors i col\u00b7laboradores que fa anys que implementen projectes de millora en la&hellip;<\/p>\n","category_list_v2":"<a href=\"https:\/\/fundaciohospitalariesmartorell.org\/entre-tots\/category\/actualitat\/\" rel=\"category tag\">ACTUALITAT<\/a>","author_info_v2":{"name":"Sagrat Cor","url":"https:\/\/fundaciohospitalariesmartorell.org\/entre-tots\/author\/daniel\/"},"comments_num_v2":"0 comments","_links":{"self":[{"href":"https:\/\/fundaciohospitalariesmartorell.org\/entre-tots\/wp-json\/wp\/v2\/posts\/6418","targetHints":{"allow":["GET"]}}],"collection":[{"href":"https:\/\/fundaciohospitalariesmartorell.org\/entre-tots\/wp-json\/wp\/v2\/posts"}],"about":[{"href":"https:\/\/fundaciohospitalariesmartorell.org\/entre-tots\/wp-json\/wp\/v2\/types\/post"}],"author":[{"embeddable":true,"href":"https:\/\/fundaciohospitalariesmartorell.org\/entre-tots\/wp-json\/wp\/v2\/users\/2"}],"replies":[{"embeddable":true,"href":"https:\/\/fundaciohospitalariesmartorell.org\/entre-tots\/wp-json\/wp\/v2\/comments?post=6418"}],"version-history":[{"count":3,"href":"https:\/\/fundaciohospitalariesmartorell.org\/entre-tots\/wp-json\/wp\/v2\/posts\/6418\/revisions"}],"predecessor-version":[{"id":6594,"href":"https:\/\/fundaciohospitalariesmartorell.org\/entre-tots\/wp-json\/wp\/v2\/posts\/6418\/revisions\/6594"}],"wp:featuredmedia":[{"embeddable":true,"href":"https:\/\/fundaciohospitalariesmartorell.org\/entre-tots\/wp-json\/wp\/v2\/media\/6420"}],"wp:attachment":[{"href":"https:\/\/fundaciohospitalariesmartorell.org\/entre-tots\/wp-json\/wp\/v2\/media?parent=6418"}],"wp:term":[{"taxonomy":"category","embeddable":true,"href":"https:\/\/fundaciohospitalariesmartorell.org\/entre-tots\/wp-json\/wp\/v2\/categories?post=6418"},{"taxonomy":"post_tag","embeddable":true,"href":"https:\/\/fundaciohospitalariesmartorell.org\/entre-tots\/wp-json\/wp\/v2\/tags?post=6418"}],"curies":[{"name":"wp","href":"https:\/\/api.w.org\/{rel}","templated":true}]}}