{"id":6422,"date":"2023-05-31T06:00:00","date_gmt":"2023-05-31T04:00:00","guid":{"rendered":"https:\/\/newweb.hospitalsagratcormartorell.org\/entre-tots\/?p=6422"},"modified":"2023-05-31T11:45:25","modified_gmt":"2023-05-31T09:45:25","slug":"donem-la-benvinguda-als-nous-residents","status":"publish","type":"post","link":"https:\/\/fundaciohospitalariesmartorell.org\/entre-tots\/2023\/05\/donem-la-benvinguda-als-nous-residents\/","title":{"rendered":"Donem la benvinguda als nous residents"},"content":{"rendered":"<figure class=\"wp-block-post-featured-image\"><img loading=\"lazy\" decoding=\"async\" width=\"1920\" height=\"1193\" src=\"https:\/\/fundaciohospitalariesmartorell.org\/entre-tots\/wp-content\/uploads\/2023\/05\/202305-nous-residents.jpg\" class=\"attachment-post-thumbnail size-post-thumbnail wp-post-image\" alt=\"\" style=\"object-fit:cover;\" \/><\/figure>\n\n\n<p>El passat dimarts 23 de maig es van incorporar a l\u2019Hospital Sagrat Cor quatre residents de primer any, els quals realitzaran la seva formaci\u00f3 com a especialistes a la nostra Unitat Docent de Formaci\u00f3 Especialitzada.<\/p>\n\n\n\n<p>Des d\u2019aqu\u00ed donem una c\u00e0lida benvinguda a:<\/p>\n\n\n\n<ul class=\"wp-block-list\">\n<li>Lorena Gallego (EIR)<\/li>\n\n\n\n<li>Victor-Luis Rodr\u00edguez (PIR)<\/li>\n\n\n\n<li>Aruka Mingorance (MIR)<\/li>\n\n\n\n<li>Ariadna Busquets (MIR)<\/li>\n<\/ul>\n\n\n\n<p>Volem destacar una frase que va dir el conseller de Salut de Catalunya, Manel Balcells, a l&#8217;acte de benvinguda als nous residents del SISCAT i que est\u00e0 totalment alineada amb la missi\u00f3, visi\u00f3 i valors del nostre Hospital: \u201cL\u2019empatia que haureu de posar com a professionals sanitaris \u00e9s tan important com la formaci\u00f3 i t\u00e8cniques que rebreu&#8221;.<\/p>\n","protected":false},"excerpt":{"rendered":"<p>El passat dimarts 23 de maig es van incorporar a l\u2019Hospital Sagrat Cor quatre residents de primer any, els quals realitzaran la seva formaci\u00f3 com a especialistes a la nostra Unitat Docent de Formaci\u00f3 Especialitzada. Des d\u2019aqu\u00ed donem una c\u00e0lida benvinguda a: Volem destacar una frase que va dir el conseller de Salut de Catalunya, [&hellip;]<\/p>\n","protected":false},"author":2,"featured_media":6424,"comment_status":"closed","ping_status":"closed","sticky":false,"template":"","format":"standard","meta":{"footnotes":""},"categories":[27],"tags":[],"class_list":["post-6422","post","type-post","status-publish","format-standard","has-post-thumbnail","hentry","category-actualitat"],"blocksy_meta":{"styles_descriptor":{"styles":{"desktop":"","tablet":"","mobile":""},"google_fonts":[],"version":6}},"featured_image_urls_v2":{"full":["https:\/\/fundaciohospitalariesmartorell.org\/entre-tots\/wp-content\/uploads\/2023\/05\/202305-nous-residents.jpg",1920,1193,false],"thumbnail":["https:\/\/fundaciohospitalariesmartorell.org\/entre-tots\/wp-content\/uploads\/2023\/05\/202305-nous-residents.jpg",150,93,false],"medium":["https:\/\/fundaciohospitalariesmartorell.org\/entre-tots\/wp-content\/uploads\/2023\/05\/202305-nous-residents.jpg",300,186,false],"medium_large":["https:\/\/fundaciohospitalariesmartorell.org\/entre-tots\/wp-content\/uploads\/2023\/05\/202305-nous-residents.jpg",768,477,false],"large":["https:\/\/fundaciohospitalariesmartorell.org\/entre-tots\/wp-content\/uploads\/2023\/05\/202305-nous-residents.jpg",1024,636,false],"1536x1536":["https:\/\/fundaciohospitalariesmartorell.org\/entre-tots\/wp-content\/uploads\/2023\/05\/202305-nous-residents.jpg",1536,954,false],"2048x2048":["https:\/\/fundaciohospitalariesmartorell.org\/entre-tots\/wp-content\/uploads\/2023\/05\/202305-nous-residents.jpg",1920,1193,false],"mailpoet_newsletter_max":["https:\/\/fundaciohospitalariesmartorell.org\/entre-tots\/wp-content\/uploads\/2023\/05\/202305-nous-residents.jpg",1320,820,false]},"post_excerpt_stackable_v2":"<p>El passat dimarts 23 de maig es van incorporar a l\u2019Hospital Sagrat Cor quatre residents de primer any, els quals realitzaran la seva formaci\u00f3 com a especialistes a la nostra Unitat Docent de Formaci\u00f3 Especialitzada. Des d\u2019aqu\u00ed donem una c\u00e0lida benvinguda a: Lorena Gallego (EIR) Victor-Luis Rodr\u00edguez (PIR) Aruka Mingorance (MIR) Ariadna Busquets (MIR) Volem destacar una frase que va dir el conseller de Salut de Catalunya, Manel Balcells, a l&#8217;acte de benvinguda als nous residents del SISCAT i que est\u00e0 totalment alineada amb la missi\u00f3, visi\u00f3 i valors del nostre Hospital: \u201cL\u2019empatia que haureu de posar com a professionals&hellip;<\/p>\n","category_list_v2":"<a href=\"https:\/\/fundaciohospitalariesmartorell.org\/entre-tots\/category\/actualitat\/\" rel=\"category tag\">ACTUALITAT<\/a>","author_info_v2":{"name":"Sagrat Cor","url":"https:\/\/fundaciohospitalariesmartorell.org\/entre-tots\/author\/daniel\/"},"comments_num_v2":"0 comments","_links":{"self":[{"href":"https:\/\/fundaciohospitalariesmartorell.org\/entre-tots\/wp-json\/wp\/v2\/posts\/6422","targetHints":{"allow":["GET"]}}],"collection":[{"href":"https:\/\/fundaciohospitalariesmartorell.org\/entre-tots\/wp-json\/wp\/v2\/posts"}],"about":[{"href":"https:\/\/fundaciohospitalariesmartorell.org\/entre-tots\/wp-json\/wp\/v2\/types\/post"}],"author":[{"embeddable":true,"href":"https:\/\/fundaciohospitalariesmartorell.org\/entre-tots\/wp-json\/wp\/v2\/users\/2"}],"replies":[{"embeddable":true,"href":"https:\/\/fundaciohospitalariesmartorell.org\/entre-tots\/wp-json\/wp\/v2\/comments?post=6422"}],"version-history":[{"count":2,"href":"https:\/\/fundaciohospitalariesmartorell.org\/entre-tots\/wp-json\/wp\/v2\/posts\/6422\/revisions"}],"predecessor-version":[{"id":6425,"href":"https:\/\/fundaciohospitalariesmartorell.org\/entre-tots\/wp-json\/wp\/v2\/posts\/6422\/revisions\/6425"}],"wp:featuredmedia":[{"embeddable":true,"href":"https:\/\/fundaciohospitalariesmartorell.org\/entre-tots\/wp-json\/wp\/v2\/media\/6424"}],"wp:attachment":[{"href":"https:\/\/fundaciohospitalariesmartorell.org\/entre-tots\/wp-json\/wp\/v2\/media?parent=6422"}],"wp:term":[{"taxonomy":"category","embeddable":true,"href":"https:\/\/fundaciohospitalariesmartorell.org\/entre-tots\/wp-json\/wp\/v2\/categories?post=6422"},{"taxonomy":"post_tag","embeddable":true,"href":"https:\/\/fundaciohospitalariesmartorell.org\/entre-tots\/wp-json\/wp\/v2\/tags?post=6422"}],"curies":[{"name":"wp","href":"https:\/\/api.w.org\/{rel}","templated":true}]}}