{"id":6426,"date":"2023-05-31T05:00:39","date_gmt":"2023-05-31T03:00:39","guid":{"rendered":"https:\/\/newweb.hospitalsagratcormartorell.org\/entre-tots\/?p=6426"},"modified":"2023-05-31T11:49:43","modified_gmt":"2023-05-31T09:49:43","slug":"el-casd-vilanova-reconegut-com-a-centre-compromes-amb-leliminacio-de-lhepatitis-c","status":"publish","type":"post","link":"https:\/\/fundaciohospitalariesmartorell.org\/entre-tots\/2023\/05\/el-casd-vilanova-reconegut-com-a-centre-compromes-amb-leliminacio-de-lhepatitis-c\/","title":{"rendered":"El CASD Vilanova, reconegut com a centre comprom\u00e8s amb l&#8217;eliminaci\u00f3 de l&#8217;hepatitis C"},"content":{"rendered":"<figure class=\"wp-block-post-featured-image\"><img loading=\"lazy\" decoding=\"async\" width=\"1600\" height=\"1200\" src=\"https:\/\/fundaciohospitalariesmartorell.org\/entre-tots\/wp-content\/uploads\/2023\/05\/PHOTO-2023-05-16-13-30-08.jpg\" class=\"attachment-post-thumbnail size-post-thumbnail wp-post-image\" alt=\"\" style=\"object-fit:cover;\" \/><\/figure>\n\n\n<p>El Centre d&#8217;Atenci\u00f3 i Seguiment a les Drogodepend\u00e8ncies (CASD) de\u00a0Vilanova i la Geltr\u00fa, gestionat per l&#8217;Hospital Sagrat Cor, ha estat reconegut com a centre comprom\u00e8s amb l&#8217;eliminaci\u00f3 de l&#8217;hepatitis C. En concret, dues professionals del Centre van recollir el certificat HepCelentes en el marc de la Jornada de la C\u00e0tedra de la Universidad de Sevilla sobre Hepatologia,\u00a0celebrada l&#8217;11 de maig a l&#8217;Hospital Universitari Virgen del Rocio de Sevilla.<\/p>\n\n\n\n<p>Aquest reconeixement premia la tasca desenvolupada per part del CASD en l&#8217;elaboraci\u00f3 i posada en marxa d&#8217;un circuit de treball, iniciat el febrer de 2022, i en el qual es treballa de manera coordinada amb els serveis d&#8217;Hepatologia, de Farm\u00e0cia i de Laboratori de l&#8217;Hospital Resid\u00e8ncia Sant Camil.<\/p>\n\n\n\n<p>&#8220;\u00c9s una recompensa a la feina ben feta en el marc del Pla de prevenci\u00f3 i control de l&#8217;hepatitis C a Catalunya i posa en valor la tasca que hi desenvolupa la infermeria, a trav\u00e9s de proves, registre i dispensaci\u00f3 de tractaments, etc.&#8221;, assenyala M\u00aa Dolores L\u00f3pez, infermera del CASD de Vilanova.<\/p>\n\n\n\n<p>Des que es va posar en marxa aquest circu\u00eft, fa poc m\u00e9s d&#8217;un any, ja s&#8217;han dut a terme 65 tests, 89 anal\u00edtiques de sang i 11 persones han rebut tractament per a l&#8217;hepatitis C.<\/p>\n","protected":false},"excerpt":{"rendered":"<p>El Centre d&#8217;Atenci\u00f3 i Seguiment a les Drogodepend\u00e8ncies (CASD) de\u00a0Vilanova i la Geltr\u00fa, gestionat per l&#8217;Hospital Sagrat Cor, ha estat reconegut com a centre comprom\u00e8s amb l&#8217;eliminaci\u00f3 de l&#8217;hepatitis C. En concret, dues professionals del Centre van recollir el certificat HepCelentes en el marc de la Jornada de la C\u00e0tedra de la Universidad de Sevilla [&hellip;]<\/p>\n","protected":false},"author":2,"featured_media":6428,"comment_status":"closed","ping_status":"closed","sticky":false,"template":"","format":"standard","meta":{"footnotes":""},"categories":[27],"tags":[],"class_list":["post-6426","post","type-post","status-publish","format-standard","has-post-thumbnail","hentry","category-actualitat"],"blocksy_meta":{"styles_descriptor":{"styles":{"desktop":"","tablet":"","mobile":""},"google_fonts":[],"version":6}},"featured_image_urls_v2":{"full":["https:\/\/fundaciohospitalariesmartorell.org\/entre-tots\/wp-content\/uploads\/2023\/05\/PHOTO-2023-05-16-13-30-08.jpg",1600,1200,false],"thumbnail":["https:\/\/fundaciohospitalariesmartorell.org\/entre-tots\/wp-content\/uploads\/2023\/05\/PHOTO-2023-05-16-13-30-08.jpg",150,113,false],"medium":["https:\/\/fundaciohospitalariesmartorell.org\/entre-tots\/wp-content\/uploads\/2023\/05\/PHOTO-2023-05-16-13-30-08.jpg",300,225,false],"medium_large":["https:\/\/fundaciohospitalariesmartorell.org\/entre-tots\/wp-content\/uploads\/2023\/05\/PHOTO-2023-05-16-13-30-08.jpg",768,576,false],"large":["https:\/\/fundaciohospitalariesmartorell.org\/entre-tots\/wp-content\/uploads\/2023\/05\/PHOTO-2023-05-16-13-30-08.jpg",1024,768,false],"1536x1536":["https:\/\/fundaciohospitalariesmartorell.org\/entre-tots\/wp-content\/uploads\/2023\/05\/PHOTO-2023-05-16-13-30-08.jpg",1536,1152,false],"2048x2048":["https:\/\/fundaciohospitalariesmartorell.org\/entre-tots\/wp-content\/uploads\/2023\/05\/PHOTO-2023-05-16-13-30-08.jpg",1600,1200,false],"mailpoet_newsletter_max":["https:\/\/fundaciohospitalariesmartorell.org\/entre-tots\/wp-content\/uploads\/2023\/05\/PHOTO-2023-05-16-13-30-08.jpg",1320,990,false]},"post_excerpt_stackable_v2":"<p>El Centre d&#8217;Atenci\u00f3 i Seguiment a les Drogodepend\u00e8ncies (CASD) de\u00a0Vilanova i la Geltr\u00fa, gestionat per l&#8217;Hospital Sagrat Cor, ha estat reconegut com a centre comprom\u00e8s amb l&#8217;eliminaci\u00f3 de l&#8217;hepatitis C. En concret, dues professionals del Centre van recollir el certificat HepCelentes en el marc de la Jornada de la C\u00e0tedra de la Universidad de Sevilla sobre Hepatologia,\u00a0celebrada l&#8217;11 de maig a l&#8217;Hospital Universitari Virgen del Rocio de Sevilla. Aquest reconeixement premia la tasca desenvolupada per part del CASD en l&#8217;elaboraci\u00f3 i posada en marxa d&#8217;un circuit de treball, iniciat el febrer de 2022, i en el qual es treballa de&hellip;<\/p>\n","category_list_v2":"<a href=\"https:\/\/fundaciohospitalariesmartorell.org\/entre-tots\/category\/actualitat\/\" rel=\"category tag\">ACTUALITAT<\/a>","author_info_v2":{"name":"Sagrat Cor","url":"https:\/\/fundaciohospitalariesmartorell.org\/entre-tots\/author\/daniel\/"},"comments_num_v2":"0 comments","_links":{"self":[{"href":"https:\/\/fundaciohospitalariesmartorell.org\/entre-tots\/wp-json\/wp\/v2\/posts\/6426","targetHints":{"allow":["GET"]}}],"collection":[{"href":"https:\/\/fundaciohospitalariesmartorell.org\/entre-tots\/wp-json\/wp\/v2\/posts"}],"about":[{"href":"https:\/\/fundaciohospitalariesmartorell.org\/entre-tots\/wp-json\/wp\/v2\/types\/post"}],"author":[{"embeddable":true,"href":"https:\/\/fundaciohospitalariesmartorell.org\/entre-tots\/wp-json\/wp\/v2\/users\/2"}],"replies":[{"embeddable":true,"href":"https:\/\/fundaciohospitalariesmartorell.org\/entre-tots\/wp-json\/wp\/v2\/comments?post=6426"}],"version-history":[{"count":2,"href":"https:\/\/fundaciohospitalariesmartorell.org\/entre-tots\/wp-json\/wp\/v2\/posts\/6426\/revisions"}],"predecessor-version":[{"id":6429,"href":"https:\/\/fundaciohospitalariesmartorell.org\/entre-tots\/wp-json\/wp\/v2\/posts\/6426\/revisions\/6429"}],"wp:featuredmedia":[{"embeddable":true,"href":"https:\/\/fundaciohospitalariesmartorell.org\/entre-tots\/wp-json\/wp\/v2\/media\/6428"}],"wp:attachment":[{"href":"https:\/\/fundaciohospitalariesmartorell.org\/entre-tots\/wp-json\/wp\/v2\/media?parent=6426"}],"wp:term":[{"taxonomy":"category","embeddable":true,"href":"https:\/\/fundaciohospitalariesmartorell.org\/entre-tots\/wp-json\/wp\/v2\/categories?post=6426"},{"taxonomy":"post_tag","embeddable":true,"href":"https:\/\/fundaciohospitalariesmartorell.org\/entre-tots\/wp-json\/wp\/v2\/tags?post=6426"}],"curies":[{"name":"wp","href":"https:\/\/api.w.org\/{rel}","templated":true}]}}