{"id":6430,"date":"2023-05-31T04:00:19","date_gmt":"2023-05-31T02:00:19","guid":{"rendered":"https:\/\/newweb.hospitalsagratcormartorell.org\/entre-tots\/?p=6430"},"modified":"2023-05-31T11:49:51","modified_gmt":"2023-05-31T09:49:51","slug":"pelegrinatge-a-la-ciutat-de-lhospitalitat-granada","status":"publish","type":"post","link":"https:\/\/fundaciohospitalariesmartorell.org\/entre-tots\/2023\/05\/pelegrinatge-a-la-ciutat-de-lhospitalitat-granada\/","title":{"rendered":"Pelegrinatge a la ciutat de l\u2019Hospitalitat: Granada"},"content":{"rendered":"<figure class=\"wp-block-post-featured-image\"><img loading=\"lazy\" decoding=\"async\" width=\"1559\" height=\"1078\" src=\"https:\/\/fundaciohospitalariesmartorell.org\/entre-tots\/wp-content\/uploads\/2023\/05\/41c930c5-82e3-46f1-b015-586fc7a7d410.jpeg\" class=\"attachment-post-thumbnail size-post-thumbnail wp-post-image\" alt=\"\" style=\"object-fit:cover;\" \/><\/figure>\n\n\n<p><\/p>\n\n\n\n<p>Del 12 al 15 de maig va tenir lloc un viatge de pelegrinatge organitzat per la Pastoral Atenci\u00f3 Espiritual i Religiosa (PAER) de l\u2019Hospital Sagrat Cor. El dest\u00ed va ser Granada, amb l\u2019objectiu de con\u00e8ixer de manera experiencial part de la hist\u00f2ria de la Congregaci\u00f3 de Germanes Hospital\u00e0ries, sobretot als seus inicis. El viatge va servir per con\u00e8ixer aquesta ciutat des de l\u2019\u00f2ptica del bressol de l\u2019Hospitalitat: Sant Joan de D\u00e9u, Sant Benito Menni i les germanes fundadores.<\/p>\n\n\n\n<p>A m\u00e9s, va crear comunitat hospital\u00e0ria, compartint celebracions i temps festius. Tamb\u00e9 es va con\u00e8ixer la realitat del centre que actualment tenen les Germanes Hospital\u00e0ries a Granada, la Fundaci\u00f3n Pur\u00edsima Concepci\u00f3n.<\/p>\n\n\n\n<figure class=\"wp-block-image size-large\"><img loading=\"lazy\" decoding=\"async\" width=\"946\" height=\"2048\" src=\"https:\/\/hospitalsagratcormartorell.org\/entre-tots\/wp-content\/uploads\/2023\/05\/6635f740-3bc4-4e4c-a56e-7caf4bd2706c.jpeg\" alt=\"\" class=\"wp-image-6436\"\/><\/figure>\n\n\n\n<p>A continuaci\u00f3 us deixem les experi\u00e8ncies personals d\u2019unes quantes persones participants d\u2019aquest viatge de pelegrinatge.<\/p>\n\n\n\n<p><strong>Gloria L\u00f3pez<\/strong>: Este viaje es como si me hubiese servido para acabar de darle sentido al lugar al que siento que pertenezco. Poder poner lugares, personas reales que existieron, en definitiva ver los or\u00edgenes de eso que a veces repetimos, &#8220;Hospitalidad&#8221;, ha sido maravilloso y muy lleno de sentido para m\u00ed. Pienso que es muy importante y necesario que podamos saber de d\u00f3nde venimos, no solo como personas sino, imprescindible, como Organizaci\u00f3n. \u00a0Y adem\u00e1s, si haces turismo, te r\u00edes, te lo pasas bien, haces grupo y tienes un poco de todo. Pues \u00bfqu\u00e9 m\u00e1s se puede pedir?<\/p>\n\n\n\n<p><strong>Sandra N\u00fa\u00f1ez<\/strong>: Este viaje me ha permitido asomarme al coraz\u00f3n, a la esencia y a la fuente. Me ha brindado la ocasi\u00f3n de conocer, no solo el lugar donde trabajo y sus porqu\u00e9s, tambi\u00e9n a las personas que lo conforman y le dan vida. Ha sido un conocer m\u00e1s profundo: un entendimiento, una mirada hacia adentro para descubrirme y para asegurar la veracidad de mi vocaci\u00f3n.<\/p>\n\n\n\n<p><strong>Mercedes P\u00e9rez<\/strong>: Este peregrinaje a Granada ha supuesto algo muy bonito para m\u00ed, irrepetible, emotivo e inolvidable. Compartir con mis compa\u00f1eros el viaje a los or\u00edgenes de las hermanas hospitalarias Mar\u00eda Angustias y Mar\u00eda Josefa, sus historias de vida, donde se bautizaron, donde vivieron, donde rezaron&#8230; Conocer el Centro de la Pur\u00edsima Concepci\u00f3n y saber todos los recursos tanto materiales como humanos destinados a las personas con discapacidad intelectual ha sido para m\u00ed lo m\u00e1s bonito. Todo gracias al esfuerzo y empe\u00f1o de las hermanas por el cuidado de los m\u00e1s vulnerables. Emocionante visitar la Iglesia de Justo y Pastor, impresionante observar la Bas\u00edlica de San Juan de Dios, acogedor pisar la casa de los Pisa y emotiva la vista al Sacromonte. Mi cerebro tiene m\u00e1s conocimientos de historia, religi\u00f3n y arte, pero mi coraz\u00f3n ha ampliado sus horizontes al compartir esta experiencia con mis compa\u00f1eros. Gracias.<\/p>\n\n\n\n<p><strong>Meritxell Argem\u00ed<\/strong>: He tingut l&#8217;oportunitat de poder participar i assistir al pelegrinatge que el nostre hospital va organitzar a Granada, realment una experi\u00e8ncia superenriquidora. He descobert part de la nostra hist\u00f2ria, d&#8217;all\u00f2 que ens fa diferents, l&#8217;HOSPITALITAT. Des d&#8217;aqu\u00ed, dif\u00edcil de comprendre per\u00f2, all\u00e0, hi ha l&#8217;origen i hi trobes el sentit. Gr\u00e0cies a tota l&#8217;organitzaci\u00f3 per fer-ho possible, repetiria dem\u00e0 mateix amb els ulls tancats.<\/p>\n\n\n\n<p><strong>Ana Su\u00e1rez<\/strong>: Nos han pedido que pongamos en tres l\u00edneas nuestra vivencia en Granada. Solo he de deciros que no hay palabras, simplemente ten\u00e9is que vivirlo. Creas, o no creas. Ha sido una vivencia inexplicable. Gracias a todos, los organizadores y el grupo.<\/p>\n\n\n\n<p><strong>Paquita L\u00f3pez<\/strong>: He de decirte que ha sido una experiencia preciosa por vivirla y compartirla con tod@s, no imaginaba que nos sentir\u00edamos tan a gusto y tan bien a la vez. Me llevo un recuerdo entra\u00f1able que me ha permitido cerrar un ciclo de mi vida laboral en el hospital, conociendo los lugares por donde transitaron las fundadoras, que imagino no lo tuvieron f\u00e1cil, y nosotros de una forma u otra hemos continuado con la labor que ellas iniciaron. Te toca el fondo pensar en el sacrificio y lucha de estas pobres mujeres, la generosidad y la renuncia por la que pasaron\u2026es un gran ejemplo. Todo lo que hemos visto y vivido me ha llevado a pensar que no somos tan diferentes unos de otros, al final a todos nos mov\u00eda la ilusi\u00f3n de compartir y vivir la experiencia, de conocer c\u00f3mo, d\u00f3nde, cu\u00e1ndo y con qui\u00e9n iniciaron el camino M. Angustias y M. Josefa. De aquellos inicios aqu\u00ed estamos nosotros continuando la labor de atender y cuidar. Gracias, Roberto, por tus explicaciones y por tu compa\u00f1\u00eda y quiero agradecer a todos los que han organizado el viaje, que ha salido perfecto. \u00a1C\u00f3mo nos hemos re\u00eddo!<\/p>\n\n\n\n<p><strong>Montserrat de la Cruz:<\/strong> Que te explique en tres l\u00edneas mi experiencia es un poco dif\u00edcil, pero lo voy a intentar. En principio no pensaba que ser\u00eda as\u00ed, me ha sorprendido esa hospitalidad que ha caracterizado esta peregrinaci\u00f3n. Yo siempre intento coger lo positivo, una buena salud social, que en esta peregrinaci\u00f3n se ha palpado. Unos momentos emotivos y con mucha conexi\u00f3n y unas vivencias que te hacen crecer como persona. Todos hemos aportado y todos nos llevamos un trocito de este viaje o peregrinaci\u00f3n que hemos compartido. Para m\u00ed, resumirlo en unas palabras, PAZ EMOCIONAL. Bueno, no me enrollo m\u00e1s, ah\u00ed te env\u00edo mi peque\u00f1a explicaci\u00f3n, gracias por todo.<\/p>\n\n\n\n<p><strong>Miriam Mart\u00edn<\/strong>: Hoy que estamos ya de vuelta para Barcelona, ha sido una experiencia que a\u00fan estoy procesando, aprendiendo, riendo, llorando, me faltan palabras para describir lo vivido. Ha sido emocionante, ha sido m\u00e1s de las expectativas que podr\u00eda haber esperado con todo este equipo.&nbsp; Roberto, gracias.<\/p>\n\n\n\n<p><strong>Sor Isabel Bl\u00e1zquez<\/strong>: Mi experiencia de la peregrinaci\u00f3n a Granada, es: \u201cMemoria agradecida\u201d, beber del manantial de la hospitalidad con profesionales y voluntarios de Sagrat Cor, ha potenciado y hecho palpable el proyecto que todos realizamos en com\u00fan uni\u00f3n. En palabras del papa Francisco: \u201cQue el turismo no sea consumo, sino ocasi\u00f3n de encuentro\u201d. Gracias.<\/p>\n\n\n\n<p><strong>V\u00edctor Garc\u00eda<\/strong>: El viaje a GRANADA ha supuesto un punto de inflexi\u00f3n en este caminar de VIDA. Lo podr\u00eda resumir como: GRANADA, donde la SUMA de vivencias EXPLOTA las emociones vividas y hace brotar el AGUA de la vida de lo que fue, es y ser\u00e1. Un viaje INOLVIDABLE.<\/p>\n\n\n\n<p><strong>Loli Miguel<\/strong>: Con esta peregrinaci\u00f3n a Granada, cierro una etapa de mi vida profesional: recorriendo y visitando los lugares por donde pasaron l@s fundador@s de esta gran labor hospitalaria a la que he pertenecido durante much\u00edsimos a\u00f1os, tambi\u00e9n he vuelto a experimentar la convivencia de cuatro d\u00edas con compa\u00f1er@s voluntari@s y hermana, de los que he disfrutado much\u00edsimo.<\/p>\n\n\n\n<p><strong>Roberto Narvaiz<\/strong>: Por medio de esta peque\u00f1a nota quiero agradeceros a cada uno de los que hemos formado parte de esta experiencia vuestra ilusi\u00f3n, vuestra colaboraci\u00f3n para que este viaje haya sido una realidad satisfactoria para todos y todas. Gracias a nuestro Hospital Sagrat Cor, que desde el minuto cero ha facilitado y ha cre\u00eddo que este viaje nos daba la posibilidad de entrar en un conocimiento nuevo de parte de la historia de la Congregaci\u00f3n y de sentirnos comunidad hospitalaria. GRACIAS porque ha sido un tiempo variado de experiencias de todo tipo: conocer, compartir, re\u00edr y disfrutar de una ciudad que para nosotros es cuna de la Hospitalidad.<\/p>\n\n\n\n<figure class=\"wp-block-image size-large\"><img loading=\"lazy\" decoding=\"async\" width=\"1600\" height=\"739\" src=\"https:\/\/hospitalsagratcormartorell.org\/entre-tots\/wp-content\/uploads\/2023\/05\/b29f63b2-a3e8-47a6-ad67-2300e6577d38.jpeg\" alt=\"\" class=\"wp-image-6439\"\/><\/figure>\n\n\n\n<figure class=\"wp-block-gallery has-nested-images columns-2 is-cropped wp-block-gallery-1 is-layout-flex wp-block-gallery-is-layout-flex\">\n<figure class=\"wp-block-image size-large\"><img loading=\"lazy\" decoding=\"async\" width=\"2048\" height=\"946\" data-id=\"6438\" src=\"https:\/\/hospitalsagratcormartorell.org\/entre-tots\/wp-content\/uploads\/2023\/05\/a26ca07f-d1b6-48a8-89cb-a2592bf201cc.jpeg\" alt=\"\" class=\"wp-image-6438\"\/><\/figure>\n\n\n\n<figure class=\"wp-block-image size-large\"><img loading=\"lazy\" decoding=\"async\" width=\"2048\" height=\"1536\" data-id=\"6437\" src=\"https:\/\/hospitalsagratcormartorell.org\/entre-tots\/wp-content\/uploads\/2023\/05\/41918754-9942-4f01-b1dc-517f44845e28.jpeg\" alt=\"\" class=\"wp-image-6437\"\/><\/figure>\n\n\n\n<figure class=\"wp-block-image size-large\"><img loading=\"lazy\" decoding=\"async\" width=\"2048\" height=\"1536\" data-id=\"6434\" src=\"https:\/\/hospitalsagratcormartorell.org\/entre-tots\/wp-content\/uploads\/2023\/05\/725f7572-9bf8-496f-a259-ed44edb09763.jpeg\" alt=\"\" class=\"wp-image-6434\"\/><\/figure>\n\n\n\n<figure class=\"wp-block-image size-large\"><img loading=\"lazy\" decoding=\"async\" width=\"1599\" height=\"1200\" data-id=\"6433\" src=\"https:\/\/hospitalsagratcormartorell.org\/entre-tots\/wp-content\/uploads\/2023\/05\/554b10fe-5a35-4636-9e68-b59b5c6e661c.jpeg\" alt=\"\" class=\"wp-image-6433\"\/><\/figure>\n<\/figure>\n","protected":false},"excerpt":{"rendered":"<p>Del 12 al 15 de maig va tenir lloc un viatge de pelegrinatge organitzat per la Pastoral Atenci\u00f3 Espiritual i Religiosa (PAER) de l\u2019Hospital Sagrat Cor. El dest\u00ed va ser Granada, amb l\u2019objectiu de con\u00e8ixer de manera experiencial part de la hist\u00f2ria de la Congregaci\u00f3 de Germanes Hospital\u00e0ries, sobretot als seus inicis. El viatge va [&hellip;]<\/p>\n","protected":false},"author":2,"featured_media":6431,"comment_status":"closed","ping_status":"closed","sticky":false,"template":"","format":"standard","meta":{"footnotes":""},"categories":[27],"tags":[],"class_list":["post-6430","post","type-post","status-publish","format-standard","has-post-thumbnail","hentry","category-actualitat"],"blocksy_meta":{"styles_descriptor":{"styles":{"desktop":"","tablet":"","mobile":""},"google_fonts":[],"version":6}},"featured_image_urls_v2":{"full":["https:\/\/fundaciohospitalariesmartorell.org\/entre-tots\/wp-content\/uploads\/2023\/05\/41c930c5-82e3-46f1-b015-586fc7a7d410.jpeg",1559,1078,false],"thumbnail":["https:\/\/fundaciohospitalariesmartorell.org\/entre-tots\/wp-content\/uploads\/2023\/05\/41c930c5-82e3-46f1-b015-586fc7a7d410.jpeg",150,104,false],"medium":["https:\/\/fundaciohospitalariesmartorell.org\/entre-tots\/wp-content\/uploads\/2023\/05\/41c930c5-82e3-46f1-b015-586fc7a7d410.jpeg",300,207,false],"medium_large":["https:\/\/fundaciohospitalariesmartorell.org\/entre-tots\/wp-content\/uploads\/2023\/05\/41c930c5-82e3-46f1-b015-586fc7a7d410.jpeg",768,531,false],"large":["https:\/\/fundaciohospitalariesmartorell.org\/entre-tots\/wp-content\/uploads\/2023\/05\/41c930c5-82e3-46f1-b015-586fc7a7d410.jpeg",1024,708,false],"1536x1536":["https:\/\/fundaciohospitalariesmartorell.org\/entre-tots\/wp-content\/uploads\/2023\/05\/41c930c5-82e3-46f1-b015-586fc7a7d410.jpeg",1536,1062,false],"2048x2048":["https:\/\/fundaciohospitalariesmartorell.org\/entre-tots\/wp-content\/uploads\/2023\/05\/41c930c5-82e3-46f1-b015-586fc7a7d410.jpeg",1559,1078,false],"mailpoet_newsletter_max":["https:\/\/fundaciohospitalariesmartorell.org\/entre-tots\/wp-content\/uploads\/2023\/05\/41c930c5-82e3-46f1-b015-586fc7a7d410.jpeg",1320,913,false]},"post_excerpt_stackable_v2":"<p>Del 12 al 15 de maig va tenir lloc un viatge de pelegrinatge organitzat per la Pastoral Atenci\u00f3 Espiritual i Religiosa (PAER) de l\u2019Hospital Sagrat Cor. El dest\u00ed va ser Granada, amb l\u2019objectiu de con\u00e8ixer de manera experiencial part de la hist\u00f2ria de la Congregaci\u00f3 de Germanes Hospital\u00e0ries, sobretot als seus inicis. El viatge va servir per con\u00e8ixer aquesta ciutat des de l\u2019\u00f2ptica del bressol de l\u2019Hospitalitat: Sant Joan de D\u00e9u, Sant Benito Menni i les germanes fundadores. A m\u00e9s, va crear comunitat hospital\u00e0ria, compartint celebracions i temps festius. Tamb\u00e9 es va con\u00e8ixer la realitat del centre que actualment tenen&hellip;<\/p>\n","category_list_v2":"<a href=\"https:\/\/fundaciohospitalariesmartorell.org\/entre-tots\/category\/actualitat\/\" rel=\"category tag\">ACTUALITAT<\/a>","author_info_v2":{"name":"Sagrat Cor","url":"https:\/\/fundaciohospitalariesmartorell.org\/entre-tots\/author\/daniel\/"},"comments_num_v2":"0 comments","_links":{"self":[{"href":"https:\/\/fundaciohospitalariesmartorell.org\/entre-tots\/wp-json\/wp\/v2\/posts\/6430","targetHints":{"allow":["GET"]}}],"collection":[{"href":"https:\/\/fundaciohospitalariesmartorell.org\/entre-tots\/wp-json\/wp\/v2\/posts"}],"about":[{"href":"https:\/\/fundaciohospitalariesmartorell.org\/entre-tots\/wp-json\/wp\/v2\/types\/post"}],"author":[{"embeddable":true,"href":"https:\/\/fundaciohospitalariesmartorell.org\/entre-tots\/wp-json\/wp\/v2\/users\/2"}],"replies":[{"embeddable":true,"href":"https:\/\/fundaciohospitalariesmartorell.org\/entre-tots\/wp-json\/wp\/v2\/comments?post=6430"}],"version-history":[{"count":3,"href":"https:\/\/fundaciohospitalariesmartorell.org\/entre-tots\/wp-json\/wp\/v2\/posts\/6430\/revisions"}],"predecessor-version":[{"id":6598,"href":"https:\/\/fundaciohospitalariesmartorell.org\/entre-tots\/wp-json\/wp\/v2\/posts\/6430\/revisions\/6598"}],"wp:featuredmedia":[{"embeddable":true,"href":"https:\/\/fundaciohospitalariesmartorell.org\/entre-tots\/wp-json\/wp\/v2\/media\/6431"}],"wp:attachment":[{"href":"https:\/\/fundaciohospitalariesmartorell.org\/entre-tots\/wp-json\/wp\/v2\/media?parent=6430"}],"wp:term":[{"taxonomy":"category","embeddable":true,"href":"https:\/\/fundaciohospitalariesmartorell.org\/entre-tots\/wp-json\/wp\/v2\/categories?post=6430"},{"taxonomy":"post_tag","embeddable":true,"href":"https:\/\/fundaciohospitalariesmartorell.org\/entre-tots\/wp-json\/wp\/v2\/tags?post=6430"}],"curies":[{"name":"wp","href":"https:\/\/api.w.org\/{rel}","templated":true}]}}