{"id":6474,"date":"2023-05-31T10:30:25","date_gmt":"2023-05-31T08:30:25","guid":{"rendered":"https:\/\/newweb.hospitalsagratcormartorell.org\/entre-tots\/?p=6474"},"modified":"2023-05-31T11:52:28","modified_gmt":"2023-05-31T09:52:28","slug":"les-xxvii-jornades-dactualitzacio-en-psicogeriatria-congreguen-uns-400-professionals","status":"publish","type":"post","link":"https:\/\/fundaciohospitalariesmartorell.org\/entre-tots\/2023\/05\/les-xxvii-jornades-dactualitzacio-en-psicogeriatria-congreguen-uns-400-professionals\/","title":{"rendered":"Les XXVII Jornades d&#8217;Actualitzaci\u00f3 en Psicogeriatria congreguen uns 400 professionals"},"content":{"rendered":"<figure class=\"wp-block-post-featured-image\"><img loading=\"lazy\" decoding=\"async\" width=\"1665\" height=\"900\" src=\"https:\/\/fundaciohospitalariesmartorell.org\/entre-tots\/wp-content\/uploads\/2023\/05\/01_img-20230526-wa0061-copia.jpeg\" class=\"attachment-post-thumbnail size-post-thumbnail wp-post-image\" alt=\"\" style=\"object-fit:cover;\" \/><\/figure>\n\n\n<p>Les XXVII Jornades d&#8217;Actualitzaci\u00f3 en Psicogeriatria, organitzades per l&#8217;Hospital Sagrat Cor, que es van celebrar el 26 de maig a l&#8217;Hospital San Rafael de Barcelona en format presencial i en l\u00ednia, van aplegar uns 400 professionals de tot el m\u00f3n.<\/p>\n\n\n\n<p>La inauguraci\u00f3 va anar a c\u00e0rrec de Sor Isabel Bl\u00e1zquez, superiora de l&#8217;Hospital Sagrat Cor, que va mostrar el seu agra\u00efment als presents per l\u2019assist\u00e8ncia a aquestes jornades, aix\u00ed com als organitzadors. Tamb\u00e9 va recordar la import\u00e0ncia de la Festa de Nostra Senyora del Sagrat Cor de Jes\u00fas, que el 31 de maig celebra el 142\u00e8 aniversari de la Fundaci\u00f3 de la Congregaci\u00f3 de les Germanes Hospital\u00e0ries del Sagrat Cor de Jes\u00fas, que va tenir lloc a Ciempozuelos (Madrid) de la m\u00e0 de sant Benito Menni, Mar\u00eda Josefa Recio i Mar\u00eda Angustias Gim\u00e9nez.<\/p>\n\n\n\n<p>Tot seguit, el professor Antoni Bulbena, director del Departament de Psiquiatria i Medicina Legal de la Universitat Aut\u00f2noma de Barcelona (UAB), va fer un balan\u00e7 hist\u00f2ric de la seva participaci\u00f3 en aquesta Jornada de refer\u00e8ncia i va anunciar que, properament, hi haur\u00e0 una C\u00e0tedra de recerca en psicogeriatria entre Germanes Hospital\u00e0ries i la UAB. Tamb\u00e9 va aproximar l&#8217;her\u00e8ncia del coneixement des de l&#8217;espiritualitat a la cl\u00ednica, empla\u00e7ant tothom a l&#8217;aprenentatge.<\/p>\n\n\n\n<p>El doctor Carles Franquelo, director m\u00e8dic de l&#8217;Hospital Sagrat Cor, tamb\u00e9 va agrair la pres\u00e8ncia dels m\u00e9s de 400 assistents i la participaci\u00f3 dels ponents. Va explicar que l&#8217;Hospital Sagrat Cor aposta des de fa anys per la cura dels ancians amb problemes de salut mental i va recordar les primeres Jornades que va iniciar el Dr. Rego, que va fundar una unitat d&#8217;aguts dedicada a la salut mental de la tercera edat. Aix\u00ed mateix, va posar en relleu que es parla molt de la salut mental en la postpand\u00e8mia, concretament dels efectes en la poblaci\u00f3 jove, per\u00f2 cal no oblidar que tamb\u00e9 ha tingut conseq\u00fc\u00e8ncies molt importants sobre la salut mental de la gent gran.<\/p>\n\n\n\n<figure class=\"wp-block-gallery has-nested-images columns-2 is-cropped wp-block-gallery-1 is-layout-flex wp-block-gallery-is-layout-flex\">\n<figure class=\"wp-block-image size-full\"><img loading=\"lazy\" decoding=\"async\" width=\"1470\" height=\"900\" data-id=\"6477\" src=\"https:\/\/hospitalsagratcormartorell.org\/entre-tots\/wp-content\/uploads\/2023\/05\/02_inauguracion.jpeg\" alt=\"\" class=\"wp-image-6477\"\/><\/figure>\n\n\n\n<figure class=\"wp-block-image size-full\"><img loading=\"lazy\" decoding=\"async\" width=\"1170\" height=\"900\" data-id=\"6478\" src=\"https:\/\/hospitalsagratcormartorell.org\/entre-tots\/wp-content\/uploads\/2023\/05\/03_screenshot-20230528-222349-youtube.jpeg\" alt=\"\" class=\"wp-image-6478\"\/><\/figure>\n<\/figure>\n\n\n\n<p>El seg\u00fcent que va prendre la paraula va ser el doctor Manel S\u00e1nchez, subdirector m\u00e8dic de l&#8217;Hospital Sagrat Cor i coordinador de la Jornada, que va destacar que aquesta Jornada hist\u00f2ricament dona una visi\u00f3 integral de la persona gran i n\u2019aborda la salut mental des d&#8217;una visi\u00f3 m\u00e9s \u00e0mplia que engloba l&#8217;epidemiologia, la prevenci\u00f3 i la cl\u00ednica, a m\u00e9s de l&#8217;espiritualitat i els aspectes socials.<\/p>\n\n\n\n<p>La confer\u00e8ncia inaugural, amb el nom d&#8217;\u2019Espiritualitat i psiquiatria de la tercera edat\u2019, la va impartir el Professor German E. Berrios, Emeritus Chair of the Epistemology of Psychiatry. Life-Fellow, Robinson College. University of Cambridge, UK. El professor va abordar totes les \u00e0rees de l&#8217;espiritualitat en la tercera edat i va destacar que en aquesta fase de la vida cont\u00e9 una c\u00e0rrega sem\u00e0ntica addicional que fa refer\u00e8ncia a necessitats profundes, que expressen prop\u00f2sits humans i del m\u00f3n en general, i que poden expressar-se ling\u00fc\u00edsticament o no. A m\u00e9s, va assenyalar que comprendre no \u00e9s simplement acceptar una explicaci\u00f3, sin\u00f3 acceptar-la en l&#8217;\u00e0mbit est\u00e8tic i emocional com un acte de fe.<\/p>\n\n\n\n<p>La primera taula de la jornada va versar sobre la dimensi\u00f3 psicol\u00f2gica i existencial de l&#8217;envelliment, i va comptar amb la intervenci\u00f3 del doctor Manuel Mart\u00edn Carrasco, director m\u00e8dic de la Cl\u00ednica Padre Menni de Pamplona i president de la Societat Espanyola de Psiquiatria; del doctor Luis Guti\u00e9rrez Rojas, professor de Psiquiatria de la Universitat de Granada, i del doctor Francesc Torralba, catedr\u00e0tic de Filosofia i director de la C\u00e0tedra Ethos d&#8217;\u00e8tica aplicada de la Universitat Ramon Llull.<\/p>\n\n\n\n<p>La segona taula es va centrar en la depressi\u00f3 en els ancians i els desafiaments cl\u00ednics i terap\u00e8utics d&#8217;aquesta malaltia en aquest col\u00b7lectiu de pacients. Els ponents que hi van intervenir van ser el doctor Narc\u00eds Cardoner, cap del Servei de Psiquiatria de l&#8217;Hospital de la Santa Creu i Sant Pau; la doctora Virginia Soria, del Servei de Psiquiatria de l&#8217;Hospital Universitari de Bellvitge, i el doctor Javier Olivera, psiquiatre i responsable del Programa de Psicogeriatria de l&#8217;Hospital Universitari San Jorge de Huesca.<\/p>\n\n\n\n<p>Un dels missatges que es van traslladar des d&#8217;aquesta taula va ser la necessitat de tenir en compte que la relaci\u00f3 entre depressi\u00f3 i dolor \u00e9s un fenomen molt prevalent, i que, per tant, \u00e9s imprescindible fer-ne un abordatge integral, que tingui en compte la dimensi\u00f3 emocional del pacient i no nom\u00e9s el tractament del dolor.<\/p>\n","protected":false},"excerpt":{"rendered":"<p>Les XXVII Jornades d&#8217;Actualitzaci\u00f3 en Psicogeriatria, organitzades per l&#8217;Hospital Sagrat Cor, que es van celebrar el 26 de maig a l&#8217;Hospital San Rafael de Barcelona en format presencial i en l\u00ednia, van aplegar uns 400 professionals de tot el m\u00f3n. La inauguraci\u00f3 va anar a c\u00e0rrec de Sor Isabel Bl\u00e1zquez, superiora de l&#8217;Hospital Sagrat Cor, [&hellip;]<\/p>\n","protected":false},"author":2,"featured_media":6476,"comment_status":"closed","ping_status":"closed","sticky":false,"template":"","format":"standard","meta":{"footnotes":""},"categories":[27],"tags":[],"class_list":["post-6474","post","type-post","status-publish","format-standard","has-post-thumbnail","hentry","category-actualitat"],"blocksy_meta":{"styles_descriptor":{"styles":{"desktop":"","tablet":"","mobile":""},"google_fonts":[],"version":6}},"featured_image_urls_v2":{"full":["https:\/\/fundaciohospitalariesmartorell.org\/entre-tots\/wp-content\/uploads\/2023\/05\/01_img-20230526-wa0061-copia.jpeg",1665,900,false],"thumbnail":["https:\/\/fundaciohospitalariesmartorell.org\/entre-tots\/wp-content\/uploads\/2023\/05\/01_img-20230526-wa0061-copia.jpeg",150,81,false],"medium":["https:\/\/fundaciohospitalariesmartorell.org\/entre-tots\/wp-content\/uploads\/2023\/05\/01_img-20230526-wa0061-copia.jpeg",300,162,false],"medium_large":["https:\/\/fundaciohospitalariesmartorell.org\/entre-tots\/wp-content\/uploads\/2023\/05\/01_img-20230526-wa0061-copia.jpeg",768,415,false],"large":["https:\/\/fundaciohospitalariesmartorell.org\/entre-tots\/wp-content\/uploads\/2023\/05\/01_img-20230526-wa0061-copia.jpeg",1024,554,false],"1536x1536":["https:\/\/fundaciohospitalariesmartorell.org\/entre-tots\/wp-content\/uploads\/2023\/05\/01_img-20230526-wa0061-copia.jpeg",1536,830,false],"2048x2048":["https:\/\/fundaciohospitalariesmartorell.org\/entre-tots\/wp-content\/uploads\/2023\/05\/01_img-20230526-wa0061-copia.jpeg",1665,900,false],"mailpoet_newsletter_max":["https:\/\/fundaciohospitalariesmartorell.org\/entre-tots\/wp-content\/uploads\/2023\/05\/01_img-20230526-wa0061-copia.jpeg",1320,714,false]},"post_excerpt_stackable_v2":"<p>Les XXVII Jornades d&#8217;Actualitzaci\u00f3 en Psicogeriatria, organitzades per l&#8217;Hospital Sagrat Cor, que es van celebrar el 26 de maig a l&#8217;Hospital San Rafael de Barcelona en format presencial i en l\u00ednia, van aplegar uns 400 professionals de tot el m\u00f3n. La inauguraci\u00f3 va anar a c\u00e0rrec de Sor Isabel Bl\u00e1zquez, superiora de l&#8217;Hospital Sagrat Cor, que va mostrar el seu agra\u00efment als presents per l\u2019assist\u00e8ncia a aquestes jornades, aix\u00ed com als organitzadors. Tamb\u00e9 va recordar la import\u00e0ncia de la Festa de Nostra Senyora del Sagrat Cor de Jes\u00fas, que el 31 de maig celebra el 142\u00e8 aniversari de la Fundaci\u00f3&hellip;<\/p>\n","category_list_v2":"<a href=\"https:\/\/fundaciohospitalariesmartorell.org\/entre-tots\/category\/actualitat\/\" rel=\"category tag\">ACTUALITAT<\/a>","author_info_v2":{"name":"Sagrat Cor","url":"https:\/\/fundaciohospitalariesmartorell.org\/entre-tots\/author\/daniel\/"},"comments_num_v2":"0 comments","_links":{"self":[{"href":"https:\/\/fundaciohospitalariesmartorell.org\/entre-tots\/wp-json\/wp\/v2\/posts\/6474","targetHints":{"allow":["GET"]}}],"collection":[{"href":"https:\/\/fundaciohospitalariesmartorell.org\/entre-tots\/wp-json\/wp\/v2\/posts"}],"about":[{"href":"https:\/\/fundaciohospitalariesmartorell.org\/entre-tots\/wp-json\/wp\/v2\/types\/post"}],"author":[{"embeddable":true,"href":"https:\/\/fundaciohospitalariesmartorell.org\/entre-tots\/wp-json\/wp\/v2\/users\/2"}],"replies":[{"embeddable":true,"href":"https:\/\/fundaciohospitalariesmartorell.org\/entre-tots\/wp-json\/wp\/v2\/comments?post=6474"}],"version-history":[{"count":3,"href":"https:\/\/fundaciohospitalariesmartorell.org\/entre-tots\/wp-json\/wp\/v2\/posts\/6474\/revisions"}],"predecessor-version":[{"id":6480,"href":"https:\/\/fundaciohospitalariesmartorell.org\/entre-tots\/wp-json\/wp\/v2\/posts\/6474\/revisions\/6480"}],"wp:featuredmedia":[{"embeddable":true,"href":"https:\/\/fundaciohospitalariesmartorell.org\/entre-tots\/wp-json\/wp\/v2\/media\/6476"}],"wp:attachment":[{"href":"https:\/\/fundaciohospitalariesmartorell.org\/entre-tots\/wp-json\/wp\/v2\/media?parent=6474"}],"wp:term":[{"taxonomy":"category","embeddable":true,"href":"https:\/\/fundaciohospitalariesmartorell.org\/entre-tots\/wp-json\/wp\/v2\/categories?post=6474"},{"taxonomy":"post_tag","embeddable":true,"href":"https:\/\/fundaciohospitalariesmartorell.org\/entre-tots\/wp-json\/wp\/v2\/tags?post=6474"}],"curies":[{"name":"wp","href":"https:\/\/api.w.org\/{rel}","templated":true}]}}