{"id":6481,"date":"2023-05-31T02:00:26","date_gmt":"2023-05-31T00:00:26","guid":{"rendered":"https:\/\/newweb.hospitalsagratcormartorell.org\/entre-tots\/?p=6481"},"modified":"2023-05-31T11:50:12","modified_gmt":"2023-05-31T09:50:12","slug":"continuen-les-trobades-entre-responsables-assistencials-dels-hospitals-sagrat-cor-i-sant-rafael","status":"publish","type":"post","link":"https:\/\/fundaciohospitalariesmartorell.org\/entre-tots\/2023\/05\/continuen-les-trobades-entre-responsables-assistencials-dels-hospitals-sagrat-cor-i-sant-rafael\/","title":{"rendered":"Continuen les trobades entre responsables assistencials dels Hospitals Sagrat Cor i Sant Rafael"},"content":{"rendered":"<figure class=\"wp-block-post-featured-image\"><img loading=\"lazy\" decoding=\"async\" width=\"4032\" height=\"2268\" src=\"https:\/\/fundaciohospitalariesmartorell.org\/entre-tots\/wp-content\/uploads\/2023\/05\/17maigHSCOR.jpg\" class=\"attachment-post-thumbnail size-post-thumbnail wp-post-image\" alt=\"\" style=\"object-fit:cover;\" \/><\/figure>\n\n\n<p>Els dies 16 i 17 de maig va tenir lloc la trobada dels responsables d\u2019equips assistencials de sociosanitari i medicina interna de l&#8217;Hospital Sagrat Cor i Sant Rafael, respectivament, i la visita als espais d\u2019ambd\u00f3s centres. Es tracta d\u2019una activitat impulsada per la Direcci\u00f3 de Projectes Assistencials, despr\u00e9s que, a l\u2019abril, es celebressin les primeres trobades entre responsables de coordinaci\u00f3 de Salut Mental d\u2019Adults.<\/p>\n\n\n\n<p>Les conclusions i les propostes de treball van incloure la creaci\u00f3 d\u2019un circuit de consultes, la identificaci\u00f3 del perfil de pacients del Sagrat Cor que podria beneficiar-se d\u2019una derivaci\u00f3 a la Unitat de Diagn\u00f2stic R\u00e0pid de Sant Rafael, compartir la definici\u00f3 del perfil d\u2019infermera gestora de casos, la gesti\u00f3 de les estades hospital\u00e0ries i l\u2019objectivaci\u00f3 de la complexitat dels pacients, aix\u00ed com el contacte entre comissions d\u2019infeccions.<\/p>\n\n\n\n<p>La propera reuni\u00f3 ser\u00e0 de responsables d\u2019equips assistencials de salut mental infantojuvenil.<\/p>\n\n\n\n<figure class=\"wp-block-image size-full\"><img loading=\"lazy\" decoding=\"async\" width=\"2712\" height=\"1690\" src=\"https:\/\/hospitalsagratcormartorell.org\/entre-tots\/wp-content\/uploads\/2023\/05\/16maigHSR_1.jpg\" alt=\"\" class=\"wp-image-6483\"\/><\/figure>\n","protected":false},"excerpt":{"rendered":"<p>Els dies 16 i 17 de maig va tenir lloc la trobada dels responsables d\u2019equips assistencials de sociosanitari i medicina interna de l&#8217;Hospital Sagrat Cor i Sant Rafael, respectivament, i la visita als espais d\u2019ambd\u00f3s centres. Es tracta d\u2019una activitat impulsada per la Direcci\u00f3 de Projectes Assistencials, despr\u00e9s que, a l\u2019abril, es celebressin les primeres [&hellip;]<\/p>\n","protected":false},"author":2,"featured_media":6484,"comment_status":"closed","ping_status":"closed","sticky":false,"template":"","format":"standard","meta":{"footnotes":""},"categories":[27],"tags":[],"class_list":["post-6481","post","type-post","status-publish","format-standard","has-post-thumbnail","hentry","category-actualitat"],"blocksy_meta":{"styles_descriptor":{"styles":{"desktop":"","tablet":"","mobile":""},"google_fonts":[],"version":6}},"featured_image_urls_v2":{"full":["https:\/\/fundaciohospitalariesmartorell.org\/entre-tots\/wp-content\/uploads\/2023\/05\/17maigHSCOR.jpg",4032,2268,false],"thumbnail":["https:\/\/fundaciohospitalariesmartorell.org\/entre-tots\/wp-content\/uploads\/2023\/05\/17maigHSCOR.jpg",150,84,false],"medium":["https:\/\/fundaciohospitalariesmartorell.org\/entre-tots\/wp-content\/uploads\/2023\/05\/17maigHSCOR.jpg",300,169,false],"medium_large":["https:\/\/fundaciohospitalariesmartorell.org\/entre-tots\/wp-content\/uploads\/2023\/05\/17maigHSCOR.jpg",768,432,false],"large":["https:\/\/fundaciohospitalariesmartorell.org\/entre-tots\/wp-content\/uploads\/2023\/05\/17maigHSCOR.jpg",1024,576,false],"1536x1536":["https:\/\/fundaciohospitalariesmartorell.org\/entre-tots\/wp-content\/uploads\/2023\/05\/17maigHSCOR.jpg",1536,864,false],"2048x2048":["https:\/\/fundaciohospitalariesmartorell.org\/entre-tots\/wp-content\/uploads\/2023\/05\/17maigHSCOR.jpg",2048,1152,false],"mailpoet_newsletter_max":["https:\/\/fundaciohospitalariesmartorell.org\/entre-tots\/wp-content\/uploads\/2023\/05\/17maigHSCOR.jpg",1320,743,false]},"post_excerpt_stackable_v2":"<p>Els dies 16 i 17 de maig va tenir lloc la trobada dels responsables d\u2019equips assistencials de sociosanitari i medicina interna de l&#8217;Hospital Sagrat Cor i Sant Rafael, respectivament, i la visita als espais d\u2019ambd\u00f3s centres. Es tracta d\u2019una activitat impulsada per la Direcci\u00f3 de Projectes Assistencials, despr\u00e9s que, a l\u2019abril, es celebressin les primeres trobades entre responsables de coordinaci\u00f3 de Salut Mental d\u2019Adults. Les conclusions i les propostes de treball van incloure la creaci\u00f3 d\u2019un circuit de consultes, la identificaci\u00f3 del perfil de pacients del Sagrat Cor que podria beneficiar-se d\u2019una derivaci\u00f3 a la Unitat de Diagn\u00f2stic R\u00e0pid de&hellip;<\/p>\n","category_list_v2":"<a href=\"https:\/\/fundaciohospitalariesmartorell.org\/entre-tots\/category\/actualitat\/\" rel=\"category tag\">ACTUALITAT<\/a>","author_info_v2":{"name":"Sagrat Cor","url":"https:\/\/fundaciohospitalariesmartorell.org\/entre-tots\/author\/daniel\/"},"comments_num_v2":"0 comments","_links":{"self":[{"href":"https:\/\/fundaciohospitalariesmartorell.org\/entre-tots\/wp-json\/wp\/v2\/posts\/6481","targetHints":{"allow":["GET"]}}],"collection":[{"href":"https:\/\/fundaciohospitalariesmartorell.org\/entre-tots\/wp-json\/wp\/v2\/posts"}],"about":[{"href":"https:\/\/fundaciohospitalariesmartorell.org\/entre-tots\/wp-json\/wp\/v2\/types\/post"}],"author":[{"embeddable":true,"href":"https:\/\/fundaciohospitalariesmartorell.org\/entre-tots\/wp-json\/wp\/v2\/users\/2"}],"replies":[{"embeddable":true,"href":"https:\/\/fundaciohospitalariesmartorell.org\/entre-tots\/wp-json\/wp\/v2\/comments?post=6481"}],"version-history":[{"count":3,"href":"https:\/\/fundaciohospitalariesmartorell.org\/entre-tots\/wp-json\/wp\/v2\/posts\/6481\/revisions"}],"predecessor-version":[{"id":6600,"href":"https:\/\/fundaciohospitalariesmartorell.org\/entre-tots\/wp-json\/wp\/v2\/posts\/6481\/revisions\/6600"}],"wp:featuredmedia":[{"embeddable":true,"href":"https:\/\/fundaciohospitalariesmartorell.org\/entre-tots\/wp-json\/wp\/v2\/media\/6484"}],"wp:attachment":[{"href":"https:\/\/fundaciohospitalariesmartorell.org\/entre-tots\/wp-json\/wp\/v2\/media?parent=6481"}],"wp:term":[{"taxonomy":"category","embeddable":true,"href":"https:\/\/fundaciohospitalariesmartorell.org\/entre-tots\/wp-json\/wp\/v2\/categories?post=6481"},{"taxonomy":"post_tag","embeddable":true,"href":"https:\/\/fundaciohospitalariesmartorell.org\/entre-tots\/wp-json\/wp\/v2\/tags?post=6481"}],"curies":[{"name":"wp","href":"https:\/\/api.w.org\/{rel}","templated":true}]}}