{"id":6486,"date":"2023-05-30T08:38:00","date_gmt":"2023-05-30T06:38:00","guid":{"rendered":"https:\/\/newweb.hospitalsagratcormartorell.org\/entre-tots\/?p=6486"},"modified":"2023-05-31T11:33:59","modified_gmt":"2023-05-31T09:33:59","slug":"el-dolor-cronic-multiplica-per-quatre-el-risc-de-patir-depressio-en-la-gent-gran","status":"publish","type":"post","link":"https:\/\/fundaciohospitalariesmartorell.org\/entre-tots\/2023\/05\/el-dolor-cronic-multiplica-per-quatre-el-risc-de-patir-depressio-en-la-gent-gran\/","title":{"rendered":"El dolor cr\u00f2nic multiplica per quatre el risc de patir depressi\u00f3 en la gent gran"},"content":{"rendered":"<figure class=\"wp-block-post-featured-image\"><img loading=\"lazy\" decoding=\"async\" width=\"1027\" height=\"316\" src=\"https:\/\/fundaciohospitalariesmartorell.org\/entre-tots\/wp-content\/uploads\/2023\/05\/SER.png\" class=\"attachment-post-thumbnail size-post-thumbnail wp-post-image\" alt=\"\" style=\"object-fit:cover;\" \/><\/figure>\n\n\n<p>El divendres 26 de maig, la p\u00e0gina web de la Cadena SER va publicar una not\u00edcia de les XXVII Jornades d\u2019Actualitzaci\u00f3 en Psicogeriatria, sobre la relaci\u00f3 entre el dolor cr\u00f2nic i la depressi\u00f3 en la gent gran, amb declaracions del doctor Manel S\u00e1nchez, subdirector m\u00e8dic de l\u2019Hospital.<\/p>\n\n\n\n<p><a href=\"https:\/\/cadenaser.com\/cataluna\/2023\/05\/26\/el-dolor-cronico-multiplica-por-cuatro-el-riesgo-de-padecer-depresion-en-las-personas-mayores-sercat\/\" target=\"_blank\" rel=\"noreferrer noopener\">https:\/\/cadenaser.com\/cataluna\/2023\/05\/26\/el-dolor-cronico-multiplica-por-cuatro-el-riesgo-de-padecer-depresion-en-las-personas-mayores-sercat\/<\/a><\/p>\n","protected":false},"excerpt":{"rendered":"<p>El divendres 26 de maig, la p\u00e0gina web de la Cadena SER va publicar una not\u00edcia de les XXVII Jornades d\u2019Actualitzaci\u00f3 en Psicogeriatria, sobre la relaci\u00f3 entre el dolor cr\u00f2nic i la depressi\u00f3 en la gent gran, amb declaracions del doctor Manel S\u00e1nchez, subdirector m\u00e8dic de l\u2019Hospital. https:\/\/cadenaser.com\/cataluna\/2023\/05\/26\/el-dolor-cronico-multiplica-por-cuatro-el-riesgo-de-padecer-depresion-en-las-personas-mayores-sercat\/<\/p>\n","protected":false},"author":2,"featured_media":6489,"comment_status":"closed","ping_status":"closed","sticky":false,"template":"","format":"standard","meta":{"footnotes":""},"categories":[44],"tags":[],"class_list":["post-6486","post","type-post","status-publish","format-standard","has-post-thumbnail","hentry","category-entre-noticies"],"blocksy_meta":{"styles_descriptor":{"styles":{"desktop":"","tablet":"","mobile":""},"google_fonts":[],"version":6}},"featured_image_urls_v2":{"full":["https:\/\/fundaciohospitalariesmartorell.org\/entre-tots\/wp-content\/uploads\/2023\/05\/SER.png",1027,316,false],"thumbnail":["https:\/\/fundaciohospitalariesmartorell.org\/entre-tots\/wp-content\/uploads\/2023\/05\/SER.png",150,46,false],"medium":["https:\/\/fundaciohospitalariesmartorell.org\/entre-tots\/wp-content\/uploads\/2023\/05\/SER.png",300,92,false],"medium_large":["https:\/\/fundaciohospitalariesmartorell.org\/entre-tots\/wp-content\/uploads\/2023\/05\/SER.png",768,236,false],"large":["https:\/\/fundaciohospitalariesmartorell.org\/entre-tots\/wp-content\/uploads\/2023\/05\/SER.png",1024,315,false],"1536x1536":["https:\/\/fundaciohospitalariesmartorell.org\/entre-tots\/wp-content\/uploads\/2023\/05\/SER.png",1027,316,false],"2048x2048":["https:\/\/fundaciohospitalariesmartorell.org\/entre-tots\/wp-content\/uploads\/2023\/05\/SER.png",1027,316,false],"mailpoet_newsletter_max":["https:\/\/fundaciohospitalariesmartorell.org\/entre-tots\/wp-content\/uploads\/2023\/05\/SER.png",1027,316,false]},"post_excerpt_stackable_v2":"<p>El divendres 26 de maig, la p\u00e0gina web de la Cadena SER va publicar una not\u00edcia de les XXVII Jornades d\u2019Actualitzaci\u00f3 en Psicogeriatria, sobre la relaci\u00f3 entre el dolor cr\u00f2nic i la depressi\u00f3 en la gent gran, amb declaracions del doctor Manel S\u00e1nchez, subdirector m\u00e8dic de l\u2019Hospital. https:\/\/cadenaser.com\/cataluna\/2023\/05\/26\/el-dolor-cronico-multiplica-por-cuatro-el-riesgo-de-padecer-depresion-en-las-personas-mayores-sercat\/<\/p>\n","category_list_v2":"<a href=\"https:\/\/fundaciohospitalariesmartorell.org\/entre-tots\/category\/entre-noticies\/\" rel=\"category tag\">ENTRE NOT\u00cdCIES<\/a>","author_info_v2":{"name":"Sagrat Cor","url":"https:\/\/fundaciohospitalariesmartorell.org\/entre-tots\/author\/daniel\/"},"comments_num_v2":"0 comments","_links":{"self":[{"href":"https:\/\/fundaciohospitalariesmartorell.org\/entre-tots\/wp-json\/wp\/v2\/posts\/6486","targetHints":{"allow":["GET"]}}],"collection":[{"href":"https:\/\/fundaciohospitalariesmartorell.org\/entre-tots\/wp-json\/wp\/v2\/posts"}],"about":[{"href":"https:\/\/fundaciohospitalariesmartorell.org\/entre-tots\/wp-json\/wp\/v2\/types\/post"}],"author":[{"embeddable":true,"href":"https:\/\/fundaciohospitalariesmartorell.org\/entre-tots\/wp-json\/wp\/v2\/users\/2"}],"replies":[{"embeddable":true,"href":"https:\/\/fundaciohospitalariesmartorell.org\/entre-tots\/wp-json\/wp\/v2\/comments?post=6486"}],"version-history":[{"count":3,"href":"https:\/\/fundaciohospitalariesmartorell.org\/entre-tots\/wp-json\/wp\/v2\/posts\/6486\/revisions"}],"predecessor-version":[{"id":6621,"href":"https:\/\/fundaciohospitalariesmartorell.org\/entre-tots\/wp-json\/wp\/v2\/posts\/6486\/revisions\/6621"}],"wp:featuredmedia":[{"embeddable":true,"href":"https:\/\/fundaciohospitalariesmartorell.org\/entre-tots\/wp-json\/wp\/v2\/media\/6489"}],"wp:attachment":[{"href":"https:\/\/fundaciohospitalariesmartorell.org\/entre-tots\/wp-json\/wp\/v2\/media?parent=6486"}],"wp:term":[{"taxonomy":"category","embeddable":true,"href":"https:\/\/fundaciohospitalariesmartorell.org\/entre-tots\/wp-json\/wp\/v2\/categories?post=6486"},{"taxonomy":"post_tag","embeddable":true,"href":"https:\/\/fundaciohospitalariesmartorell.org\/entre-tots\/wp-json\/wp\/v2\/tags?post=6486"}],"curies":[{"name":"wp","href":"https:\/\/api.w.org\/{rel}","templated":true}]}}