{"id":6493,"date":"2023-05-30T08:40:08","date_gmt":"2023-05-30T06:40:08","guid":{"rendered":"https:\/\/newweb.hospitalsagratcormartorell.org\/entre-tots\/?p=6493"},"modified":"2023-05-31T11:33:37","modified_gmt":"2023-05-31T09:33:37","slug":"el-dolor-cronic-augmenta-fins-a-quatre-vegades-el-risc-de-depressio-en-les-persones-grans","status":"publish","type":"post","link":"https:\/\/fundaciohospitalariesmartorell.org\/entre-tots\/2023\/05\/el-dolor-cronic-augmenta-fins-a-quatre-vegades-el-risc-de-depressio-en-les-persones-grans\/","title":{"rendered":"El dolor cr\u00f2nic augmenta fins a quatre vegades el risc de depressi\u00f3 en les persones grans"},"content":{"rendered":"<figure class=\"wp-block-post-featured-image\"><img loading=\"lazy\" decoding=\"async\" width=\"1004\" height=\"467\" src=\"https:\/\/fundaciohospitalariesmartorell.org\/entre-tots\/wp-content\/uploads\/2023\/05\/COPE.png\" class=\"attachment-post-thumbnail size-post-thumbnail wp-post-image\" alt=\"\" style=\"object-fit:cover;\" \/><\/figure>\n\n\n<p>La cadena COPE es va fer ress\u00f2 de la celebraci\u00f3 de les XXVII Jornades d\u2019Actualitzaci\u00f3 en Psicogeriatria que es van celebrar el divendres 26 de maig i que va organitzar l\u2019Hospital. A la seva p\u00e0gina web recollia la not\u00edcia, en la qual es parlava de com el dolor cr\u00f2nic i la depressi\u00f3 estan relacionats en les persones grans, amb declaracions del doctor Manel S\u00e1nchez, subdirector m\u00e8dic de l\u2019Hospital, i el doctor Jorge Olivera, un dels ponents que van participar a les jornades.<\/p>\n\n\n\n<p><a href=\"https:\/\/www.cope.es\/actualidad\/sociedad\/noticias\/dolor-cronico-aumenta-hasta-cuatro-veces-riesgo-depresion-personas-mayores-20230526_2729970\" target=\"_blank\" rel=\"noreferrer noopener\">https:\/\/www.cope.es\/actualidad\/sociedad\/noticias\/dolor-cronico-aumenta-hasta-cuatro-veces-riesgo-depresion-personas-mayores-20230526_2729970<\/a><\/p>\n","protected":false},"excerpt":{"rendered":"<p>La cadena COPE es va fer ress\u00f2 de la celebraci\u00f3 de les XXVII Jornades d\u2019Actualitzaci\u00f3 en Psicogeriatria que es van celebrar el divendres 26 de maig i que va organitzar l\u2019Hospital. A la seva p\u00e0gina web recollia la not\u00edcia, en la qual es parlava de com el dolor cr\u00f2nic i la depressi\u00f3 estan relacionats en [&hellip;]<\/p>\n","protected":false},"author":2,"featured_media":6488,"comment_status":"closed","ping_status":"closed","sticky":false,"template":"","format":"standard","meta":{"footnotes":""},"categories":[44],"tags":[],"class_list":["post-6493","post","type-post","status-publish","format-standard","has-post-thumbnail","hentry","category-entre-noticies"],"blocksy_meta":{"styles_descriptor":{"styles":{"desktop":"","tablet":"","mobile":""},"google_fonts":[],"version":6}},"featured_image_urls_v2":{"full":["https:\/\/fundaciohospitalariesmartorell.org\/entre-tots\/wp-content\/uploads\/2023\/05\/COPE.png",1004,467,false],"thumbnail":["https:\/\/fundaciohospitalariesmartorell.org\/entre-tots\/wp-content\/uploads\/2023\/05\/COPE.png",150,70,false],"medium":["https:\/\/fundaciohospitalariesmartorell.org\/entre-tots\/wp-content\/uploads\/2023\/05\/COPE.png",300,140,false],"medium_large":["https:\/\/fundaciohospitalariesmartorell.org\/entre-tots\/wp-content\/uploads\/2023\/05\/COPE.png",768,357,false],"large":["https:\/\/fundaciohospitalariesmartorell.org\/entre-tots\/wp-content\/uploads\/2023\/05\/COPE.png",1004,467,false],"1536x1536":["https:\/\/fundaciohospitalariesmartorell.org\/entre-tots\/wp-content\/uploads\/2023\/05\/COPE.png",1004,467,false],"2048x2048":["https:\/\/fundaciohospitalariesmartorell.org\/entre-tots\/wp-content\/uploads\/2023\/05\/COPE.png",1004,467,false],"mailpoet_newsletter_max":["https:\/\/fundaciohospitalariesmartorell.org\/entre-tots\/wp-content\/uploads\/2023\/05\/COPE.png",1004,467,false]},"post_excerpt_stackable_v2":"<p>La cadena COPE es va fer ress\u00f2 de la celebraci\u00f3 de les XXVII Jornades d\u2019Actualitzaci\u00f3 en Psicogeriatria que es van celebrar el divendres 26 de maig i que va organitzar l\u2019Hospital. A la seva p\u00e0gina web recollia la not\u00edcia, en la qual es parlava de com el dolor cr\u00f2nic i la depressi\u00f3 estan relacionats en les persones grans, amb declaracions del doctor Manel S\u00e1nchez, subdirector m\u00e8dic de l\u2019Hospital, i el doctor Jorge Olivera, un dels ponents que van participar a les jornades. https:\/\/www.cope.es\/actualidad\/sociedad\/noticias\/dolor-cronico-aumenta-hasta-cuatro-veces-riesgo-depresion-personas-mayores-20230526_2729970<\/p>\n","category_list_v2":"<a href=\"https:\/\/fundaciohospitalariesmartorell.org\/entre-tots\/category\/entre-noticies\/\" rel=\"category tag\">ENTRE NOT\u00cdCIES<\/a>","author_info_v2":{"name":"Sagrat Cor","url":"https:\/\/fundaciohospitalariesmartorell.org\/entre-tots\/author\/daniel\/"},"comments_num_v2":"0 comments","_links":{"self":[{"href":"https:\/\/fundaciohospitalariesmartorell.org\/entre-tots\/wp-json\/wp\/v2\/posts\/6493","targetHints":{"allow":["GET"]}}],"collection":[{"href":"https:\/\/fundaciohospitalariesmartorell.org\/entre-tots\/wp-json\/wp\/v2\/posts"}],"about":[{"href":"https:\/\/fundaciohospitalariesmartorell.org\/entre-tots\/wp-json\/wp\/v2\/types\/post"}],"author":[{"embeddable":true,"href":"https:\/\/fundaciohospitalariesmartorell.org\/entre-tots\/wp-json\/wp\/v2\/users\/2"}],"replies":[{"embeddable":true,"href":"https:\/\/fundaciohospitalariesmartorell.org\/entre-tots\/wp-json\/wp\/v2\/comments?post=6493"}],"version-history":[{"count":3,"href":"https:\/\/fundaciohospitalariesmartorell.org\/entre-tots\/wp-json\/wp\/v2\/posts\/6493\/revisions"}],"predecessor-version":[{"id":6620,"href":"https:\/\/fundaciohospitalariesmartorell.org\/entre-tots\/wp-json\/wp\/v2\/posts\/6493\/revisions\/6620"}],"wp:featuredmedia":[{"embeddable":true,"href":"https:\/\/fundaciohospitalariesmartorell.org\/entre-tots\/wp-json\/wp\/v2\/media\/6488"}],"wp:attachment":[{"href":"https:\/\/fundaciohospitalariesmartorell.org\/entre-tots\/wp-json\/wp\/v2\/media?parent=6493"}],"wp:term":[{"taxonomy":"category","embeddable":true,"href":"https:\/\/fundaciohospitalariesmartorell.org\/entre-tots\/wp-json\/wp\/v2\/categories?post=6493"},{"taxonomy":"post_tag","embeddable":true,"href":"https:\/\/fundaciohospitalariesmartorell.org\/entre-tots\/wp-json\/wp\/v2\/tags?post=6493"}],"curies":[{"name":"wp","href":"https:\/\/api.w.org\/{rel}","templated":true}]}}