{"id":6501,"date":"2023-05-30T08:44:46","date_gmt":"2023-05-30T06:44:46","guid":{"rendered":"https:\/\/newweb.hospitalsagratcormartorell.org\/entre-tots\/?p=6501"},"modified":"2023-05-31T11:32:41","modified_gmt":"2023-05-31T09:32:41","slug":"el-trastorn-limit-de-la-personalitat-molt-desconegut-i-complex-de-tractar","status":"publish","type":"post","link":"https:\/\/fundaciohospitalariesmartorell.org\/entre-tots\/2023\/05\/el-trastorn-limit-de-la-personalitat-molt-desconegut-i-complex-de-tractar\/","title":{"rendered":"El trastorn l\u00edmit de la personalitat, molt desconegut i complex de tractar"},"content":{"rendered":"<figure class=\"wp-block-post-featured-image\"><img loading=\"lazy\" decoding=\"async\" width=\"1952\" height=\"1112\" src=\"https:\/\/fundaciohospitalariesmartorell.org\/entre-tots\/wp-content\/uploads\/2023\/05\/TV3.png\" class=\"attachment-post-thumbnail size-post-thumbnail wp-post-image\" alt=\"\" style=\"object-fit:cover;\" \/><\/figure>\n\n\n<p>TV3 va emetre un reportatge el 8 de maig on els experts constataven que el trastorn l\u00edmit de la personalitat \u00e9s un trastorn que veuen cada vegada m\u00e9s a les urg\u00e8ncies psiqui\u00e0triques i que cal tenir recursos per atendre-la. Hi van participar el Dr. Pedro Yscadar, psiquiatre de l\u2019Hospital Sagrat Cor, i un pacient.<\/p>\n\n\n\n<p><a href=\"https:\/\/www.ccma.cat\/tv3\/alacarta\/telenoticies\/el-trastorn-limit-de-la-personalitat-molt-desconegut-i-complex-de-tractar\/video\/6219161\/\" target=\"_blank\" rel=\"noreferrer noopener\">https:\/\/www.ccma.cat\/tv3\/alacarta\/telenoticies\/el-trastorn-limit-de-la-personalitat-molt-desconegut-i-complex-de-tractar\/video\/6219161\/<\/a><\/p>\n","protected":false},"excerpt":{"rendered":"<p>TV3 va emetre un reportatge el 8 de maig on els experts constataven que el trastorn l\u00edmit de la personalitat \u00e9s un trastorn que veuen cada vegada m\u00e9s a les urg\u00e8ncies psiqui\u00e0triques i que cal tenir recursos per atendre-la. Hi van participar el Dr. Pedro Yscadar, psiquiatre de l\u2019Hospital Sagrat Cor, i un pacient. https:\/\/www.ccma.cat\/tv3\/alacarta\/telenoticies\/el-trastorn-limit-de-la-personalitat-molt-desconegut-i-complex-de-tractar\/video\/6219161\/<\/p>\n","protected":false},"author":2,"featured_media":6491,"comment_status":"closed","ping_status":"closed","sticky":false,"template":"","format":"standard","meta":{"footnotes":""},"categories":[44],"tags":[],"class_list":["post-6501","post","type-post","status-publish","format-standard","has-post-thumbnail","hentry","category-entre-noticies"],"blocksy_meta":{"styles_descriptor":{"styles":{"desktop":"","tablet":"","mobile":""},"google_fonts":[],"version":6}},"featured_image_urls_v2":{"full":["https:\/\/fundaciohospitalariesmartorell.org\/entre-tots\/wp-content\/uploads\/2023\/05\/TV3.png",1952,1112,false],"thumbnail":["https:\/\/fundaciohospitalariesmartorell.org\/entre-tots\/wp-content\/uploads\/2023\/05\/TV3.png",150,85,false],"medium":["https:\/\/fundaciohospitalariesmartorell.org\/entre-tots\/wp-content\/uploads\/2023\/05\/TV3.png",300,171,false],"medium_large":["https:\/\/fundaciohospitalariesmartorell.org\/entre-tots\/wp-content\/uploads\/2023\/05\/TV3.png",768,438,false],"large":["https:\/\/fundaciohospitalariesmartorell.org\/entre-tots\/wp-content\/uploads\/2023\/05\/TV3.png",1024,583,false],"1536x1536":["https:\/\/fundaciohospitalariesmartorell.org\/entre-tots\/wp-content\/uploads\/2023\/05\/TV3.png",1536,875,false],"2048x2048":["https:\/\/fundaciohospitalariesmartorell.org\/entre-tots\/wp-content\/uploads\/2023\/05\/TV3.png",1952,1112,false],"mailpoet_newsletter_max":["https:\/\/fundaciohospitalariesmartorell.org\/entre-tots\/wp-content\/uploads\/2023\/05\/TV3.png",1320,752,false]},"post_excerpt_stackable_v2":"<p>TV3 va emetre un reportatge el 8 de maig on els experts constataven que el trastorn l\u00edmit de la personalitat \u00e9s un trastorn que veuen cada vegada m\u00e9s a les urg\u00e8ncies psiqui\u00e0triques i que cal tenir recursos per atendre-la. Hi van participar el Dr. Pedro Yscadar, psiquiatre de l\u2019Hospital Sagrat Cor, i un pacient. https:\/\/www.ccma.cat\/tv3\/alacarta\/telenoticies\/el-trastorn-limit-de-la-personalitat-molt-desconegut-i-complex-de-tractar\/video\/6219161\/<\/p>\n","category_list_v2":"<a href=\"https:\/\/fundaciohospitalariesmartorell.org\/entre-tots\/category\/entre-noticies\/\" rel=\"category tag\">ENTRE NOT\u00cdCIES<\/a>","author_info_v2":{"name":"Sagrat Cor","url":"https:\/\/fundaciohospitalariesmartorell.org\/entre-tots\/author\/daniel\/"},"comments_num_v2":"0 comments","_links":{"self":[{"href":"https:\/\/fundaciohospitalariesmartorell.org\/entre-tots\/wp-json\/wp\/v2\/posts\/6501","targetHints":{"allow":["GET"]}}],"collection":[{"href":"https:\/\/fundaciohospitalariesmartorell.org\/entre-tots\/wp-json\/wp\/v2\/posts"}],"about":[{"href":"https:\/\/fundaciohospitalariesmartorell.org\/entre-tots\/wp-json\/wp\/v2\/types\/post"}],"author":[{"embeddable":true,"href":"https:\/\/fundaciohospitalariesmartorell.org\/entre-tots\/wp-json\/wp\/v2\/users\/2"}],"replies":[{"embeddable":true,"href":"https:\/\/fundaciohospitalariesmartorell.org\/entre-tots\/wp-json\/wp\/v2\/comments?post=6501"}],"version-history":[{"count":3,"href":"https:\/\/fundaciohospitalariesmartorell.org\/entre-tots\/wp-json\/wp\/v2\/posts\/6501\/revisions"}],"predecessor-version":[{"id":6618,"href":"https:\/\/fundaciohospitalariesmartorell.org\/entre-tots\/wp-json\/wp\/v2\/posts\/6501\/revisions\/6618"}],"wp:featuredmedia":[{"embeddable":true,"href":"https:\/\/fundaciohospitalariesmartorell.org\/entre-tots\/wp-json\/wp\/v2\/media\/6491"}],"wp:attachment":[{"href":"https:\/\/fundaciohospitalariesmartorell.org\/entre-tots\/wp-json\/wp\/v2\/media?parent=6501"}],"wp:term":[{"taxonomy":"category","embeddable":true,"href":"https:\/\/fundaciohospitalariesmartorell.org\/entre-tots\/wp-json\/wp\/v2\/categories?post=6501"},{"taxonomy":"post_tag","embeddable":true,"href":"https:\/\/fundaciohospitalariesmartorell.org\/entre-tots\/wp-json\/wp\/v2\/tags?post=6501"}],"curies":[{"name":"wp","href":"https:\/\/api.w.org\/{rel}","templated":true}]}}