{"id":6579,"date":"2023-05-31T01:00:15","date_gmt":"2023-05-30T23:00:15","guid":{"rendered":"https:\/\/newweb.hospitalsagratcormartorell.org\/entre-tots\/?p=6579"},"modified":"2023-05-31T11:50:20","modified_gmt":"2023-05-31T09:50:20","slug":"presentacio-del-pga-2023-a-comandaments-intermedis-i-al-comite-dempresa","status":"publish","type":"post","link":"https:\/\/fundaciohospitalariesmartorell.org\/entre-tots\/2023\/05\/presentacio-del-pga-2023-a-comandaments-intermedis-i-al-comite-dempresa\/","title":{"rendered":"Presentaci\u00f3 del PGA 2023 a Comandaments Intermedis i al Comit\u00e8 d\u2019Empresa"},"content":{"rendered":"<figure class=\"wp-block-post-featured-image\"><img loading=\"lazy\" decoding=\"async\" width=\"1588\" height=\"1278\" src=\"https:\/\/fundaciohospitalariesmartorell.org\/entre-tots\/wp-content\/uploads\/2023\/05\/Captura-de-pantalla-2023-05-31-a-les-11.28.23.jpg\" class=\"attachment-post-thumbnail size-post-thumbnail wp-post-image\" alt=\"\" style=\"object-fit:cover;\" \/><\/figure>\n\n\n<p>En el marc de les Jornades d\u2019Estrat\u00e8gia de l\u2019Hospital Sagrat Cor, els membres del Consell de Direcci\u00f3 van presentar, el 5 de maig en dues sessions, el Pla de Gesti\u00f3 Anual 2023 a Comandaments Intermedis i al Comit\u00e8 d\u2019Empresa.<\/p>\n\n\n\n<p>Van ser dues trobades plantejades per exposar els aspectes m\u00e9s rellevants de l\u2019estrat\u00e8gia de futur de l\u2019Hospital i per fomentar la interacci\u00f3 entre les persones assistents.<\/p>\n\n\n\n<p>El PGA 2023 de l\u2019Hospital Sagrat Cor inclou les accions que es preveu dur a terme enguany per assolir els objectius estrat\u00e8gics de la Instituci\u00f3 en un escenari que planteja molts reptes i oportunitats.&nbsp;<\/p>\n","protected":false},"excerpt":{"rendered":"<p>En el marc de les Jornades d\u2019Estrat\u00e8gia de l\u2019Hospital Sagrat Cor, els membres del Consell de Direcci\u00f3 van presentar, el 5 de maig en dues sessions, el Pla de Gesti\u00f3 Anual 2023 a Comandaments Intermedis i al Comit\u00e8 d\u2019Empresa. Van ser dues trobades plantejades per exposar els aspectes m\u00e9s rellevants de l\u2019estrat\u00e8gia de futur de [&hellip;]<\/p>\n","protected":false},"author":2,"featured_media":6609,"comment_status":"closed","ping_status":"closed","sticky":false,"template":"","format":"standard","meta":{"footnotes":""},"categories":[27],"tags":[],"class_list":["post-6579","post","type-post","status-publish","format-standard","has-post-thumbnail","hentry","category-actualitat"],"blocksy_meta":{"styles_descriptor":{"styles":{"desktop":"","tablet":"","mobile":""},"google_fonts":[],"version":6}},"featured_image_urls_v2":{"full":["https:\/\/fundaciohospitalariesmartorell.org\/entre-tots\/wp-content\/uploads\/2023\/05\/Captura-de-pantalla-2023-05-31-a-les-11.28.23.jpg",1588,1278,false],"thumbnail":["https:\/\/fundaciohospitalariesmartorell.org\/entre-tots\/wp-content\/uploads\/2023\/05\/Captura-de-pantalla-2023-05-31-a-les-11.28.23.jpg",150,121,false],"medium":["https:\/\/fundaciohospitalariesmartorell.org\/entre-tots\/wp-content\/uploads\/2023\/05\/Captura-de-pantalla-2023-05-31-a-les-11.28.23.jpg",300,241,false],"medium_large":["https:\/\/fundaciohospitalariesmartorell.org\/entre-tots\/wp-content\/uploads\/2023\/05\/Captura-de-pantalla-2023-05-31-a-les-11.28.23.jpg",768,618,false],"large":["https:\/\/fundaciohospitalariesmartorell.org\/entre-tots\/wp-content\/uploads\/2023\/05\/Captura-de-pantalla-2023-05-31-a-les-11.28.23.jpg",1024,824,false],"1536x1536":["https:\/\/fundaciohospitalariesmartorell.org\/entre-tots\/wp-content\/uploads\/2023\/05\/Captura-de-pantalla-2023-05-31-a-les-11.28.23.jpg",1536,1236,false],"2048x2048":["https:\/\/fundaciohospitalariesmartorell.org\/entre-tots\/wp-content\/uploads\/2023\/05\/Captura-de-pantalla-2023-05-31-a-les-11.28.23.jpg",1588,1278,false],"mailpoet_newsletter_max":["https:\/\/fundaciohospitalariesmartorell.org\/entre-tots\/wp-content\/uploads\/2023\/05\/Captura-de-pantalla-2023-05-31-a-les-11.28.23.jpg",1320,1062,false]},"post_excerpt_stackable_v2":"<p>En el marc de les Jornades d\u2019Estrat\u00e8gia de l\u2019Hospital Sagrat Cor, els membres del Consell de Direcci\u00f3 van presentar, el 5 de maig en dues sessions, el Pla de Gesti\u00f3 Anual 2023 a Comandaments Intermedis i al Comit\u00e8 d\u2019Empresa. Van ser dues trobades plantejades per exposar els aspectes m\u00e9s rellevants de l\u2019estrat\u00e8gia de futur de l\u2019Hospital i per fomentar la interacci\u00f3 entre les persones assistents. El PGA 2023 de l\u2019Hospital Sagrat Cor inclou les accions que es preveu dur a terme enguany per assolir els objectius estrat\u00e8gics de la Instituci\u00f3 en un escenari que planteja molts reptes i oportunitats.&nbsp;<\/p>\n","category_list_v2":"<a href=\"https:\/\/fundaciohospitalariesmartorell.org\/entre-tots\/category\/actualitat\/\" rel=\"category tag\">ACTUALITAT<\/a>","author_info_v2":{"name":"Sagrat Cor","url":"https:\/\/fundaciohospitalariesmartorell.org\/entre-tots\/author\/daniel\/"},"comments_num_v2":"0 comments","_links":{"self":[{"href":"https:\/\/fundaciohospitalariesmartorell.org\/entre-tots\/wp-json\/wp\/v2\/posts\/6579","targetHints":{"allow":["GET"]}}],"collection":[{"href":"https:\/\/fundaciohospitalariesmartorell.org\/entre-tots\/wp-json\/wp\/v2\/posts"}],"about":[{"href":"https:\/\/fundaciohospitalariesmartorell.org\/entre-tots\/wp-json\/wp\/v2\/types\/post"}],"author":[{"embeddable":true,"href":"https:\/\/fundaciohospitalariesmartorell.org\/entre-tots\/wp-json\/wp\/v2\/users\/2"}],"replies":[{"embeddable":true,"href":"https:\/\/fundaciohospitalariesmartorell.org\/entre-tots\/wp-json\/wp\/v2\/comments?post=6579"}],"version-history":[{"count":3,"href":"https:\/\/fundaciohospitalariesmartorell.org\/entre-tots\/wp-json\/wp\/v2\/posts\/6579\/revisions"}],"predecessor-version":[{"id":6611,"href":"https:\/\/fundaciohospitalariesmartorell.org\/entre-tots\/wp-json\/wp\/v2\/posts\/6579\/revisions\/6611"}],"wp:featuredmedia":[{"embeddable":true,"href":"https:\/\/fundaciohospitalariesmartorell.org\/entre-tots\/wp-json\/wp\/v2\/media\/6609"}],"wp:attachment":[{"href":"https:\/\/fundaciohospitalariesmartorell.org\/entre-tots\/wp-json\/wp\/v2\/media?parent=6579"}],"wp:term":[{"taxonomy":"category","embeddable":true,"href":"https:\/\/fundaciohospitalariesmartorell.org\/entre-tots\/wp-json\/wp\/v2\/categories?post=6579"},{"taxonomy":"post_tag","embeddable":true,"href":"https:\/\/fundaciohospitalariesmartorell.org\/entre-tots\/wp-json\/wp\/v2\/tags?post=6579"}],"curies":[{"name":"wp","href":"https:\/\/api.w.org\/{rel}","templated":true}]}}