{"id":6638,"date":"2023-06-29T10:08:30","date_gmt":"2023-06-29T08:08:30","guid":{"rendered":"https:\/\/newweb.hospitalsagratcormartorell.org\/entre-tots\/?p=6638"},"modified":"2023-06-30T08:18:23","modified_gmt":"2023-06-30T06:18:23","slug":"com-millorar-les-condicions-dingres-dels-pacients-de-salut-mental","status":"publish","type":"post","link":"https:\/\/fundaciohospitalariesmartorell.org\/entre-tots\/2023\/06\/com-millorar-les-condicions-dingres-dels-pacients-de-salut-mental\/","title":{"rendered":"Com millorar les condicions d\u2019ingr\u00e9s dels pacients de salut mental"},"content":{"rendered":"<figure class=\"wp-block-post-featured-image\"><img loading=\"lazy\" decoding=\"async\" width=\"6240\" height=\"4160\" src=\"https:\/\/fundaciohospitalariesmartorell.org\/entre-tots\/wp-content\/uploads\/2023\/06\/IMG_8625-min.jpeg\" class=\"attachment-post-thumbnail size-post-thumbnail wp-post-image\" alt=\"\" style=\"object-fit:cover;\" \/><\/figure>\n\n\n<p>Una gran preocupaci\u00f3 actual en els sistemes sanitaris \u00e9s la humanitzaci\u00f3 dels processos assistencials, especialment de les persones m\u00e9s vulnerables, com poden ser els pacients de salut mental que poden requerir llargues estades. L\u2019Hospital Germans Trias i Pujol va organitzar el 31 de maig una \u201cJornada de Bones Pr\u00e0ctiques en Qualityrights i Hospitalitzaci\u00f3 en Salut Mental\u201d.<\/p>\n\n\n\n<p>Juan Manuel P\u00e9rez i la doctora Clara Blanch, coordinador d\u2019Infermeria i psiquiatra de la Unitat d\u2019Aguts de l\u2019Hospital Sagrat Cor, respectivament, van ser presents a l\u2019esdeveniment. \u201cAl nostre Centre estem treballant de manera coordinada amb l\u2019Hospital Sant Rafael per millorar les condicions d\u2019ingr\u00e9s dels pacients de salut mental, per poder con\u00e8ixer de primera m\u00e0 com s\u2019est\u00e0 abordant aquesta problem\u00e0tica en altres institucions pot ser-nos de gran ajuda\u201d, destaca Juan Manuel P\u00e9rez.<\/p>\n\n\n\n<p>\u201c\u00c9s un tema que enfoquem a la trobada dels equips de salut mental dels hospitals Sagrat Cor i Sant Rafael. A cada hospital s\u2019est\u00e0 prioritzant quines condicions cal canviar, i continuem treballant conjuntament per millorar en aquest sentit\u201d, en aquest sentit, explica la doctora Anna C\u00e0rol P\u00e9rez, directora de Projectes Assistencials d\u2019ambd\u00f3s hospitals.<\/p>\n","protected":false},"excerpt":{"rendered":"<p>Una gran preocupaci\u00f3 actual en els sistemes sanitaris \u00e9s la humanitzaci\u00f3 dels processos assistencials, especialment de les persones m\u00e9s vulnerables, com poden ser els pacients de salut mental que poden requerir llargues estades. L\u2019Hospital Germans Trias i Pujol va organitzar el 31 de maig una \u201cJornada de Bones Pr\u00e0ctiques en Qualityrights i Hospitalitzaci\u00f3 en Salut [&hellip;]<\/p>\n","protected":false},"author":2,"featured_media":6640,"comment_status":"closed","ping_status":"closed","sticky":false,"template":"","format":"standard","meta":{"footnotes":""},"categories":[27],"tags":[],"class_list":["post-6638","post","type-post","status-publish","format-standard","has-post-thumbnail","hentry","category-actualitat"],"blocksy_meta":{"styles_descriptor":{"styles":{"desktop":"","tablet":"","mobile":""},"google_fonts":[],"version":6}},"featured_image_urls_v2":{"full":["https:\/\/fundaciohospitalariesmartorell.org\/entre-tots\/wp-content\/uploads\/2023\/06\/IMG_8625-min.jpeg",6240,4160,false],"thumbnail":["https:\/\/fundaciohospitalariesmartorell.org\/entre-tots\/wp-content\/uploads\/2023\/06\/IMG_8625-min.jpeg",150,100,false],"medium":["https:\/\/fundaciohospitalariesmartorell.org\/entre-tots\/wp-content\/uploads\/2023\/06\/IMG_8625-min.jpeg",300,200,false],"medium_large":["https:\/\/fundaciohospitalariesmartorell.org\/entre-tots\/wp-content\/uploads\/2023\/06\/IMG_8625-min.jpeg",768,512,false],"large":["https:\/\/fundaciohospitalariesmartorell.org\/entre-tots\/wp-content\/uploads\/2023\/06\/IMG_8625-min.jpeg",1024,683,false],"1536x1536":["https:\/\/fundaciohospitalariesmartorell.org\/entre-tots\/wp-content\/uploads\/2023\/06\/IMG_8625-min.jpeg",1536,1024,false],"2048x2048":["https:\/\/fundaciohospitalariesmartorell.org\/entre-tots\/wp-content\/uploads\/2023\/06\/IMG_8625-min.jpeg",2048,1365,false],"mailpoet_newsletter_max":["https:\/\/fundaciohospitalariesmartorell.org\/entre-tots\/wp-content\/uploads\/2023\/06\/IMG_8625-min.jpeg",1320,880,false]},"post_excerpt_stackable_v2":"<p>Una gran preocupaci\u00f3 actual en els sistemes sanitaris \u00e9s la humanitzaci\u00f3 dels processos assistencials, especialment de les persones m\u00e9s vulnerables, com poden ser els pacients de salut mental que poden requerir llargues estades. L\u2019Hospital Germans Trias i Pujol va organitzar el 31 de maig una \u201cJornada de Bones Pr\u00e0ctiques en Qualityrights i Hospitalitzaci\u00f3 en Salut Mental\u201d. Juan Manuel P\u00e9rez i la doctora Clara Blanch, coordinador d\u2019Infermeria i psiquiatra de la Unitat d\u2019Aguts de l\u2019Hospital Sagrat Cor, respectivament, van ser presents a l\u2019esdeveniment. \u201cAl nostre Centre estem treballant de manera coordinada amb l\u2019Hospital Sant Rafael per millorar les condicions d\u2019ingr\u00e9s dels&hellip;<\/p>\n","category_list_v2":"<a href=\"https:\/\/fundaciohospitalariesmartorell.org\/entre-tots\/category\/actualitat\/\" rel=\"category tag\">ACTUALITAT<\/a>","author_info_v2":{"name":"Sagrat Cor","url":"https:\/\/fundaciohospitalariesmartorell.org\/entre-tots\/author\/daniel\/"},"comments_num_v2":"0 comments","_links":{"self":[{"href":"https:\/\/fundaciohospitalariesmartorell.org\/entre-tots\/wp-json\/wp\/v2\/posts\/6638","targetHints":{"allow":["GET"]}}],"collection":[{"href":"https:\/\/fundaciohospitalariesmartorell.org\/entre-tots\/wp-json\/wp\/v2\/posts"}],"about":[{"href":"https:\/\/fundaciohospitalariesmartorell.org\/entre-tots\/wp-json\/wp\/v2\/types\/post"}],"author":[{"embeddable":true,"href":"https:\/\/fundaciohospitalariesmartorell.org\/entre-tots\/wp-json\/wp\/v2\/users\/2"}],"replies":[{"embeddable":true,"href":"https:\/\/fundaciohospitalariesmartorell.org\/entre-tots\/wp-json\/wp\/v2\/comments?post=6638"}],"version-history":[{"count":3,"href":"https:\/\/fundaciohospitalariesmartorell.org\/entre-tots\/wp-json\/wp\/v2\/posts\/6638\/revisions"}],"predecessor-version":[{"id":6850,"href":"https:\/\/fundaciohospitalariesmartorell.org\/entre-tots\/wp-json\/wp\/v2\/posts\/6638\/revisions\/6850"}],"wp:featuredmedia":[{"embeddable":true,"href":"https:\/\/fundaciohospitalariesmartorell.org\/entre-tots\/wp-json\/wp\/v2\/media\/6640"}],"wp:attachment":[{"href":"https:\/\/fundaciohospitalariesmartorell.org\/entre-tots\/wp-json\/wp\/v2\/media?parent=6638"}],"wp:term":[{"taxonomy":"category","embeddable":true,"href":"https:\/\/fundaciohospitalariesmartorell.org\/entre-tots\/wp-json\/wp\/v2\/categories?post=6638"},{"taxonomy":"post_tag","embeddable":true,"href":"https:\/\/fundaciohospitalariesmartorell.org\/entre-tots\/wp-json\/wp\/v2\/tags?post=6638"}],"curies":[{"name":"wp","href":"https:\/\/api.w.org\/{rel}","templated":true}]}}