{"id":6642,"date":"2023-06-29T10:11:23","date_gmt":"2023-06-29T08:11:23","guid":{"rendered":"https:\/\/newweb.hospitalsagratcormartorell.org\/entre-tots\/?p=6642"},"modified":"2023-06-29T22:52:40","modified_gmt":"2023-06-29T20:52:40","slug":"lhospital-sagrat-cor-presenta-un-poster-al-congres-dinclusio-social-de-viena","status":"publish","type":"post","link":"https:\/\/fundaciohospitalariesmartorell.org\/entre-tots\/2023\/06\/lhospital-sagrat-cor-presenta-un-poster-al-congres-dinclusio-social-de-viena\/","title":{"rendered":"L\u2019Hospital Sagrat Cor presenta un p\u00f2ster al Congr\u00e9s d\u2019Inclusi\u00f3 Social de Viena"},"content":{"rendered":"<figure class=\"wp-block-post-featured-image\"><img loading=\"lazy\" decoding=\"async\" width=\"1200\" height=\"1600\" src=\"https:\/\/fundaciohospitalariesmartorell.org\/entre-tots\/wp-content\/uploads\/2023\/06\/582f6518-bf11-49d8-a5d2-00762c2d8de0.jpeg\" class=\"attachment-post-thumbnail size-post-thumbnail wp-post-image\" alt=\"\" style=\"object-fit:cover;\" \/><\/figure>\n\n\n<p>Les Germanes Hospital\u00e0ries i l\u2019Orde de Sant Joan de D\u00e9u van celebrar a Viena les dies 15 i 16 de juny el Congr\u00e9s d\u2019Inclusi\u00f3 Social. M\u00e9s de 30 professionals i quatre usuaris de Germanes Hospital\u00e0ries van participar-hi, en representaci\u00f3 dels centres d\u2019Espanya, Portugal, Anglaterra i Fran\u00e7a, i tamb\u00e9 s\u2019hi van sumar germanes del Govern General i dels Governs provincials. Entre ells hi va haver un membre del nostre centre, Xavier Reig, psic\u00f2leg cl\u00ednic del Servei de Rehabilitaci\u00f3 Comunit\u00e0ria (SRC) de Sant Feliu de Llobregat, i Antonio Serrano, un usuari dels Serveis de Rehabilitaci\u00f3 de l\u2019Hospital, que va prendre part a la cloenda del congr\u00e9s explicant la seva experi\u00e8ncia.<\/p>\n\n\n\n<p>El ministre d\u2019Afers Socials i Sanitat d\u2019\u00c0ustria, Johannes Rauch, va inaugurar el congr\u00e9s, i va remarcar la import\u00e0ncia de promoure la inclusi\u00f3 social, emfatitzant la necessitat de canviar la nostra manera de pensar per abordar noves necessitats, com l\u2019a\u00efllament digital dels joves i l\u2019exclusi\u00f3 de les persones grans. El congr\u00e9s va ser presidit per la germana Bego\u00f1a P\u00e9rez, consellera general, i pel germ\u00e0 Joaquim Erra, conseller general de l\u2019Orde Hospitalari de Sant Joan de D\u00e9u, que va moderar la jornada.<\/p>\n\n\n\n<p>L\u2019objectiu d\u2019aquest congr\u00e9s no era cap altre que promoure la inclusi\u00f3 social a trav\u00e9s del suport hol\u00edstic ofert a aquells a qui cal abordar les necessitats f\u00edsiques, mentals, espirituals i socials per participar plenament en la societat. Per aix\u00f2 es van compartir experi\u00e8ncies d\u2019ambdues institucions. Aix\u00ed, Xavier Reig va exposar un p\u00f2ster on s\u2019explicava el projecte d\u2019\u201dArt Brut\u201d de l\u2019Hospital Sagrat Cor, en el qual es parlava d\u2019un espai art\u00edstic dut a terme al Servei de Rehabilitaci\u00f3 Comunit\u00e0ria de Sant Feliu de Llobregat.<\/p>\n\n\n\n<p>\u201cHa estat un congr\u00e9s molt interessant i emotiu, en el qual hem pogut compartir les nostres experi\u00e8ncies a trav\u00e9s del llenguatge com\u00fa de l\u2019Hospitalitat, sense que hagi suposat una barrera que parl\u00e9ssim idiomes diferents\u201d, destaca Xavier Reig, i remarca la import\u00e0ncia de treballar per fer de l\u2019entorn un lloc m\u00e9s hum\u00e0.<\/p>\n\n\n\n<p>Podeu trobar m\u00e9s informaci\u00f3 sobre aquest congr\u00e9s <a href=\"https:\/\/www.hospitalarias.es\/congreso-de-inclusion-social-en-viena\/\">aqu\u00ed<\/a>.<\/p>\n","protected":false},"excerpt":{"rendered":"<p>Les Germanes Hospital\u00e0ries i l\u2019Orde de Sant Joan de D\u00e9u van celebrar a Viena les dies 15 i 16 de juny el Congr\u00e9s d\u2019Inclusi\u00f3 Social. M\u00e9s de 30 professionals i quatre usuaris de Germanes Hospital\u00e0ries van participar-hi, en representaci\u00f3 dels centres d\u2019Espanya, Portugal, Anglaterra i Fran\u00e7a, i tamb\u00e9 s\u2019hi van sumar germanes del Govern General [&hellip;]<\/p>\n","protected":false},"author":2,"featured_media":6644,"comment_status":"closed","ping_status":"closed","sticky":false,"template":"","format":"standard","meta":{"footnotes":""},"categories":[27],"tags":[],"class_list":["post-6642","post","type-post","status-publish","format-standard","has-post-thumbnail","hentry","category-actualitat"],"blocksy_meta":{"styles_descriptor":{"styles":{"desktop":"","tablet":"","mobile":""},"google_fonts":[],"version":6}},"featured_image_urls_v2":{"full":["https:\/\/fundaciohospitalariesmartorell.org\/entre-tots\/wp-content\/uploads\/2023\/06\/582f6518-bf11-49d8-a5d2-00762c2d8de0.jpeg",1200,1600,false],"thumbnail":["https:\/\/fundaciohospitalariesmartorell.org\/entre-tots\/wp-content\/uploads\/2023\/06\/582f6518-bf11-49d8-a5d2-00762c2d8de0.jpeg",113,150,false],"medium":["https:\/\/fundaciohospitalariesmartorell.org\/entre-tots\/wp-content\/uploads\/2023\/06\/582f6518-bf11-49d8-a5d2-00762c2d8de0.jpeg",225,300,false],"medium_large":["https:\/\/fundaciohospitalariesmartorell.org\/entre-tots\/wp-content\/uploads\/2023\/06\/582f6518-bf11-49d8-a5d2-00762c2d8de0.jpeg",768,1024,false],"large":["https:\/\/fundaciohospitalariesmartorell.org\/entre-tots\/wp-content\/uploads\/2023\/06\/582f6518-bf11-49d8-a5d2-00762c2d8de0.jpeg",768,1024,false],"1536x1536":["https:\/\/fundaciohospitalariesmartorell.org\/entre-tots\/wp-content\/uploads\/2023\/06\/582f6518-bf11-49d8-a5d2-00762c2d8de0.jpeg",1152,1536,false],"2048x2048":["https:\/\/fundaciohospitalariesmartorell.org\/entre-tots\/wp-content\/uploads\/2023\/06\/582f6518-bf11-49d8-a5d2-00762c2d8de0.jpeg",1200,1600,false],"mailpoet_newsletter_max":["https:\/\/fundaciohospitalariesmartorell.org\/entre-tots\/wp-content\/uploads\/2023\/06\/582f6518-bf11-49d8-a5d2-00762c2d8de0.jpeg",1200,1600,false]},"post_excerpt_stackable_v2":"<p>Les Germanes Hospital\u00e0ries i l\u2019Orde de Sant Joan de D\u00e9u van celebrar a Viena les dies 15 i 16 de juny el Congr\u00e9s d\u2019Inclusi\u00f3 Social. M\u00e9s de 30 professionals i quatre usuaris de Germanes Hospital\u00e0ries van participar-hi, en representaci\u00f3 dels centres d\u2019Espanya, Portugal, Anglaterra i Fran\u00e7a, i tamb\u00e9 s\u2019hi van sumar germanes del Govern General i dels Governs provincials. Entre ells hi va haver un membre del nostre centre, Xavier Reig, psic\u00f2leg cl\u00ednic del Servei de Rehabilitaci\u00f3 Comunit\u00e0ria (SRC) de Sant Feliu de Llobregat, i Antonio Serrano, un usuari dels Serveis de Rehabilitaci\u00f3 de l\u2019Hospital, que va prendre part a&hellip;<\/p>\n","category_list_v2":"<a href=\"https:\/\/fundaciohospitalariesmartorell.org\/entre-tots\/category\/actualitat\/\" rel=\"category tag\">ACTUALITAT<\/a>","author_info_v2":{"name":"Sagrat Cor","url":"https:\/\/fundaciohospitalariesmartorell.org\/entre-tots\/author\/daniel\/"},"comments_num_v2":"0 comments","_links":{"self":[{"href":"https:\/\/fundaciohospitalariesmartorell.org\/entre-tots\/wp-json\/wp\/v2\/posts\/6642","targetHints":{"allow":["GET"]}}],"collection":[{"href":"https:\/\/fundaciohospitalariesmartorell.org\/entre-tots\/wp-json\/wp\/v2\/posts"}],"about":[{"href":"https:\/\/fundaciohospitalariesmartorell.org\/entre-tots\/wp-json\/wp\/v2\/types\/post"}],"author":[{"embeddable":true,"href":"https:\/\/fundaciohospitalariesmartorell.org\/entre-tots\/wp-json\/wp\/v2\/users\/2"}],"replies":[{"embeddable":true,"href":"https:\/\/fundaciohospitalariesmartorell.org\/entre-tots\/wp-json\/wp\/v2\/comments?post=6642"}],"version-history":[{"count":2,"href":"https:\/\/fundaciohospitalariesmartorell.org\/entre-tots\/wp-json\/wp\/v2\/posts\/6642\/revisions"}],"predecessor-version":[{"id":6645,"href":"https:\/\/fundaciohospitalariesmartorell.org\/entre-tots\/wp-json\/wp\/v2\/posts\/6642\/revisions\/6645"}],"wp:featuredmedia":[{"embeddable":true,"href":"https:\/\/fundaciohospitalariesmartorell.org\/entre-tots\/wp-json\/wp\/v2\/media\/6644"}],"wp:attachment":[{"href":"https:\/\/fundaciohospitalariesmartorell.org\/entre-tots\/wp-json\/wp\/v2\/media?parent=6642"}],"wp:term":[{"taxonomy":"category","embeddable":true,"href":"https:\/\/fundaciohospitalariesmartorell.org\/entre-tots\/wp-json\/wp\/v2\/categories?post=6642"},{"taxonomy":"post_tag","embeddable":true,"href":"https:\/\/fundaciohospitalariesmartorell.org\/entre-tots\/wp-json\/wp\/v2\/tags?post=6642"}],"curies":[{"name":"wp","href":"https:\/\/api.w.org\/{rel}","templated":true}]}}