{"id":6646,"date":"2023-06-29T10:14:19","date_gmt":"2023-06-29T08:14:19","guid":{"rendered":"https:\/\/newweb.hospitalsagratcormartorell.org\/entre-tots\/?p=6646"},"modified":"2023-06-30T08:41:32","modified_gmt":"2023-06-30T06:41:32","slug":"el-doctor-manel-sanchez-participa-a-lacte-de-presentacio-dun-documental-sobre-lalzheimer","status":"publish","type":"post","link":"https:\/\/fundaciohospitalariesmartorell.org\/entre-tots\/2023\/06\/el-doctor-manel-sanchez-participa-a-lacte-de-presentacio-dun-documental-sobre-lalzheimer\/","title":{"rendered":"El doctor Manel S\u00e1nchez participa en l\u2019acte de presentaci\u00f3 d\u2019un documental sobre l\u2019Alzheimer"},"content":{"rendered":"<figure class=\"wp-block-post-featured-image\"><img loading=\"lazy\" decoding=\"async\" width=\"2966\" height=\"1948\" src=\"https:\/\/fundaciohospitalariesmartorell.org\/entre-tots\/wp-content\/uploads\/2023\/06\/Captura-de-pantalla-2023-06-29-a-les-10.18.03.jpg\" class=\"attachment-post-thumbnail size-post-thumbnail wp-post-image\" alt=\"\" style=\"object-fit:cover;\" \/><\/figure>\n\n\n<p>L\u2019associaci\u00f3 Recu\u00e9rdame va presentar el 7 de juny el documental <em>Recu\u00e9rdame, el principio de la desconexi\u00f3n<\/em>, que retrata la duresa que representa la malaltia d&#8217;Alzheimer per als pacients i per als seus familiars, principalment en les fases m\u00e9s agudes, quan els malalts ja no recorden res. Despr\u00e9s de l\u2019estrena del llargmetratge, en la qual van participar m\u00e9s de vuitanta persones, va tenir lloc una taula rodona amb especialistes, en la qual es va permetre con\u00e8ixer des de diferents perspectives l\u2019impacte que genera l\u2019Alzheimer en el pacient i en el seu entorn. El doctor Manel S\u00e1nchez, subdirector m\u00e8dic de l\u2019Hospital Sagrat Cor, va prendre-hi part.<\/p>\n\n\n\n<p>A m\u00e9s del Dr. S\u00e1nchez, que hi va aportar la visi\u00f3 de la malaltia des del camp de la psiquiatria, tamb\u00e9 se\u2019n va oferir un enfocament multidisciplinari, amb una neur\u00f2loga, una neuropsic\u00f2loga, una treballadora social i uns quants familiars. \u201cVa ser una taula molt din\u00e0mica i les meves intervencions es van orientar a reivindicar el paper dels cuidadors, exposats a per\u00edodes de molts anys de suport continu al seu familiar, amb el desgast psicol\u00f2gic i els sentiments de solitud que l\u2019acompanyen freq\u00fcentment\u201d, explica el subdirector m\u00e8dic de l\u2019Hospital.<\/p>\n\n\n\n<figure class=\"wp-block-image size-full\"><img loading=\"lazy\" decoding=\"async\" width=\"2984\" height=\"1984\" src=\"https:\/\/hospitalsagratcormartorell.org\/entre-tots\/wp-content\/uploads\/2023\/06\/Captura-de-pantalla-2023-06-29-a-les-10.17.24.jpg\" alt=\"\" class=\"wp-image-6651\"\/><\/figure>\n\n\n\n<p>El doctor Manel S\u00e1nchez tamb\u00e9 es va referir al repte de millorar la coordinaci\u00f3 entre professionals per tal d\u2019evitar la fragmentaci\u00f3 assistencial en el llarg recorregut que presenten aquests pacients. Aix\u00ed mateix, va remarcar la necessitat de formaci\u00f3 per con\u00e8ixer millor aquestes malalties, tant per part de la poblaci\u00f3 en general com dels professionals. \u201cD\u2019aquesta manera, tal com ha anat succeint amb els malalts de c\u00e0ncer, per exemple, esperem que puguin cr\u00e9ixer la sensibilitzaci\u00f3 i la visualitzaci\u00f3 d\u2019aquest grup de patologies\u201d.<\/p>\n","protected":false},"excerpt":{"rendered":"<p>L\u2019associaci\u00f3 Recu\u00e9rdame va presentar el 7 de juny el documental Recu\u00e9rdame, el principio de la desconexi\u00f3n, que retrata la duresa que representa la malaltia d&#8217;Alzheimer per als pacients i per als seus familiars, principalment en les fases m\u00e9s agudes, quan els malalts ja no recorden res. Despr\u00e9s de l\u2019estrena del llargmetratge, en la qual van [&hellip;]<\/p>\n","protected":false},"author":2,"featured_media":6649,"comment_status":"closed","ping_status":"closed","sticky":false,"template":"","format":"standard","meta":{"footnotes":""},"categories":[27],"tags":[],"class_list":["post-6646","post","type-post","status-publish","format-standard","has-post-thumbnail","hentry","category-actualitat"],"blocksy_meta":{"styles_descriptor":{"styles":{"desktop":"","tablet":"","mobile":""},"google_fonts":[],"version":6}},"featured_image_urls_v2":{"full":["https:\/\/fundaciohospitalariesmartorell.org\/entre-tots\/wp-content\/uploads\/2023\/06\/Captura-de-pantalla-2023-06-29-a-les-10.18.03.jpg",2966,1948,false],"thumbnail":["https:\/\/fundaciohospitalariesmartorell.org\/entre-tots\/wp-content\/uploads\/2023\/06\/Captura-de-pantalla-2023-06-29-a-les-10.18.03.jpg",150,99,false],"medium":["https:\/\/fundaciohospitalariesmartorell.org\/entre-tots\/wp-content\/uploads\/2023\/06\/Captura-de-pantalla-2023-06-29-a-les-10.18.03.jpg",300,197,false],"medium_large":["https:\/\/fundaciohospitalariesmartorell.org\/entre-tots\/wp-content\/uploads\/2023\/06\/Captura-de-pantalla-2023-06-29-a-les-10.18.03.jpg",768,504,false],"large":["https:\/\/fundaciohospitalariesmartorell.org\/entre-tots\/wp-content\/uploads\/2023\/06\/Captura-de-pantalla-2023-06-29-a-les-10.18.03.jpg",1024,673,false],"1536x1536":["https:\/\/fundaciohospitalariesmartorell.org\/entre-tots\/wp-content\/uploads\/2023\/06\/Captura-de-pantalla-2023-06-29-a-les-10.18.03.jpg",1536,1009,false],"2048x2048":["https:\/\/fundaciohospitalariesmartorell.org\/entre-tots\/wp-content\/uploads\/2023\/06\/Captura-de-pantalla-2023-06-29-a-les-10.18.03.jpg",2048,1345,false],"mailpoet_newsletter_max":["https:\/\/fundaciohospitalariesmartorell.org\/entre-tots\/wp-content\/uploads\/2023\/06\/Captura-de-pantalla-2023-06-29-a-les-10.18.03.jpg",1320,867,false]},"post_excerpt_stackable_v2":"<p>L\u2019associaci\u00f3 Recu\u00e9rdame va presentar el 7 de juny el documental Recu\u00e9rdame, el principio de la desconexi\u00f3n, que retrata la duresa que representa la malaltia d&#8217;Alzheimer per als pacients i per als seus familiars, principalment en les fases m\u00e9s agudes, quan els malalts ja no recorden res. Despr\u00e9s de l\u2019estrena del llargmetratge, en la qual van participar m\u00e9s de vuitanta persones, va tenir lloc una taula rodona amb especialistes, en la qual es va permetre con\u00e8ixer des de diferents perspectives l\u2019impacte que genera l\u2019Alzheimer en el pacient i en el seu entorn. El doctor Manel S\u00e1nchez, subdirector m\u00e8dic de l\u2019Hospital Sagrat&hellip;<\/p>\n","category_list_v2":"<a href=\"https:\/\/fundaciohospitalariesmartorell.org\/entre-tots\/category\/actualitat\/\" rel=\"category tag\">ACTUALITAT<\/a>","author_info_v2":{"name":"Sagrat Cor","url":"https:\/\/fundaciohospitalariesmartorell.org\/entre-tots\/author\/daniel\/"},"comments_num_v2":"0 comments","_links":{"self":[{"href":"https:\/\/fundaciohospitalariesmartorell.org\/entre-tots\/wp-json\/wp\/v2\/posts\/6646","targetHints":{"allow":["GET"]}}],"collection":[{"href":"https:\/\/fundaciohospitalariesmartorell.org\/entre-tots\/wp-json\/wp\/v2\/posts"}],"about":[{"href":"https:\/\/fundaciohospitalariesmartorell.org\/entre-tots\/wp-json\/wp\/v2\/types\/post"}],"author":[{"embeddable":true,"href":"https:\/\/fundaciohospitalariesmartorell.org\/entre-tots\/wp-json\/wp\/v2\/users\/2"}],"replies":[{"embeddable":true,"href":"https:\/\/fundaciohospitalariesmartorell.org\/entre-tots\/wp-json\/wp\/v2\/comments?post=6646"}],"version-history":[{"count":4,"href":"https:\/\/fundaciohospitalariesmartorell.org\/entre-tots\/wp-json\/wp\/v2\/posts\/6646\/revisions"}],"predecessor-version":[{"id":6856,"href":"https:\/\/fundaciohospitalariesmartorell.org\/entre-tots\/wp-json\/wp\/v2\/posts\/6646\/revisions\/6856"}],"wp:featuredmedia":[{"embeddable":true,"href":"https:\/\/fundaciohospitalariesmartorell.org\/entre-tots\/wp-json\/wp\/v2\/media\/6649"}],"wp:attachment":[{"href":"https:\/\/fundaciohospitalariesmartorell.org\/entre-tots\/wp-json\/wp\/v2\/media?parent=6646"}],"wp:term":[{"taxonomy":"category","embeddable":true,"href":"https:\/\/fundaciohospitalariesmartorell.org\/entre-tots\/wp-json\/wp\/v2\/categories?post=6646"},{"taxonomy":"post_tag","embeddable":true,"href":"https:\/\/fundaciohospitalariesmartorell.org\/entre-tots\/wp-json\/wp\/v2\/tags?post=6646"}],"curies":[{"name":"wp","href":"https:\/\/api.w.org\/{rel}","templated":true}]}}