{"id":6653,"date":"2023-06-29T10:20:13","date_gmt":"2023-06-29T08:20:13","guid":{"rendered":"https:\/\/newweb.hospitalsagratcormartorell.org\/entre-tots\/?p=6653"},"modified":"2023-06-30T08:29:26","modified_gmt":"2023-06-30T06:29:26","slug":"roger-ballesca-sencarrega-de-la-ponencia-principal-la-xv-jornada-comarcal-de-joventut-del-baix-llobregat","status":"publish","type":"post","link":"https:\/\/fundaciohospitalariesmartorell.org\/entre-tots\/2023\/06\/roger-ballesca-sencarrega-de-la-ponencia-principal-la-xv-jornada-comarcal-de-joventut-del-baix-llobregat\/","title":{"rendered":"Roger Ballesc\u00e0 s\u2019encarrega de la pon\u00e8ncia inaugural de la XV Jornada Comarcal de Joventut del Baix Llobregat"},"content":{"rendered":"<figure class=\"wp-block-post-featured-image\"><img loading=\"lazy\" decoding=\"async\" width=\"1024\" height=\"768\" src=\"https:\/\/fundaciohospitalariesmartorell.org\/entre-tots\/wp-content\/uploads\/2023\/06\/02-Ponent-Roger-Ballesca-6.jpeg\" class=\"attachment-post-thumbnail size-post-thumbnail wp-post-image\" alt=\"\" style=\"object-fit:cover;\" \/><\/figure>\n\n\n<p>El dia 8 de juny a Sant Vicen\u00e7 dels Horts, al Mol\u00ed dels Frares, es va celebrar la XV Jornada Comarcal de Joventut del Baix Llobregat, amb el lema \u2018Joves i salut mental\u2019, que es va centrar en com promou la comunitat el benestar de les persones joves. Roger Ballesc\u00e0, coordinador de l\u2019\u00c0rea de Salut Mental Infantil i Juvenil de l\u2019Hospital Sagrat Cor, es va encarregar de la pon\u00e8ncia inaugural de la jornada, i va ser el primer acte en el qual va actuar com a coordinador.<\/p>\n\n\n\n<p>En la seva intervenci\u00f3, Ballesc\u00e0 va comentar que l\u2019atenci\u00f3 a la salut mental no es pot fer nom\u00e9s des d&#8217;una atenci\u00f3 cl\u00ednica, sin\u00f3 tamb\u00e9, i sobretot, des d&#8217;una vessant comunit\u00e0ria, i va explicar els diferents condicionants socials que influeixen negativament en la salut mental d&#8217;infants i joves. \u201cBona part d&#8217;aquests condicionants s\u2019han d\u2019abordar amb programes comunitaris que redueixen les grans pressions a qu\u00e8 es veuen sotmesos els nostres joves, com la pressi\u00f3 social, l\u2019acad\u00e8mica, la laboral, l\u2019est\u00e8tica, entre d\u2019altres\u201d, va assenyalar el coordinador.<\/p>\n\n\n\n<p>Roger Ballesc\u00e0 tamb\u00e9 va explicar que cal incidir en la prevenci\u00f3 i en m\u00e9s iniciatives proactives que no pas en mesures reactives. \u201cDes de fa unes d\u00e8cades assistim a un despla\u00e7ament de l&#8217;abordatge del malestar cap a una comunitat professionalitzada\u201d. Tamb\u00e9 va incidir en el fet que, cada cop m\u00e9s, a les institucions sanit\u00e0ries, educatives i socials se&#8217;ls demana que atenguin m\u00e9s malestars o problem\u00e0tiques psicol\u00f2giques, que anteriorment es gestionaven en l&#8217;\u00e0mbit familiar extens o en la comunitat propera, i que ara es deleguen a les institucions.<\/p>\n\n\n\n<p>\u201cAlhora, i paradoxalment, hi ha un despla\u00e7ament dels diagn\u00f2stics cap al subjecte, \u00e9s a dir, en lloc de diagnosticar les problem\u00e0tiques socials que generen malestar i, eventualment, trastorns, el que fem es diagnosticar la persona\u201d, va profunditzar Ballesc\u00e0, i va insistir que cal, en canvi, retornar a la comunitat, les fam\u00edlies i l&#8217;individu la seva capacitat de gestionar el malestar i, alhora, diagnosticar i abordar els condicionants socials per atendre correctament la persona.<\/p>\n\n\n\n<p>Al seg\u00fcent enlla\u00e7 trobareu m\u00e9s informaci\u00f3: <a href=\"https:\/\/www.llobregatdigital.cat\/noticia\/84145\/mes-dun-centenar-dassistents-a-la-15a-edicio-de-la-jornada-comarcal-de-joventut-del-baix-l\">https:\/\/www.llobregatdigital.cat\/noticia\/84145\/mes-dun-centenar-dassistents-a-la-15a-edicio-de-la-jornada-comarcal-de-joventut-del-baix-l<\/a><\/p>\n\n\n\n<figure class=\"wp-block-image size-full\"><img loading=\"lazy\" decoding=\"async\" width=\"1024\" height=\"768\" src=\"https:\/\/hospitalsagratcormartorell.org\/entre-tots\/wp-content\/uploads\/2023\/06\/02-Ponent-Roger-Ballesca-1.jpeg\" alt=\"\" class=\"wp-image-6656\"\/><\/figure>\n","protected":false},"excerpt":{"rendered":"<p>El dia 8 de juny a Sant Vicen\u00e7 dels Horts, al Mol\u00ed dels Frares, es va celebrar la XV Jornada Comarcal de Joventut del Baix Llobregat, amb el lema \u2018Joves i salut mental\u2019, que es va centrar en com promou la comunitat el benestar de les persones joves. Roger Ballesc\u00e0, coordinador de l\u2019\u00c0rea de Salut [&hellip;]<\/p>\n","protected":false},"author":2,"featured_media":6655,"comment_status":"closed","ping_status":"closed","sticky":false,"template":"","format":"standard","meta":{"footnotes":""},"categories":[27],"tags":[],"class_list":["post-6653","post","type-post","status-publish","format-standard","has-post-thumbnail","hentry","category-actualitat"],"blocksy_meta":{"styles_descriptor":{"styles":{"desktop":"","tablet":"","mobile":""},"google_fonts":[],"version":6}},"featured_image_urls_v2":{"full":["https:\/\/fundaciohospitalariesmartorell.org\/entre-tots\/wp-content\/uploads\/2023\/06\/02-Ponent-Roger-Ballesca-6.jpeg",1024,768,false],"thumbnail":["https:\/\/fundaciohospitalariesmartorell.org\/entre-tots\/wp-content\/uploads\/2023\/06\/02-Ponent-Roger-Ballesca-6.jpeg",150,113,false],"medium":["https:\/\/fundaciohospitalariesmartorell.org\/entre-tots\/wp-content\/uploads\/2023\/06\/02-Ponent-Roger-Ballesca-6.jpeg",300,225,false],"medium_large":["https:\/\/fundaciohospitalariesmartorell.org\/entre-tots\/wp-content\/uploads\/2023\/06\/02-Ponent-Roger-Ballesca-6.jpeg",768,576,false],"large":["https:\/\/fundaciohospitalariesmartorell.org\/entre-tots\/wp-content\/uploads\/2023\/06\/02-Ponent-Roger-Ballesca-6.jpeg",1024,768,false],"1536x1536":["https:\/\/fundaciohospitalariesmartorell.org\/entre-tots\/wp-content\/uploads\/2023\/06\/02-Ponent-Roger-Ballesca-6.jpeg",1024,768,false],"2048x2048":["https:\/\/fundaciohospitalariesmartorell.org\/entre-tots\/wp-content\/uploads\/2023\/06\/02-Ponent-Roger-Ballesca-6.jpeg",1024,768,false],"mailpoet_newsletter_max":["https:\/\/fundaciohospitalariesmartorell.org\/entre-tots\/wp-content\/uploads\/2023\/06\/02-Ponent-Roger-Ballesca-6.jpeg",1024,768,false]},"post_excerpt_stackable_v2":"<p>El dia 8 de juny a Sant Vicen\u00e7 dels Horts, al Mol\u00ed dels Frares, es va celebrar la XV Jornada Comarcal de Joventut del Baix Llobregat, amb el lema \u2018Joves i salut mental\u2019, que es va centrar en com promou la comunitat el benestar de les persones joves. Roger Ballesc\u00e0, coordinador de l\u2019\u00c0rea de Salut Mental Infantil i Juvenil de l\u2019Hospital Sagrat Cor, es va encarregar de la pon\u00e8ncia inaugural de la jornada, i va ser el primer acte en el qual va actuar com a coordinador. En la seva intervenci\u00f3, Ballesc\u00e0 va comentar que l\u2019atenci\u00f3 a la salut mental&hellip;<\/p>\n","category_list_v2":"<a href=\"https:\/\/fundaciohospitalariesmartorell.org\/entre-tots\/category\/actualitat\/\" rel=\"category tag\">ACTUALITAT<\/a>","author_info_v2":{"name":"Sagrat Cor","url":"https:\/\/fundaciohospitalariesmartorell.org\/entre-tots\/author\/daniel\/"},"comments_num_v2":"0 comments","_links":{"self":[{"href":"https:\/\/fundaciohospitalariesmartorell.org\/entre-tots\/wp-json\/wp\/v2\/posts\/6653","targetHints":{"allow":["GET"]}}],"collection":[{"href":"https:\/\/fundaciohospitalariesmartorell.org\/entre-tots\/wp-json\/wp\/v2\/posts"}],"about":[{"href":"https:\/\/fundaciohospitalariesmartorell.org\/entre-tots\/wp-json\/wp\/v2\/types\/post"}],"author":[{"embeddable":true,"href":"https:\/\/fundaciohospitalariesmartorell.org\/entre-tots\/wp-json\/wp\/v2\/users\/2"}],"replies":[{"embeddable":true,"href":"https:\/\/fundaciohospitalariesmartorell.org\/entre-tots\/wp-json\/wp\/v2\/comments?post=6653"}],"version-history":[{"count":4,"href":"https:\/\/fundaciohospitalariesmartorell.org\/entre-tots\/wp-json\/wp\/v2\/posts\/6653\/revisions"}],"predecessor-version":[{"id":6854,"href":"https:\/\/fundaciohospitalariesmartorell.org\/entre-tots\/wp-json\/wp\/v2\/posts\/6653\/revisions\/6854"}],"wp:featuredmedia":[{"embeddable":true,"href":"https:\/\/fundaciohospitalariesmartorell.org\/entre-tots\/wp-json\/wp\/v2\/media\/6655"}],"wp:attachment":[{"href":"https:\/\/fundaciohospitalariesmartorell.org\/entre-tots\/wp-json\/wp\/v2\/media?parent=6653"}],"wp:term":[{"taxonomy":"category","embeddable":true,"href":"https:\/\/fundaciohospitalariesmartorell.org\/entre-tots\/wp-json\/wp\/v2\/categories?post=6653"},{"taxonomy":"post_tag","embeddable":true,"href":"https:\/\/fundaciohospitalariesmartorell.org\/entre-tots\/wp-json\/wp\/v2\/tags?post=6653"}],"curies":[{"name":"wp","href":"https:\/\/api.w.org\/{rel}","templated":true}]}}